{"id":14859,"date":"2016-11-18T14:18:52","date_gmt":"2016-11-18T13:18:52","guid":{"rendered":"http:\/\/www.conselharan.org\/es\/?p=14859"},"modified":"2016-11-18T14:18:52","modified_gmt":"2016-11-18T13:18:52","slug":"el-govern-de-aran-y-el-conseil-departamental-de-la-haute-garonne-firman-un-acuerdo-para-el-proyecto-de-la-pista-cyclable-transgarona","status":"publish","type":"post","link":"https:\/\/www.conselharan.org\/es\/el-govern-de-aran-y-el-conseil-departamental-de-la-haute-garonne-firman-un-acuerdo-para-el-proyecto-de-la-pista-cyclable-transgarona\/","title":{"rendered":"El Gov\u00e8rn de Aran y el Conseil d\u00e9partamental de la Haute- Garonne firman un acuerdo para el proyecto de la pista cyclable \u201cTransGarona\u201d"},"content":{"rendered":"<p><strong>\u2022 La pista \u201ccyclable\u201d conectar\u00e1 la Val d\u2019Aran con Francia (Toulouse), pasando por Comminges.<\/strong><\/p>\n<p>&nbsp;<\/p>\n<p><img loading=\"lazy\" decoding=\"async\" class=\"aligncenter size-large wp-image-14853\" src=\"http:\/\/www.conselharan.org\/wp-content\/uploads\/2016\/11\/transgarona-1024x678.jpg\" alt=\"transgarona\" width=\"1024\" height=\"678\" srcset=\"https:\/\/www.conselharan.org\/wp-content\/uploads\/2016\/11\/transgarona-1024x678.jpg 1024w, https:\/\/www.conselharan.org\/wp-content\/uploads\/2016\/11\/transgarona-300x199.jpg 300w, https:\/\/www.conselharan.org\/wp-content\/uploads\/2016\/11\/transgarona-768x509.jpg 768w\" sizes=\"(max-width: 1024px) 100vw, 1024px\" \/><\/p>\n<p>&nbsp;<\/p>\n<p>El conselh\u00e8r de Territorio de Aran, <strong>Jose A. Boya<\/strong> y el presidente del Conseil d\u00e9partamental de la Haute- Garonne, <strong>Georges M\u00e9ric<\/strong>, han firmado un acuerdo para el proyecto europeo com\u00fan de la pista cyclable \u201cTransGarona\u201d.<\/p>\n<p>&nbsp;<\/p>\n<p><img loading=\"lazy\" decoding=\"async\" class=\"aligncenter size-large wp-image-14854\" src=\"http:\/\/www.conselharan.org\/wp-content\/uploads\/2016\/11\/mapa-1-transgarona-1024x754.jpg\" alt=\"mapa 1 transgarona\" width=\"1024\" height=\"754\" srcset=\"https:\/\/www.conselharan.org\/wp-content\/uploads\/2016\/11\/mapa-1-transgarona-1024x754.jpg 1024w, https:\/\/www.conselharan.org\/wp-content\/uploads\/2016\/11\/mapa-1-transgarona-300x221.jpg 300w, https:\/\/www.conselharan.org\/wp-content\/uploads\/2016\/11\/mapa-1-transgarona-768x565.jpg 768w\" sizes=\"(max-width: 1024px) 100vw, 1024px\" \/><\/p>\n<p>&nbsp;<\/p>\n<p>El financiamiento del proyecto ser\u00e1 com\u00fan dentro del Programa Operacional de Cooperaci\u00f3n Territorial Espa\u00f1a Francia Andorra 2014- 2020 (INTERREG-POCTEFA), para la realizaci\u00f3n de <strong>28 Km que conectan los dos territorios (Val d\u2019Aran y Fronsac), obteniendo continuidad al circuito cyclable hasta Toulouse.<\/strong><\/p>\n<p>&nbsp;<\/p>\n<p><img loading=\"lazy\" decoding=\"async\" class=\"aligncenter size-large wp-image-14855\" src=\"http:\/\/www.conselharan.org\/wp-content\/uploads\/2016\/11\/mapa-transgarona-1024x963.jpg\" alt=\"mapa transgarona\" width=\"1024\" height=\"963\" srcset=\"https:\/\/www.conselharan.org\/wp-content\/uploads\/2016\/11\/mapa-transgarona-1024x963.jpg 1024w, https:\/\/www.conselharan.org\/wp-content\/uploads\/2016\/11\/mapa-transgarona-300x282.jpg 300w, https:\/\/www.conselharan.org\/wp-content\/uploads\/2016\/11\/mapa-transgarona-768x722.jpg 768w, https:\/\/www.conselharan.org\/wp-content\/uploads\/2016\/11\/mapa-transgarona.jpg 1883w\" sizes=\"(max-width: 1024px) 100vw, 1024px\" \/><\/p>\n<p>&nbsp;<\/p>\n<p>El coste estimado de este itinerario es de 3,5 millones de euros, repartidos de la siguiente manera: 1 mill\u00f3n de euros (subvencionado el 65%) para la parte espa\u00f1ola (conexi\u00f3n entre Val d\u2019Aran y frontera) y 2,5 millones de euros para la parte haut-garonnoise (conexi\u00f3n entre Fos y Fronsac).<\/p>\n<p>La ayuda europea ascender\u00e1 a un 65% de los 3,5 millones de euros.<\/p>\n<p>El plan provisional actual prev\u00e9 la finalizaci\u00f3n de los trabajos para el a\u00f1o 2021.<\/p>\n<p>En palabras del conselh\u00e8r de Territorio de Aran, <strong>Jose A. Boya: \u201cLo que buscamos des del Gov\u00e8rn de Aran es una ruta ciclista natural por el r\u00edo Garona f\u00e1cil y familiar. Adem\u00e1s, tenemos contactos para prolongar la pista cyclable hasta Catalu\u00f1a a largo plazo.\u201d<\/strong><\/p>\n<p>&nbsp;<\/p>\n<p>&nbsp;<\/p>\n<p>&nbsp;<\/p>\n<p>Vielha, 18 de noviembre de 2016<\/p>\n<p>&nbsp;<\/p>\n<p><em>Conselh Generau d&#8217;Aran: N\u00faria Sanjuan<\/em><\/p>\n ","protected":false},"excerpt":{"rendered":"<p>\u2022 La pista \u201ccyclable\u201d conectar\u00e1 la Val d\u2019Aran con Francia (Toulouse), pasando por Comminges. &nbsp; &nbsp; El conselh\u00e8r de Territorio de Aran, Jose A. Boya y el presidente del Conseil d\u00e9partamental de la Haute- Garonne, Georges M\u00e9ric, han firmado un acuerdo para el proyecto europeo com\u00fan de la pista cyclable \u201cTransGarona\u201d. &nbsp; &nbsp; El financiamiento&#8230;<\/p>\n","protected":false},"author":2,"featured_media":14853,"comment_status":"closed","ping_status":"closed","sticky":false,"template":"","format":"standard","meta":{"footnotes":""},"categories":[52],"tags":[],"_links":{"self":[{"href":"https:\/\/www.conselharan.org\/es\/wp-json\/wp\/v2\/posts\/14859"}],"collection":[{"href":"https:\/\/www.conselharan.org\/es\/wp-json\/wp\/v2\/posts"}],"about":[{"href":"https:\/\/www.conselharan.org\/es\/wp-json\/wp\/v2\/types\/post"}],"author":[{"embeddable":true,"href":"https:\/\/www.conselharan.org\/es\/wp-json\/wp\/v2\/users\/2"}],"replies":[{"embeddable":true,"href":"https:\/\/www.conselharan.org\/es\/wp-json\/wp\/v2\/comments?post=14859"}],"version-history":[{"count":1,"href":"https:\/\/www.conselharan.org\/es\/wp-json\/wp\/v2\/posts\/14859\/revisions"}],"predecessor-version":[{"id":14860,"href":"https:\/\/www.conselharan.org\/es\/wp-json\/wp\/v2\/posts\/14859\/revisions\/14860"}],"wp:featuredmedia":[{"embeddable":true,"href":"https:\/\/www.conselharan.org\/es\/wp-json\/wp\/v2\/media\/14853"}],"wp:attachment":[{"href":"https:\/\/www.conselharan.org\/es\/wp-json\/wp\/v2\/media?parent=14859"}],"wp:term":[{"taxonomy":"category","embeddable":true,"href":"https:\/\/www.conselharan.org\/es\/wp-json\/wp\/v2\/categories?post=14859"},{"taxonomy":"post_tag","embeddable":true,"href":"https:\/\/www.conselharan.org\/es\/wp-json\/wp\/v2\/tags?post=14859"}],"curies":[{"name":"wp","href":"https:\/\/api.w.org\/{rel}","templated":true}]}}