{"id":14878,"date":"2016-11-19T08:00:08","date_gmt":"2016-11-19T07:00:08","guid":{"rendered":"http:\/\/www.conselharan.org\/es\/?p=14878"},"modified":"2016-11-19T08:00:25","modified_gmt":"2016-11-19T07:00:25","slug":"leader-vida-silvestre-sessio-de-participacio","status":"publish","type":"post","link":"https:\/\/www.conselharan.org\/es\/leader-vida-silvestre-sessio-de-participacio\/","title":{"rendered":"\u00abLEADER VIDA SILVESTRE\u00bb sessi\u00f3 de participaci\u00f3"},"content":{"rendered":"<p><img loading=\"lazy\" decoding=\"async\" class=\"aligncenter size-large wp-image-14873\" src=\"http:\/\/www.conselharan.org\/wp-content\/uploads\/2016\/11\/Cartell-de-difusi\u00f3-Jornada-a-Vielha-1024x684.jpg\" alt=\"Cartell de difusi\u00f3 Jornada a Vielha\" width=\"1024\" height=\"684\" srcset=\"https:\/\/www.conselharan.org\/wp-content\/uploads\/2016\/11\/Cartell-de-difusi\u00f3-Jornada-a-Vielha-1024x684.jpg 1024w, https:\/\/www.conselharan.org\/wp-content\/uploads\/2016\/11\/Cartell-de-difusi\u00f3-Jornada-a-Vielha-300x200.jpg 300w, https:\/\/www.conselharan.org\/wp-content\/uploads\/2016\/11\/Cartell-de-difusi\u00f3-Jornada-a-Vielha-768x513.jpg 768w, https:\/\/www.conselharan.org\/wp-content\/uploads\/2016\/11\/Cartell-de-difusi\u00f3-Jornada-a-Vielha.jpg 1200w\" sizes=\"(max-width: 1024px) 100vw, 1024px\" \/><\/p>\n<p>&nbsp;<\/p>\n<p>&nbsp;<\/p>\n<p>Des del Consorci Leader Pirineu Occidental, es col\u2022labora amb el projecte <strong>LEADER Vida Silvestre<\/strong>, que t\u00e9 com a objectiu determinar l&#8217;estat del turisme de fauna i, per extensi\u00f3, el de natura a Catalunya, per acabar definint un llistat d&#8217;accions prioritzades d&#8217;acord amb el sector.<\/p>\n<p>En aquests moments hi ha realitzada una prediagnosi que ha de ser enriquida pels agents del sector tur\u00edstic a partir d&#8217;un proc\u00e9s participatiu. Per poder dur a terme aquest proc\u00e9s ,us convidem el<strong> dia 22 de novembre a les 17 hores al Conselh Generau d\u2019Aran, passeg dera Libertat, 16, de Vielha<\/strong>.<\/p>\n<p>La sessi\u00f3 tindr\u00e0 dues parts: una primera en qu\u00e8 els t\u00e8cnics que han elaborat la prediagnosi l&#8217;exposaran i una segona part en qu\u00e8 es far\u00e0 una din\u00e0mica de participaci\u00f3 perqu\u00e8 els assistents l&#8217;enriqueixin a partir de les seves aportacions en base a les diferents experi\u00e8ncies.<\/p>\n<p>Podeu confirmar la vostra assist\u00e8ncia a: <a href=\"mailto:tallers@gea365.cat\" target=\"_blank\">tallers@gea365.cat <\/a>o al tel\u00e8fon: 679320292 ( Roger)<\/p>\n<p>M\u00e9s informaci\u00f3:\u00a0<a href=\"http:\/\/www.conselharan.org\/wp-content\/uploads\/2016\/11\/gui\u00f3-taller-projecte-vida-silvestre.pdf\">gui\u00f3 taller projecte vida silvestre<\/a><\/p>\n<p>&nbsp;<\/p>\n<p>&nbsp;<\/p>\n<p>&nbsp;<\/p>\n<p>&nbsp;<\/p>\n<p>Vielha, 19 de novembre de 2016<\/p>\n<p>&nbsp;<\/p>\n<p><em>Conselh Generau d&#8217;Aran: N\u00faria Sanjuan\u00a0<\/em><\/p>\n<p>&nbsp;<\/p>\n ","protected":false},"excerpt":{"rendered":"<p>&nbsp; &nbsp; Des del Consorci Leader Pirineu Occidental, es col\u2022labora amb el projecte LEADER Vida Silvestre, que t\u00e9 com a objectiu determinar l&#8217;estat del turisme de fauna i, per extensi\u00f3, el de natura a Catalunya, per acabar definint un llistat d&#8217;accions prioritzades d&#8217;acord amb el sector. En aquests moments hi ha realitzada una prediagnosi que&#8230;<\/p>\n","protected":false},"author":2,"featured_media":14873,"comment_status":"closed","ping_status":"closed","sticky":false,"template":"","format":"standard","meta":{"footnotes":""},"categories":[34],"tags":[],"_links":{"self":[{"href":"https:\/\/www.conselharan.org\/es\/wp-json\/wp\/v2\/posts\/14878"}],"collection":[{"href":"https:\/\/www.conselharan.org\/es\/wp-json\/wp\/v2\/posts"}],"about":[{"href":"https:\/\/www.conselharan.org\/es\/wp-json\/wp\/v2\/types\/post"}],"author":[{"embeddable":true,"href":"https:\/\/www.conselharan.org\/es\/wp-json\/wp\/v2\/users\/2"}],"replies":[{"embeddable":true,"href":"https:\/\/www.conselharan.org\/es\/wp-json\/wp\/v2\/comments?post=14878"}],"version-history":[{"count":1,"href":"https:\/\/www.conselharan.org\/es\/wp-json\/wp\/v2\/posts\/14878\/revisions"}],"predecessor-version":[{"id":14879,"href":"https:\/\/www.conselharan.org\/es\/wp-json\/wp\/v2\/posts\/14878\/revisions\/14879"}],"wp:featuredmedia":[{"embeddable":true,"href":"https:\/\/www.conselharan.org\/es\/wp-json\/wp\/v2\/media\/14873"}],"wp:attachment":[{"href":"https:\/\/www.conselharan.org\/es\/wp-json\/wp\/v2\/media?parent=14878"}],"wp:term":[{"taxonomy":"category","embeddable":true,"href":"https:\/\/www.conselharan.org\/es\/wp-json\/wp\/v2\/categories?post=14878"},{"taxonomy":"post_tag","embeddable":true,"href":"https:\/\/www.conselharan.org\/es\/wp-json\/wp\/v2\/tags?post=14878"}],"curies":[{"name":"wp","href":"https:\/\/api.w.org\/{rel}","templated":true}]}}