{"id":14896,"date":"2016-11-22T15:13:55","date_gmt":"2016-11-22T14:13:55","guid":{"rendered":"http:\/\/www.conselharan.org\/es\/?p=14896"},"modified":"2016-11-24T09:27:51","modified_gmt":"2016-11-24T08:27:51","slug":"resultados-del-ix-concurso-morfologico-nacional-del-caballo-de-raza-cavall-pirinenc-catala","status":"publish","type":"post","link":"https:\/\/www.conselharan.org\/es\/resultados-del-ix-concurso-morfologico-nacional-del-caballo-de-raza-cavall-pirinenc-catala\/","title":{"rendered":"Resultados del IX Concurso Morfol\u00f3gico Nacional del caballo de raza \u201cCavall Pirinenc Catal\u00e0\u201d"},"content":{"rendered":"<p>\u2022<strong> En esta edici\u00f3n participaron 59 ganaderos con 95 caballos.<\/strong><\/p>\n<p><strong>\u2022 Los araneses, Carlos Sol\u00e9 Socasau, Oscar Nart Moga y Albert Boya Abadia, obtuvieron el 3\u00e8 lugar de las categor\u00edas SOBERANYA y TER\u00c7ONA, TER\u00c7\u00d3 y PARELLA respectivamente.<\/strong><\/p>\n<p>&nbsp;<\/p>\n<p><img loading=\"lazy\" decoding=\"async\" class=\"aligncenter size-large wp-image-14891\" src=\"http:\/\/www.conselharan.org\/wp-content\/uploads\/2016\/11\/cavall-pirinenc-catala-boss\u00f2st-1024x768.jpg\" alt=\"cavall pirinenc catala-boss\u00f2st\" width=\"1024\" height=\"768\" srcset=\"https:\/\/www.conselharan.org\/wp-content\/uploads\/2016\/11\/cavall-pirinenc-catala-boss\u00f2st-1024x768.jpg 1024w, https:\/\/www.conselharan.org\/wp-content\/uploads\/2016\/11\/cavall-pirinenc-catala-boss\u00f2st-300x225.jpg 300w, https:\/\/www.conselharan.org\/wp-content\/uploads\/2016\/11\/cavall-pirinenc-catala-boss\u00f2st-768x576.jpg 768w, https:\/\/www.conselharan.org\/wp-content\/uploads\/2016\/11\/cavall-pirinenc-catala-boss\u00f2st.jpg 1600w\" sizes=\"(max-width: 1024px) 100vw, 1024px\" \/><\/p>\n<p>&nbsp;<\/p>\n<p>El pasado s\u00e1bado, 19 de noviembre, Boss\u00f2st acogi\u00f3 el IX Concurso Morfol\u00f3gico Nacional del caballo de raza \u201cCavall Pirinenc Catal\u00e0\u201d. En el concurso participaron un total 59 caballos ganadores de varios concursos del Pirineo.<\/p>\n<p>Los araneses, <strong>Carlos Sol\u00e9 Socasau, Oscar Nart Moga <\/strong>y<strong> Albert Boya Abadia<\/strong>, obtuvieron el 3r lugar de las categor\u00edas SOBERANYA y TER\u00c7ONA, TER\u00c7\u00d3 y PARELLA respectivamente.<\/p>\n<p>&nbsp;<\/p>\n<p>Resultados de esta edici\u00f3n:<\/p>\n<p><em><strong>CATEGORIA: SOBRANYA (hembras 2015)<\/strong><\/em><\/p>\n<p>1- ESPURNA de Jordi Sole Hernandez (Ripoll\u00e8s)<br \/>\n2- MERI 15 de Mas la Illa SCC (Ripoll\u00e8s)<br \/>\n<em>3- LLEONA de Carlos Sol\u00e9 Socasau (Val d\u2019Aran)<\/em><\/p>\n<p>&nbsp;<\/p>\n<p><em><strong>CATEGORIA: SOBRANY (machos 2015)<\/strong><\/em><\/p>\n<p>1- PILGREEN de Maria Serra Soler (Pallars Sobir\u00e0)<br \/>\n2- FOC de Pilar Domech Puyol (Alta Ribagor\u00e7a)<br \/>\n3- LLAMP de Expl. Ramaderes Bonicoi (Pallars Sobir\u00e0)<\/p>\n<p>&nbsp;<\/p>\n<p><em><strong>CATEGORIA: TER\u00c7ONA (hembras 2014)<\/strong><\/em><\/p>\n<p>1- SARA de Cal l\u2019Aleix (Cerdanya)<br \/>\n2- ESTEL de Jordi Sole Hernandez (Ripoll\u00e8s)<br \/>\n<em>3- CORAL de Carlos Sol\u00e9 Socasau (Val d\u2019Aran)<\/em><\/p>\n<p>&nbsp;<\/p>\n<p><em><strong>CATEGORIA: TER\u00c7ON (machos 2014)<\/strong><\/em><\/p>\n<p>1- SOLC de J.Cot Ruaix i M.Dolors Puig Gili (Cerdanya)<br \/>\n2- NOUENE de Jordi Ravetllat Armengol (Cerdanya)<br \/>\n<em>3- JAIMITO de Oscar Nart Moga (Val d\u2019Aran)<\/em><\/p>\n<p>&nbsp;<\/p>\n<p><em><strong>CATEGORIA: PARELLA (YEGUA y POTRO)<\/strong><\/em><\/p>\n<p>1- GUITA-SATANAS de S. i E. Aymerich Carrera (Cerdanya)<br \/>\n2- UMAGINE-GALAN de Pere Tor Betriu (Cerdanya)<br \/>\n<em>3- NERETA II-GALANA ARAN d\u2019Albert Boya Abadia (Val d\u2019Aran)<\/em><\/p>\n<p>&nbsp;<\/p>\n<p><em><strong>CATEGORIA: SEMENTAL<\/strong><\/em><\/p>\n<p>1- MARC de Maria Serra Soler (Pallars Sobir\u00e0)<br \/>\n2- MANSO I de Santa Maria de Tall\u00f3 (Cerdanya)<br \/>\n3- SAM de Casa Pey, SCP (Pallars Sobir\u00e0)<\/p>\n<p>&nbsp;<\/p>\n<p>El concurso cont\u00f3 con la presencia del conselh\u00e8r de Agricultura, Ganader\u00eda y Medio Natural de Aran,<strong> Jose Enrique Arr\u00f3<\/strong>, y del conselh\u00e8r de Territorio de Aran, <strong>Jose A. Boya<\/strong>.<\/p>\n<p>La <strong>Asociaci\u00f3n de criadores del caballo de raza \u201cCavall Pirinenc Catal\u00e0\u201d de la Val d\u2019Aran<\/strong> colaboraron en la organizaci\u00f3n del concurso.<\/p>\n<p>&nbsp;<\/p>\n<p>&nbsp;<\/p>\n<p>&nbsp;<\/p>\n<p>Vielha, 22 de noviembre de 2016<\/p>\n<p>&nbsp;<\/p>\n<p><em>Conselh Generau d&#8217;Aran: N\u00faria Sanjuan<\/em><\/p>\n<p><em>Foto: Federaci\u00f3 Cavall Pirinenc Catal\u00e0<\/em><\/p>\n ","protected":false},"excerpt":{"rendered":"<p>\u2022 En esta edici\u00f3n participaron 59 ganaderos con 95 caballos. \u2022 Los araneses, Carlos Sol\u00e9 Socasau, Oscar Nart Moga y Albert Boya Abadia, obtuvieron el 3\u00e8 lugar de las categor\u00edas SOBERANYA y TER\u00c7ONA, TER\u00c7\u00d3 y PARELLA respectivamente. &nbsp; &nbsp; El pasado s\u00e1bado, 19 de noviembre, Boss\u00f2st acogi\u00f3 el IX Concurso Morfol\u00f3gico Nacional del caballo de&#8230;<\/p>\n","protected":false},"author":2,"featured_media":14891,"comment_status":"closed","ping_status":"closed","sticky":false,"template":"","format":"standard","meta":{"footnotes":""},"categories":[34],"tags":[],"_links":{"self":[{"href":"https:\/\/www.conselharan.org\/es\/wp-json\/wp\/v2\/posts\/14896"}],"collection":[{"href":"https:\/\/www.conselharan.org\/es\/wp-json\/wp\/v2\/posts"}],"about":[{"href":"https:\/\/www.conselharan.org\/es\/wp-json\/wp\/v2\/types\/post"}],"author":[{"embeddable":true,"href":"https:\/\/www.conselharan.org\/es\/wp-json\/wp\/v2\/users\/2"}],"replies":[{"embeddable":true,"href":"https:\/\/www.conselharan.org\/es\/wp-json\/wp\/v2\/comments?post=14896"}],"version-history":[{"count":2,"href":"https:\/\/www.conselharan.org\/es\/wp-json\/wp\/v2\/posts\/14896\/revisions"}],"predecessor-version":[{"id":14932,"href":"https:\/\/www.conselharan.org\/es\/wp-json\/wp\/v2\/posts\/14896\/revisions\/14932"}],"wp:featuredmedia":[{"embeddable":true,"href":"https:\/\/www.conselharan.org\/es\/wp-json\/wp\/v2\/media\/14891"}],"wp:attachment":[{"href":"https:\/\/www.conselharan.org\/es\/wp-json\/wp\/v2\/media?parent=14896"}],"wp:term":[{"taxonomy":"category","embeddable":true,"href":"https:\/\/www.conselharan.org\/es\/wp-json\/wp\/v2\/categories?post=14896"},{"taxonomy":"post_tag","embeddable":true,"href":"https:\/\/www.conselharan.org\/es\/wp-json\/wp\/v2\/tags?post=14896"}],"curies":[{"name":"wp","href":"https:\/\/api.w.org\/{rel}","templated":true}]}}