{"id":14938,"date":"2016-11-24T12:09:04","date_gmt":"2016-11-24T11:09:04","guid":{"rendered":"http:\/\/www.conselharan.org\/es\/?p=14938"},"modified":"2016-11-24T12:09:14","modified_gmt":"2016-11-24T11:09:14","slug":"presentan-en-la-val-daran-las-ayudas-del-programa-leader-2","status":"publish","type":"post","link":"https:\/\/www.conselharan.org\/es\/presentan-en-la-val-daran-las-ayudas-del-programa-leader-2\/","title":{"rendered":"Presentan en la Val d\u2019Aran las ayudas del programa \u201cLeader\u201d"},"content":{"rendered":"<p><strong>El plazo de presentaci\u00f3n de las ayudas finalizar\u00e1 el 16 de enero.<\/strong><\/p>\n<p><strong>Las personas interesadas pueden informarse sobre las ayudas en la sede del Conselh Generau d\u2019Aran pidiendo hora con Judit Jaquet en: <a href=\"mailto:j.jaquet@aran.org\" target=\"_blank\">j.jaquet@aran.org<\/a> o en tel. 973 64 18 01.<\/strong><\/p>\n<p>&nbsp;<\/p>\n<p><img loading=\"lazy\" decoding=\"async\" class=\"aligncenter size-large wp-image-14934\" src=\"http:\/\/www.conselharan.org\/wp-content\/uploads\/2016\/11\/DSC_0002-1024x890.jpg\" alt=\"DSC_0002\" width=\"1024\" height=\"890\" srcset=\"https:\/\/www.conselharan.org\/wp-content\/uploads\/2016\/11\/DSC_0002-1024x890.jpg 1024w, https:\/\/www.conselharan.org\/wp-content\/uploads\/2016\/11\/DSC_0002-300x261.jpg 300w, https:\/\/www.conselharan.org\/wp-content\/uploads\/2016\/11\/DSC_0002-768x667.jpg 768w\" sizes=\"(max-width: 1024px) 100vw, 1024px\" \/><\/p>\n<p>&nbsp;<\/p>\n<p>El Conselh Generau d\u2019Aran ha presentado a las microempresas, peque\u00f1as y medianas empresas de la Val d\u2019Aran las nuevas ayudas europeas LEADER 2016, que podr\u00e1n beneficiarse todos los particulares de la Val d\u2019Aran interesados en impulsar un proyecto empresarial generador de actividad econ\u00f3mica, as\u00ed como los ayuntamientos de la Val d\u2019Aran.<\/p>\n<p>En 2015 el Gov\u00e8rn de Aran consigui\u00f3 materializar este hecho reivindicado por la Val d\u2019Aran, que debe suponer un impulso importante en el desarrollo econ\u00f3mico del territorio.<\/p>\n<p>El <strong>Departamento de Agricultura, Ganader\u00eda, Pesca y Alimentaci\u00f3n (DARP)<\/strong> de la Generalitat de Catalu\u00f1a, ha seleccionado 11 Grupos de Acci\u00f3n Local (GAL) Leader, para aplicar el desarrollo local participativo Leader en el marco del Programa de Desarrollo Rural (PDR) de Catalu\u00f1a 2014-2020.<\/p>\n<p>Uno de los objetivos principales del GAL es la dinamizaci\u00f3n territorial y la divulgaci\u00f3n de sus proyectos m\u00e1s estrat\u00e9gicos y buenas pr\u00e1cticas, junto con la gesti\u00f3n de las ayudas, que convoca anualmente el DARP para fomentar la realizaci\u00f3n de inversiones que generen actividad econ\u00f3mica en las zonas rurales y fomentan la creaci\u00f3n y\/o mantenimiento de puestos de trabajo, principalmente de mujeres y de j\u00f3venes, en acciones de mejora de los <strong>procesos de transformaci\u00f3n y comercializaci\u00f3n de los productos agrarios, creaci\u00f3n y desarrollo de microempresas, fomento de actividades tur\u00edsticas, y conservaci\u00f3n y mejora del patrimonio rural<\/strong>.<\/p>\n<p>En palabras de la conselh\u00e8ra de Turismo y Desarrollo Econ\u00f3mico de Aran,<strong> Anna D\u00edaz, \u201cLas ayudas Leader pretenden fomentar la realizaci\u00f3n de inversiones que generen actividad econ\u00f3mica con acciones dirigidas para fomentar la reactivaci\u00f3n econ\u00f3mica y la creaci\u00f3n de ocupaci\u00f3n\u201d.<\/strong><\/p>\n<p>&nbsp;<\/p>\n<p><em><strong>Convocatoria Leader enero 2016<\/strong><\/em><\/p>\n<p>Se presentaron al Consorcio Leader Pirineo Occidental un total de 84, de las cuales fueron elegibles a valorar 66.<\/p>\n<p>En la Val d\u2019Aran de un total de 25 expedientes elegibles, obtuvieron ayuda 8 solicitudes, por un importe de 207.070,02\u20ac. El resto quedaron excluidos por falta de disponibilidad presupuestaria.<\/p>\n<p>&nbsp;<\/p>\n<p>Las personas interesadas pueden informarse sobre las ayudas en la sede del Conselh Generau d\u2019Aran pidiendo hora con Judit Jaquet en:<a href=\"mailto:j.jaquet@aran.org\" target=\"_blank\"> j.jaquet@aran.org <\/a>o en tel. 973 64 18 01.<\/p>\n<p>&nbsp;<\/p>\n<p>&nbsp;<\/p>\n<p>&nbsp;<\/p>\n<p>Vielha, 24 de noviembre de 2016<\/p>\n<p>&nbsp;<\/p>\n<p><em>Conselh Generau d&#8217;Aran: N\u00faria Sanjuan<\/em><\/p>\n ","protected":false},"excerpt":{"rendered":"<p>El plazo de presentaci\u00f3n de las ayudas finalizar\u00e1 el 16 de enero. Las personas interesadas pueden informarse sobre las ayudas en la sede del Conselh Generau d\u2019Aran pidiendo hora con Judit Jaquet en: j.jaquet@aran.org o en tel. 973 64 18 01. &nbsp; &nbsp; El Conselh Generau d\u2019Aran ha presentado a las microempresas, peque\u00f1as y medianas&#8230;<\/p>\n","protected":false},"author":2,"featured_media":14934,"comment_status":"closed","ping_status":"closed","sticky":false,"template":"","format":"standard","meta":{"footnotes":""},"categories":[30,52,126,37],"tags":[],"_links":{"self":[{"href":"https:\/\/www.conselharan.org\/es\/wp-json\/wp\/v2\/posts\/14938"}],"collection":[{"href":"https:\/\/www.conselharan.org\/es\/wp-json\/wp\/v2\/posts"}],"about":[{"href":"https:\/\/www.conselharan.org\/es\/wp-json\/wp\/v2\/types\/post"}],"author":[{"embeddable":true,"href":"https:\/\/www.conselharan.org\/es\/wp-json\/wp\/v2\/users\/2"}],"replies":[{"embeddable":true,"href":"https:\/\/www.conselharan.org\/es\/wp-json\/wp\/v2\/comments?post=14938"}],"version-history":[{"count":1,"href":"https:\/\/www.conselharan.org\/es\/wp-json\/wp\/v2\/posts\/14938\/revisions"}],"predecessor-version":[{"id":14939,"href":"https:\/\/www.conselharan.org\/es\/wp-json\/wp\/v2\/posts\/14938\/revisions\/14939"}],"wp:featuredmedia":[{"embeddable":true,"href":"https:\/\/www.conselharan.org\/es\/wp-json\/wp\/v2\/media\/14934"}],"wp:attachment":[{"href":"https:\/\/www.conselharan.org\/es\/wp-json\/wp\/v2\/media?parent=14938"}],"wp:term":[{"taxonomy":"category","embeddable":true,"href":"https:\/\/www.conselharan.org\/es\/wp-json\/wp\/v2\/categories?post=14938"},{"taxonomy":"post_tag","embeddable":true,"href":"https:\/\/www.conselharan.org\/es\/wp-json\/wp\/v2\/tags?post=14938"}],"curies":[{"name":"wp","href":"https:\/\/api.w.org\/{rel}","templated":true}]}}