{"id":15063,"date":"2016-12-02T13:28:44","date_gmt":"2016-12-02T12:28:44","guid":{"rendered":"http:\/\/www.conselharan.org\/es\/?p=15063"},"modified":"2016-12-02T13:30:00","modified_gmt":"2016-12-02T12:30:00","slug":"exito-de-publico-en-la-primera-jornada-de-inicio-de-temporada-del-centro-de-aludes-de-aran","status":"publish","type":"post","link":"https:\/\/www.conselharan.org\/es\/exito-de-publico-en-la-primera-jornada-de-inicio-de-temporada-del-centro-de-aludes-de-aran\/","title":{"rendered":"\u00c9xito de p\u00fablico en la primera Jornada de inicio de temporada del Centro de Aludes de Aran"},"content":{"rendered":"<p><img loading=\"lazy\" decoding=\"async\" class=\"aligncenter size-large wp-image-15054\" src=\"http:\/\/www.conselharan.org\/wp-content\/uploads\/2016\/12\/Jornada2-1024x768.jpg\" alt=\"Jornada2\" width=\"1024\" height=\"768\" srcset=\"https:\/\/www.conselharan.org\/wp-content\/uploads\/2016\/12\/Jornada2.jpg 1024w, https:\/\/www.conselharan.org\/wp-content\/uploads\/2016\/12\/Jornada2-300x225.jpg 300w, https:\/\/www.conselharan.org\/wp-content\/uploads\/2016\/12\/Jornada2-768x576.jpg 768w\" sizes=\"(max-width: 1024px) 100vw, 1024px\" \/><\/p>\n<p>&nbsp;<\/p>\n<p>El mi\u00e9rcoles, 30 de noviembre, los t\u00e9cnicos del Centro de Aludes del Conselh Generau d\u2019Aran organizaron una Jornada informativa de inicio de temporada en la Audiovisual de Vielha donde asistieron unas setenta personas. Gu\u00edas de alta monta\u00f1a, pisteros\/socorristas y entusiastas de la monta\u00f1a se dieron cita en este acto que se prev\u00e9 celebrar de manera anual. El acto cont\u00f3 con la presencia del vicesindic de Aran, <strong>Luis Carlos Medina<\/strong>.<\/p>\n<p>&nbsp;<\/p>\n<p><img loading=\"lazy\" decoding=\"async\" class=\"aligncenter size-large wp-image-15055\" src=\"http:\/\/www.conselharan.org\/wp-content\/uploads\/2016\/12\/Jornada5-1024x768.jpg\" alt=\"Jornada5\" width=\"1024\" height=\"768\" srcset=\"https:\/\/www.conselharan.org\/wp-content\/uploads\/2016\/12\/Jornada5.jpg 1024w, https:\/\/www.conselharan.org\/wp-content\/uploads\/2016\/12\/Jornada5-300x225.jpg 300w, https:\/\/www.conselharan.org\/wp-content\/uploads\/2016\/12\/Jornada5-768x576.jpg 768w\" sizes=\"(max-width: 1024px) 100vw, 1024px\" \/><\/p>\n<p>&nbsp;<\/p>\n<p>Durante las charlas ofrecidas por los mismos t\u00e9cnicos del Centre de Aludes, <strong>Jordi Gavald\u00e0, Ivan Moner<\/strong> y<strong> Montse Bacardit,<\/strong> y tambi\u00e9n por el gu\u00eda de alta monta\u00f1a, Roger Martorell, se explicaron las herramientas de seguridad que ofrece el Centro a los usuarios de la monta\u00f1a, las aportaciones m\u00e1s innovadoras del congreso de nieve y aludes de Colorado, donde asistieron los t\u00e9cnicos del Centro de Aludes de Aran el pasado mes de octubre y se present\u00f3 la red OBS+, un grupo de observadores voluntarios formato por gu\u00edas, pisteros y monta\u00f1eros que aporta datos de nieve y aludes para mejorar la seguridad y el conocimiento de toda la comunidad.<\/p>\n<p>&nbsp;<\/p>\n<p><img loading=\"lazy\" decoding=\"async\" class=\"aligncenter size-large wp-image-15056\" src=\"http:\/\/www.conselharan.org\/wp-content\/uploads\/2016\/12\/Jornada6-1024x768.jpg\" alt=\"Jornada6\" width=\"1024\" height=\"768\" srcset=\"https:\/\/www.conselharan.org\/wp-content\/uploads\/2016\/12\/Jornada6.jpg 1024w, https:\/\/www.conselharan.org\/wp-content\/uploads\/2016\/12\/Jornada6-300x225.jpg 300w, https:\/\/www.conselharan.org\/wp-content\/uploads\/2016\/12\/Jornada6-768x576.jpg 768w\" sizes=\"(max-width: 1024px) 100vw, 1024px\" \/><\/p>\n<p>&nbsp;<\/p>\n<p>En este \u00faltimo punto se present\u00f3 la colaboraci\u00f3n que este a\u00f1o se inicia con Mountain Hub (<a href=\"http:\/\/www.mountainhub.com\" target=\"_blank\">www.mountainhub.com<\/a>). Esta plataforma online permitir\u00e1 compartir datos muy relevantes para la seguridad de los monta\u00f1eros a tiempo real y georeferenciada sobre un mapa. De este modo todos los usuarios pueden convertirse en observadores y al mismo tiempo recibir la informaci\u00f3n del resto de la comunidad.<\/p>\n<p>Tambi\u00e9n se inform\u00f3 que el Centro de Aludes de Aran empezar\u00e1 a emitir boletines de peligro de aludes el viernes, d\u00eda 2 de diciembre, y lo har\u00e1 hasta finales del mes de abril.<\/p>\n<p>Web del Centro de Aludes de Aran:\u00a0<strong><a href=\"http:\/\/lauegi.conselharan.org\/\" target=\"_blank\">http:\/\/lauegi.conselharan.org\/<\/a><\/strong><\/p>\n<p>&nbsp;<\/p>\n<p>&nbsp;<\/p>\n<p>&nbsp;<\/p>\n<p>&nbsp;<\/p>\n<p>&nbsp;<\/p>\n<p>Vielha, 2 de diciembre de 2016<\/p>\n<p>&nbsp;<\/p>\n<p><em>Conselh Generau d&#8217;Aran: N\u00faria Sanjuan<\/em><\/p>\n ","protected":false},"excerpt":{"rendered":"<p>&nbsp; El mi\u00e9rcoles, 30 de noviembre, los t\u00e9cnicos del Centro de Aludes del Conselh Generau d\u2019Aran organizaron una Jornada informativa de inicio de temporada en la Audiovisual de Vielha donde asistieron unas setenta personas. Gu\u00edas de alta monta\u00f1a, pisteros\/socorristas y entusiastas de la monta\u00f1a se dieron cita en este acto que se prev\u00e9 celebrar de&#8230;<\/p>\n","protected":false},"author":2,"featured_media":15055,"comment_status":"closed","ping_status":"closed","sticky":false,"template":"","format":"standard","meta":{"footnotes":""},"categories":[37],"tags":[],"_links":{"self":[{"href":"https:\/\/www.conselharan.org\/es\/wp-json\/wp\/v2\/posts\/15063"}],"collection":[{"href":"https:\/\/www.conselharan.org\/es\/wp-json\/wp\/v2\/posts"}],"about":[{"href":"https:\/\/www.conselharan.org\/es\/wp-json\/wp\/v2\/types\/post"}],"author":[{"embeddable":true,"href":"https:\/\/www.conselharan.org\/es\/wp-json\/wp\/v2\/users\/2"}],"replies":[{"embeddable":true,"href":"https:\/\/www.conselharan.org\/es\/wp-json\/wp\/v2\/comments?post=15063"}],"version-history":[{"count":1,"href":"https:\/\/www.conselharan.org\/es\/wp-json\/wp\/v2\/posts\/15063\/revisions"}],"predecessor-version":[{"id":15064,"href":"https:\/\/www.conselharan.org\/es\/wp-json\/wp\/v2\/posts\/15063\/revisions\/15064"}],"wp:featuredmedia":[{"embeddable":true,"href":"https:\/\/www.conselharan.org\/es\/wp-json\/wp\/v2\/media\/15055"}],"wp:attachment":[{"href":"https:\/\/www.conselharan.org\/es\/wp-json\/wp\/v2\/media?parent=15063"}],"wp:term":[{"taxonomy":"category","embeddable":true,"href":"https:\/\/www.conselharan.org\/es\/wp-json\/wp\/v2\/categories?post=15063"},{"taxonomy":"post_tag","embeddable":true,"href":"https:\/\/www.conselharan.org\/es\/wp-json\/wp\/v2\/tags?post=15063"}],"curies":[{"name":"wp","href":"https:\/\/api.w.org\/{rel}","templated":true}]}}