{"id":15219,"date":"2017-01-09T13:38:18","date_gmt":"2017-01-09T12:38:18","guid":{"rendered":"http:\/\/www.conselharan.org\/es\/?p=15219"},"modified":"2017-01-09T13:38:27","modified_gmt":"2017-01-09T12:38:27","slug":"campana-para-mejorar-la-recogida-selectiva-de-los-envases-ligeros-en-establecimientos-hoteleros-y-restaurantes","status":"publish","type":"post","link":"https:\/\/www.conselharan.org\/es\/campana-para-mejorar-la-recogida-selectiva-de-los-envases-ligeros-en-establecimientos-hoteleros-y-restaurantes\/","title":{"rendered":"Campa\u00f1a para mejorar la recogida selectiva de los envases ligeros en establecimientos hoteleros y restaurantes"},"content":{"rendered":"<p><img loading=\"lazy\" decoding=\"async\" class=\"aligncenter size-full wp-image-15215\" src=\"http:\/\/www.conselharan.org\/wp-content\/uploads\/2017\/01\/container-149449_960_720.png\" alt=\"container-149449_960_720\" width=\"960\" height=\"666\" srcset=\"https:\/\/www.conselharan.org\/wp-content\/uploads\/2017\/01\/container-149449_960_720.png 960w, https:\/\/www.conselharan.org\/wp-content\/uploads\/2017\/01\/container-149449_960_720-300x208.png 300w, https:\/\/www.conselharan.org\/wp-content\/uploads\/2017\/01\/container-149449_960_720-768x533.png 768w\" sizes=\"(max-width: 960px) 100vw, 960px\" \/><\/p>\n<p>&nbsp;<\/p>\n<p>El pasado mes de octubre el <strong>Conselh Generau d\u2019Aran <\/strong>y la entidad<strong> Ecoembalajes Espa\u00f1a S.A. (ECOEMBES)<\/strong>, firmaron un convenio para poner en marcha un proyecto destinado a mejorar la recogida selectiva de envases ligeros en la Val d\u2019Aran, mediante el fomento de la participaci\u00f3n de establecimientos del sector HORECA (Hosteler\u00eda, Restauraci\u00f3n y Catering).<\/p>\n<p>Las actuaciones que se prev\u00e9n realizar como se acord\u00f3 en el convenio se resumen en:<\/p>\n<p>&#8211; Incrementar la dotaci\u00f3n de contenedores instalados en la v\u00eda p\u00fablica para la recogida selectiva de envases ligeros adaptados a un uso compartido entre el ciudadano y los generadores singulares. Intentando favorecer y facilitar la gesti\u00f3n de grandes vol\u00famenes a los usuarios del sector de la hoteler\u00eda.<\/p>\n<p>&#8211; Entrega a los establecimientos participantes en el proyecto de contenedores para poderlos instalar en el interior de sus establecimientos.<\/p>\n<p>&#8211; Ofrecer informaci\u00f3n y formaci\u00f3n al personal de los establecimientos para asegurar su participaci\u00f3n activa y correcta en la recogida.<\/p>\n<p>En aplicaci\u00f3n de este convenio, <strong>personal acreditado por el Conselh Generau d\u2019Aran y ECOEMBES visitar\u00e1 bares, hoteles y restaurantes de toda la Val d\u2019Aran, con el objetivo de pedir su implicaci\u00f3n en la separaci\u00f3n y recogida selectiva de los residuos que generan.<\/strong><\/p>\n<p>Este a\u00f1o 2017 el acento se pondr\u00e1 en los envases ligeros del mismo modo que el a\u00f1o anterior se hizo en el vidrio.<\/p>\n<p>Estas visitas se enmarcan dentro de las acciones que se est\u00e1n llevando a cabo para la mejora de la gesti\u00f3n del residuos en la Val d\u2019Aran.<\/p>\n<p>En palabras del conselh\u00e8r de Territorio de Aran, <strong>Jose Antonio Boya: \u201cLo que nos interesa es obtener una mayor concienciaci\u00f3n de la importancia que tiene, en todos los sentidos, tanto ambientales como econ\u00f3micos, trabajar conjuntamente por una separaci\u00f3n m\u00e1xima de los residuos que se generan en nuestro territorio\u201d.<\/strong><\/p>\n<p>&nbsp;<\/p>\n<p>&nbsp;<\/p>\n<p>&nbsp;<\/p>\n<p>&nbsp;<\/p>\n<p>Vielha, 9 de enero de 2017<\/p>\n<p>&nbsp;<\/p>\n<p><em>Conselh Generau d&#8217;Aran: N\u00faria Sanjuan<\/em><\/p>\n ","protected":false},"excerpt":{"rendered":"<p>&nbsp; El pasado mes de octubre el Conselh Generau d\u2019Aran y la entidad Ecoembalajes Espa\u00f1a S.A. (ECOEMBES), firmaron un convenio para poner en marcha un proyecto destinado a mejorar la recogida selectiva de envases ligeros en la Val d\u2019Aran, mediante el fomento de la participaci\u00f3n de establecimientos del sector HORECA (Hosteler\u00eda, Restauraci\u00f3n y Catering). Las&#8230;<\/p>\n","protected":false},"author":2,"featured_media":15215,"comment_status":"closed","ping_status":"closed","sticky":false,"template":"","format":"standard","meta":{"footnotes":""},"categories":[52,126],"tags":[],"_links":{"self":[{"href":"https:\/\/www.conselharan.org\/es\/wp-json\/wp\/v2\/posts\/15219"}],"collection":[{"href":"https:\/\/www.conselharan.org\/es\/wp-json\/wp\/v2\/posts"}],"about":[{"href":"https:\/\/www.conselharan.org\/es\/wp-json\/wp\/v2\/types\/post"}],"author":[{"embeddable":true,"href":"https:\/\/www.conselharan.org\/es\/wp-json\/wp\/v2\/users\/2"}],"replies":[{"embeddable":true,"href":"https:\/\/www.conselharan.org\/es\/wp-json\/wp\/v2\/comments?post=15219"}],"version-history":[{"count":1,"href":"https:\/\/www.conselharan.org\/es\/wp-json\/wp\/v2\/posts\/15219\/revisions"}],"predecessor-version":[{"id":15220,"href":"https:\/\/www.conselharan.org\/es\/wp-json\/wp\/v2\/posts\/15219\/revisions\/15220"}],"wp:featuredmedia":[{"embeddable":true,"href":"https:\/\/www.conselharan.org\/es\/wp-json\/wp\/v2\/media\/15215"}],"wp:attachment":[{"href":"https:\/\/www.conselharan.org\/es\/wp-json\/wp\/v2\/media?parent=15219"}],"wp:term":[{"taxonomy":"category","embeddable":true,"href":"https:\/\/www.conselharan.org\/es\/wp-json\/wp\/v2\/categories?post=15219"},{"taxonomy":"post_tag","embeddable":true,"href":"https:\/\/www.conselharan.org\/es\/wp-json\/wp\/v2\/tags?post=15219"}],"curies":[{"name":"wp","href":"https:\/\/api.w.org\/{rel}","templated":true}]}}