{"id":15297,"date":"2017-01-11T10:49:17","date_gmt":"2017-01-11T09:49:17","guid":{"rendered":"http:\/\/www.conselharan.org\/es\/?p=15297"},"modified":"2017-01-11T10:49:31","modified_gmt":"2017-01-11T09:49:31","slug":"convenio-de-colaboracion-entre-eteva-e-inefc","status":"publish","type":"post","link":"https:\/\/www.conselharan.org\/es\/convenio-de-colaboracion-entre-eteva-e-inefc\/","title":{"rendered":"Convenio de colaboraci\u00f3n entre ETEVA e  INEFC"},"content":{"rendered":"<p><strong>\u2022 La colaboraci\u00f3n se establece en el marco de la formaci\u00f3n de t\u00e9cnicos deportivos, reciclajes profesionales y formaci\u00f3n continuada con la movilidad del profesorado entre las dos instituciones, la coordinaci\u00f3n y especializaci\u00f3n de los diferentes planes de estudios, cosa que supondr\u00e1 una mayor calidad para los alumnos que cursen sus estudios tanto en ETEVA como en INEFC.<\/strong><\/p>\n<p>&nbsp;<\/p>\n<p><img loading=\"lazy\" decoding=\"async\" class=\"aligncenter size-large wp-image-15292\" src=\"http:\/\/www.conselharan.org\/wp-content\/uploads\/2017\/01\/CONV\u00c8NI-eteva-inefc2-1024x576.jpg\" alt=\"CONV\u00c8NI eteva-inefc2\" width=\"1024\" height=\"576\" srcset=\"https:\/\/www.conselharan.org\/wp-content\/uploads\/2017\/01\/CONV\u00c8NI-eteva-inefc2-1024x576.jpg 1024w, https:\/\/www.conselharan.org\/wp-content\/uploads\/2017\/01\/CONV\u00c8NI-eteva-inefc2-300x169.jpg 300w, https:\/\/www.conselharan.org\/wp-content\/uploads\/2017\/01\/CONV\u00c8NI-eteva-inefc2-768x432.jpg 768w, https:\/\/www.conselharan.org\/wp-content\/uploads\/2017\/01\/CONV\u00c8NI-eteva-inefc2.jpg 1600w\" sizes=\"(max-width: 1024px) 100vw, 1024px\" \/><\/p>\n<p>&nbsp;<\/p>\n<p>La Escuela de T\u00e9cnicos Deportivos de la Val d\u2019Aran (ETEVA) y el Instituto Nacional de Educaci\u00f3n F\u00edsica de Catalu\u00f1a (INEFC) han firmado un convenio de cooperaci\u00f3n educativa que supone la formalizaci\u00f3n de la colaboraci\u00f3n que desde hace a\u00f1os se lleva a cabo entre ambas instituciones.<\/p>\n<p>&nbsp;<\/p>\n<p><img loading=\"lazy\" decoding=\"async\" class=\"aligncenter size-large wp-image-15291\" src=\"http:\/\/www.conselharan.org\/wp-content\/uploads\/2017\/01\/CONV\u00c8NI-eteva-inefc-1024x576.jpg\" alt=\"CONV\u00c8NI eteva-inefc\" width=\"1024\" height=\"576\" srcset=\"https:\/\/www.conselharan.org\/wp-content\/uploads\/2017\/01\/CONV\u00c8NI-eteva-inefc-1024x576.jpg 1024w, https:\/\/www.conselharan.org\/wp-content\/uploads\/2017\/01\/CONV\u00c8NI-eteva-inefc-300x169.jpg 300w, https:\/\/www.conselharan.org\/wp-content\/uploads\/2017\/01\/CONV\u00c8NI-eteva-inefc-768x432.jpg 768w, https:\/\/www.conselharan.org\/wp-content\/uploads\/2017\/01\/CONV\u00c8NI-eteva-inefc.jpg 1600w\" sizes=\"(max-width: 1024px) 100vw, 1024px\" \/><\/p>\n<p>&nbsp;<\/p>\n<p>Tanto el vicesindic de Aran y conselh\u00e8r de Deportes,<strong> Luis Carlos Medina,<\/strong> como el director del INEFC, <strong>Jordi Sol\u00e0<\/strong>, manifestaron su satisfacci\u00f3n durante el acto de la firma que se realiz\u00f3 en las instalaciones de la Escuela en Salard\u00fa (Val d\u2019Aran). Posteriormente se realiz\u00f3 una visita a los diferentes grupos de alumnos de la ETEVA y del INEFC que durante estos d\u00edas realizan la formaci\u00f3n pr\u00e1ctica en la estaci\u00f3n de esqu\u00ed aranesa, Baqueira Beret.<\/p>\n<p>&nbsp;<\/p>\n<p><img loading=\"lazy\" decoding=\"async\" class=\"aligncenter size-large wp-image-15293\" src=\"http:\/\/www.conselharan.org\/wp-content\/uploads\/2017\/01\/foto-grup-ETEVA-INEF-1024x576.jpg\" alt=\"foto grup ETEVA INEF\" width=\"1024\" height=\"576\" srcset=\"https:\/\/www.conselharan.org\/wp-content\/uploads\/2017\/01\/foto-grup-ETEVA-INEF-1024x576.jpg 1024w, https:\/\/www.conselharan.org\/wp-content\/uploads\/2017\/01\/foto-grup-ETEVA-INEF-300x169.jpg 300w, https:\/\/www.conselharan.org\/wp-content\/uploads\/2017\/01\/foto-grup-ETEVA-INEF-768x432.jpg 768w\" sizes=\"(max-width: 1024px) 100vw, 1024px\" \/><\/p>\n<p>&nbsp;<\/p>\n<p>En palabras del vicesindic de Aran y conselh\u00e8r de Deportes, <strong>Luis Carlos Medina: \u201cEl convenio tiene como objeto establecer l\u00edneas de colaboraci\u00f3n en el marco de la formaci\u00f3n, el intercambio de conocimientos cient\u00edficos y t\u00e9cnicos y el aprovechamiento de recursos personales y materiales en el \u00e1mbito de los deportes de invierno, de monta\u00f1a y escalada\u201d.<\/strong><\/p>\n<p>La colaboraci\u00f3n se establece en el marco de la formaci\u00f3n de t\u00e9cnicos deportivos, reciclajes profesionales y formaci\u00f3n continuada con la movilidad del profesorado entre las dos instituciones, la coordinaci\u00f3n y especializaci\u00f3n de los diferentes planes de estudios, cosa que supondr\u00e1 facilidades y una mayor calidad para los alumnos que cursen sus estudios tanto en ETEVA como en INEFC.<\/p>\n<p>Tambi\u00e9n se pretende avanzar en el \u00e1mbito de la b\u00fasqueda, facilitando recursos y log\u00edstica a las posibles propuestas que desde el INEFC vayan vinculadas con los deportes de invierno y la monta\u00f1a.<\/p>\n<p>&nbsp;<\/p>\n<p>&nbsp;<\/p>\n<p>&nbsp;<\/p>\n<p>&nbsp;<\/p>\n<p>Vielha, 11 de enero de 2017<\/p>\n<p>&nbsp;<\/p>\n<p><em>Conselh Generau d&#8217;Aran: N\u00faria Sanjuan<\/em><\/p>\n<p><em>Fuente: ETEVA<\/em><\/p>\n ","protected":false},"excerpt":{"rendered":"<p>\u2022 La colaboraci\u00f3n se establece en el marco de la formaci\u00f3n de t\u00e9cnicos deportivos, reciclajes profesionales y formaci\u00f3n continuada con la movilidad del profesorado entre las dos instituciones, la coordinaci\u00f3n y especializaci\u00f3n de los diferentes planes de estudios, cosa que supondr\u00e1 una mayor calidad para los alumnos que cursen sus estudios tanto en ETEVA como&#8230;<\/p>\n","protected":false},"author":2,"featured_media":15291,"comment_status":"closed","ping_status":"closed","sticky":false,"template":"","format":"standard","meta":{"footnotes":""},"categories":[52],"tags":[],"_links":{"self":[{"href":"https:\/\/www.conselharan.org\/es\/wp-json\/wp\/v2\/posts\/15297"}],"collection":[{"href":"https:\/\/www.conselharan.org\/es\/wp-json\/wp\/v2\/posts"}],"about":[{"href":"https:\/\/www.conselharan.org\/es\/wp-json\/wp\/v2\/types\/post"}],"author":[{"embeddable":true,"href":"https:\/\/www.conselharan.org\/es\/wp-json\/wp\/v2\/users\/2"}],"replies":[{"embeddable":true,"href":"https:\/\/www.conselharan.org\/es\/wp-json\/wp\/v2\/comments?post=15297"}],"version-history":[{"count":1,"href":"https:\/\/www.conselharan.org\/es\/wp-json\/wp\/v2\/posts\/15297\/revisions"}],"predecessor-version":[{"id":15298,"href":"https:\/\/www.conselharan.org\/es\/wp-json\/wp\/v2\/posts\/15297\/revisions\/15298"}],"wp:featuredmedia":[{"embeddable":true,"href":"https:\/\/www.conselharan.org\/es\/wp-json\/wp\/v2\/media\/15291"}],"wp:attachment":[{"href":"https:\/\/www.conselharan.org\/es\/wp-json\/wp\/v2\/media?parent=15297"}],"wp:term":[{"taxonomy":"category","embeddable":true,"href":"https:\/\/www.conselharan.org\/es\/wp-json\/wp\/v2\/categories?post=15297"},{"taxonomy":"post_tag","embeddable":true,"href":"https:\/\/www.conselharan.org\/es\/wp-json\/wp\/v2\/tags?post=15297"}],"curies":[{"name":"wp","href":"https:\/\/api.w.org\/{rel}","templated":true}]}}