{"id":15312,"date":"2017-01-11T13:21:11","date_gmt":"2017-01-11T12:21:11","guid":{"rendered":"http:\/\/www.conselharan.org\/es\/?p=15312"},"modified":"2017-01-11T13:21:11","modified_gmt":"2017-01-11T12:21:11","slug":"baqueira-beret-acogera-este-fin-de-semana-el-ii-trofeo-ac-hotels-caei-masters","status":"publish","type":"post","link":"https:\/\/www.conselharan.org\/es\/baqueira-beret-acogera-este-fin-de-semana-el-ii-trofeo-ac-hotels-caei-masters\/","title":{"rendered":"Baqueira Beret acoger\u00e1 este fin de semana el II Trofeo AC-Hotels CAEI M\u00e1sters"},"content":{"rendered":"<p><img loading=\"lazy\" decoding=\"async\" class=\"aligncenter size-full wp-image-15307\" src=\"http:\/\/www.conselharan.org\/wp-content\/uploads\/2017\/01\/caei-masters.jpg\" alt=\"caei-masters\" width=\"681\" height=\"960\" srcset=\"https:\/\/www.conselharan.org\/wp-content\/uploads\/2017\/01\/caei-masters.jpg 681w, https:\/\/www.conselharan.org\/wp-content\/uploads\/2017\/01\/caei-masters-213x300.jpg 213w\" sizes=\"(max-width: 681px) 100vw, 681px\" \/><\/p>\n<p>&nbsp;<\/p>\n<p>La primera carrera de la Copa de Espa\u00f1a M\u00e1sters (esquiadores con m\u00e1s de 30 a\u00f1os) destinada tanto a corredores con licencia federativa como los de categor\u00eda Open se disputar\u00e1 el <strong>fin de semana del 14 y 15 de enero en el Stadium de Beret.<\/strong><\/p>\n<p>Muchos de los esquiadores que se inscriben en carreras de m\u00e1sters son ex-corredores pero tambi\u00e9n esquiadores de turismo que se han visto seducidos o quieren probar la competici\u00f3n. No obstante, lo que m\u00e1s anima a estos deportistas es el gran ambiente que se vive en estos eventos, tanto el compa\u00f1erismo como la fiesta que se organiza.<\/p>\n<p>Para permitir a todo el mundo experimentar el reto de la competici\u00f3n, esta carrera organizada por la <strong>RFEDI, CAEI<\/strong> y<strong> AC-Hotels en Baqueira Beret<\/strong> tiene tambi\u00e9n una categor\u00eda Open, tanto en el gigante el s\u00e1bado como el slalom del domingo, para los esquiadores sin licencia de corredor que quieren experimentar qu\u00e9 se siente en competici\u00f3n.<\/p>\n<p>El gigante se disputar\u00e1 el s\u00e1bado 14 y se instalar\u00e1 en la zona de meta un hospitality para animar el ambiente con m\u00fasica, aperitivo y un sorteo de fines de semana en alojamientos AC-Hotels de la pen\u00ednsula. La entrega de premios del GS se har\u00e1 a las 19 H del s\u00e1bado en el Hotel AC Baqueira de las Galer\u00edas de Ruda y se acompa\u00f1ar\u00e1 el evento con una copa de cava ofrecida por la cadena hotelera. El domingo 15 se disputar\u00e1 el slalom y la entrega de premios se har\u00e1 al finalizar la carrera en la zona de meta.<\/p>\n<p>Esta carrera de Baqueira forma parte de la Copa de Espa\u00f1a M\u00e1sters junto con tres fines de semana m\u00e1s en Navacerrada, Formigal y Sierra Nevada. Los ganadores del circuito con licencia tendr\u00e1n una ayuda para acudir en verano a Casa Espa\u00f1a de RFEDI en la estaci\u00f3n suiza de Saas Fee para entrenamientos de pretemporada.<\/p>\n<p>&nbsp;<\/p>\n<p><strong>\u00bfC\u00f3mo se organizan las categor\u00edas?<\/strong><\/p>\n<p>La categor\u00eda de M\u00e1sters se inicia a los 30 a\u00f1os y se organiza por franjas de edades de 5 a\u00f1os, y de 10 a\u00f1os para la Copa Espa\u00f1a: los nacidos entre el 1985 y 1976 y sucesivamente hasta los nacidos en 1945 o anterior, mayores de 70 a\u00f1os.<\/p>\n<p>Se puede consultar el programa de la carrera del II Trofeo M\u00e1sters AC-Hotels CAEI en <a href=\"http:\/\/bit.ly\/2jrS1hy\" target=\"_blank\">http:\/\/bit.ly\/2jrS1hy<\/a><\/p>\n<p>Las inscripciones se pueden hacer hasta el 12 de enero los Open a trav\u00e9s del CAEI llamando al 973.64.20.57 o enviando un correo electr\u00f3nico a <a href=\"mailto:inscripciones@caei.es\" target=\"_blank\">inscripciones@caei.es<\/a><\/p>\n<p>&nbsp;<\/p>\n<p>&nbsp;<\/p>\n<p>&nbsp;<\/p>\n<p>&nbsp;<\/p>\n<p>Vielha, 11 de enero de 2017<\/p>\n<p>&nbsp;<\/p>\n<p><em>Conselh Generau d&#8217;Aran: N\u00faria Sanjuan<\/em><\/p>\n<p><em>Fuente: Baqueira Beret<\/em><\/p>\n ","protected":false},"excerpt":{"rendered":"<p>&nbsp; La primera carrera de la Copa de Espa\u00f1a M\u00e1sters (esquiadores con m\u00e1s de 30 a\u00f1os) destinada tanto a corredores con licencia federativa como los de categor\u00eda Open se disputar\u00e1 el fin de semana del 14 y 15 de enero en el Stadium de Beret. Muchos de los esquiadores que se inscriben en carreras de&#8230;<\/p>\n","protected":false},"author":2,"featured_media":15307,"comment_status":"closed","ping_status":"closed","sticky":false,"template":"","format":"standard","meta":{"footnotes":""},"categories":[34],"tags":[],"_links":{"self":[{"href":"https:\/\/www.conselharan.org\/es\/wp-json\/wp\/v2\/posts\/15312"}],"collection":[{"href":"https:\/\/www.conselharan.org\/es\/wp-json\/wp\/v2\/posts"}],"about":[{"href":"https:\/\/www.conselharan.org\/es\/wp-json\/wp\/v2\/types\/post"}],"author":[{"embeddable":true,"href":"https:\/\/www.conselharan.org\/es\/wp-json\/wp\/v2\/users\/2"}],"replies":[{"embeddable":true,"href":"https:\/\/www.conselharan.org\/es\/wp-json\/wp\/v2\/comments?post=15312"}],"version-history":[{"count":1,"href":"https:\/\/www.conselharan.org\/es\/wp-json\/wp\/v2\/posts\/15312\/revisions"}],"predecessor-version":[{"id":15313,"href":"https:\/\/www.conselharan.org\/es\/wp-json\/wp\/v2\/posts\/15312\/revisions\/15313"}],"wp:featuredmedia":[{"embeddable":true,"href":"https:\/\/www.conselharan.org\/es\/wp-json\/wp\/v2\/media\/15307"}],"wp:attachment":[{"href":"https:\/\/www.conselharan.org\/es\/wp-json\/wp\/v2\/media?parent=15312"}],"wp:term":[{"taxonomy":"category","embeddable":true,"href":"https:\/\/www.conselharan.org\/es\/wp-json\/wp\/v2\/categories?post=15312"},{"taxonomy":"post_tag","embeddable":true,"href":"https:\/\/www.conselharan.org\/es\/wp-json\/wp\/v2\/tags?post=15312"}],"curies":[{"name":"wp","href":"https:\/\/api.w.org\/{rel}","templated":true}]}}