{"id":15337,"date":"2017-01-09T08:00:52","date_gmt":"2017-01-09T07:00:52","guid":{"rendered":"http:\/\/www.conselharan.org\/es\/?p=15337"},"modified":"2017-01-12T11:08:51","modified_gmt":"2017-01-12T10:08:51","slug":"eugene-brontons-del-ceva-1a-clasificada-en-slalom-gigante-en-el-12o-gp-cerdanya-u14","status":"publish","type":"post","link":"https:\/\/www.conselharan.org\/es\/eugene-brontons-del-ceva-1a-clasificada-en-slalom-gigante-en-el-12o-gp-cerdanya-u14\/","title":{"rendered":"Eugene Brontons del CEVA 1\u00aa clasificada en Slalom Gigante en el 12\u00ba GP Cerdanya U14"},"content":{"rendered":"<p><strong>\u2022 Lisa Vallcorba (CEVA) 3\u00aa clasificada en el Slalom de 11\u00ba GP CANM-C U16.<\/strong><\/p>\n<p>&nbsp;<\/p>\n<p><img loading=\"lazy\" decoding=\"async\" class=\"aligncenter size-large wp-image-15331\" src=\"http:\/\/www.conselharan.org\/wp-content\/uploads\/2017\/01\/CEVA-09.01.17-1024x768.jpeg\" alt=\"CEVA- 09.01.17\" width=\"1024\" height=\"768\" srcset=\"https:\/\/www.conselharan.org\/wp-content\/uploads\/2017\/01\/CEVA-09.01.17-1024x768.jpeg 1024w, https:\/\/www.conselharan.org\/wp-content\/uploads\/2017\/01\/CEVA-09.01.17-300x225.jpeg 300w, https:\/\/www.conselharan.org\/wp-content\/uploads\/2017\/01\/CEVA-09.01.17-768x576.jpeg 768w, https:\/\/www.conselharan.org\/wp-content\/uploads\/2017\/01\/CEVA-09.01.17.jpeg 1600w\" sizes=\"(max-width: 1024px) 100vw, 1024px\" \/><\/p>\n<p>&nbsp;<\/p>\n<p>Los d\u00edas 7 y 8 de enero se celebraron en las estaciones de la Masella y Pas de la Casa el 11\u00ba GP CANM-C U16 y el 12\u00ba GP Cerdanya U14, con la participaci\u00f3n de 26 esquiadores de los equipos de competici\u00f3n U14 y U16 del Club CEVA. Pruebas puntuables para la Copa de Espa\u00f1a.<\/p>\n<p>&nbsp;<\/p>\n<p><img loading=\"lazy\" decoding=\"async\" class=\"aligncenter size-large wp-image-15332\" src=\"http:\/\/www.conselharan.org\/wp-content\/uploads\/2017\/01\/CEVA-P\u00d2DI-09.01.17-1024x1024.jpeg\" alt=\"CEVA-P\u00d2DI 09.01.17\" width=\"1024\" height=\"1024\" srcset=\"https:\/\/www.conselharan.org\/wp-content\/uploads\/2017\/01\/CEVA-P\u00d2DI-09.01.17-1024x1024.jpeg 1024w, https:\/\/www.conselharan.org\/wp-content\/uploads\/2017\/01\/CEVA-P\u00d2DI-09.01.17-150x150.jpeg 150w, https:\/\/www.conselharan.org\/wp-content\/uploads\/2017\/01\/CEVA-P\u00d2DI-09.01.17-300x300.jpeg 300w, https:\/\/www.conselharan.org\/wp-content\/uploads\/2017\/01\/CEVA-P\u00d2DI-09.01.17-768x769.jpeg 768w, https:\/\/www.conselharan.org\/wp-content\/uploads\/2017\/01\/CEVA-P\u00d2DI-09.01.17-270x270.jpeg 270w, https:\/\/www.conselharan.org\/wp-content\/uploads\/2017\/01\/CEVA-P\u00d2DI-09.01.17-207x207.jpeg 207w, https:\/\/www.conselharan.org\/wp-content\/uploads\/2017\/01\/CEVA-P\u00d2DI-09.01.17-75x75.jpeg 75w, https:\/\/www.conselharan.org\/wp-content\/uploads\/2017\/01\/CEVA-P\u00d2DI-09.01.17.jpeg 1598w\" sizes=\"(max-width: 1024px) 100vw, 1024px\" \/><\/p>\n<p>&nbsp;<\/p>\n<p><strong>Eugene Brontons<\/strong> del CEVA consigui\u00f3 la primera posici\u00f3n en Slalom Gigante en el 12\u00ba GP Cerdanya U14, mientras que <strong>Lisa Vallcorba<\/strong> (CEVA) obtuvo una meritoria tercera plaza en el Slalom del 11\u00ba GP CANM C U16.<\/p>\n<p>&nbsp;<\/p>\n<p><img loading=\"lazy\" decoding=\"async\" class=\"aligncenter size-large wp-image-15333\" src=\"http:\/\/www.conselharan.org\/wp-content\/uploads\/2017\/01\/CEVA-GROP-09.01.17-1024x614.jpeg\" alt=\"CEVA GROP- 09.01.17\" width=\"1024\" height=\"614\" srcset=\"https:\/\/www.conselharan.org\/wp-content\/uploads\/2017\/01\/CEVA-GROP-09.01.17-1024x614.jpeg 1024w, https:\/\/www.conselharan.org\/wp-content\/uploads\/2017\/01\/CEVA-GROP-09.01.17-300x180.jpeg 300w, https:\/\/www.conselharan.org\/wp-content\/uploads\/2017\/01\/CEVA-GROP-09.01.17-768x461.jpeg 768w, https:\/\/www.conselharan.org\/wp-content\/uploads\/2017\/01\/CEVA-GROP-09.01.17.jpeg 1600w\" sizes=\"(max-width: 1024px) 100vw, 1024px\" \/><\/p>\n<p>&nbsp;<\/p>\n<p>Buenos resultados para los esquiadores del Club CEVA en este arranque de la temporada de competici\u00f3n 16\/17, que seguir\u00e1 el pr\u00f3ximo fin de semana con las pruebas de la 1\u00aa Fase de la Copa de Espa\u00f1a U14 Y U16 que se celebrar\u00e1 entre el 13 y el 15 de enero en la estaci\u00f3n de Sierra Nevada.<\/p>\n<p>&nbsp;<\/p>\n<p>&nbsp;<\/p>\n<p>&nbsp;<\/p>\n<p>&nbsp;<\/p>\n<p>&nbsp;<\/p>\n<p>Vielha, 9 de enero de 2017<\/p>\n<p>&nbsp;<\/p>\n<p><em>Conselh Generau d&#8217;Aran: N\u00faria Sanjuan<\/em><\/p>\n<p><em>Fuente y fotos: CEVA<\/em><\/p>\n ","protected":false},"excerpt":{"rendered":"<p>\u2022 Lisa Vallcorba (CEVA) 3\u00aa clasificada en el Slalom de 11\u00ba GP CANM-C U16. &nbsp; &nbsp; Los d\u00edas 7 y 8 de enero se celebraron en las estaciones de la Masella y Pas de la Casa el 11\u00ba GP CANM-C U16 y el 12\u00ba GP Cerdanya U14, con la participaci\u00f3n de 26 esquiadores de los&#8230;<\/p>\n","protected":false},"author":2,"featured_media":15333,"comment_status":"closed","ping_status":"closed","sticky":false,"template":"","format":"standard","meta":{"footnotes":""},"categories":[34],"tags":[],"_links":{"self":[{"href":"https:\/\/www.conselharan.org\/es\/wp-json\/wp\/v2\/posts\/15337"}],"collection":[{"href":"https:\/\/www.conselharan.org\/es\/wp-json\/wp\/v2\/posts"}],"about":[{"href":"https:\/\/www.conselharan.org\/es\/wp-json\/wp\/v2\/types\/post"}],"author":[{"embeddable":true,"href":"https:\/\/www.conselharan.org\/es\/wp-json\/wp\/v2\/users\/2"}],"replies":[{"embeddable":true,"href":"https:\/\/www.conselharan.org\/es\/wp-json\/wp\/v2\/comments?post=15337"}],"version-history":[{"count":1,"href":"https:\/\/www.conselharan.org\/es\/wp-json\/wp\/v2\/posts\/15337\/revisions"}],"predecessor-version":[{"id":15338,"href":"https:\/\/www.conselharan.org\/es\/wp-json\/wp\/v2\/posts\/15337\/revisions\/15338"}],"wp:featuredmedia":[{"embeddable":true,"href":"https:\/\/www.conselharan.org\/es\/wp-json\/wp\/v2\/media\/15333"}],"wp:attachment":[{"href":"https:\/\/www.conselharan.org\/es\/wp-json\/wp\/v2\/media?parent=15337"}],"wp:term":[{"taxonomy":"category","embeddable":true,"href":"https:\/\/www.conselharan.org\/es\/wp-json\/wp\/v2\/categories?post=15337"},{"taxonomy":"post_tag","embeddable":true,"href":"https:\/\/www.conselharan.org\/es\/wp-json\/wp\/v2\/tags?post=15337"}],"curies":[{"name":"wp","href":"https:\/\/api.w.org\/{rel}","templated":true}]}}