{"id":15355,"date":"2017-01-13T10:16:11","date_gmt":"2017-01-13T09:16:11","guid":{"rendered":"http:\/\/www.conselharan.org\/es\/?p=15355"},"modified":"2017-01-13T10:16:36","modified_gmt":"2017-01-13T09:16:36","slug":"cuenta-atras-para-una-nueva-edicion-de-la-marxa-beret-la-gran-fiesta-del-esqui-de-fondo","status":"publish","type":"post","link":"https:\/\/www.conselharan.org\/es\/cuenta-atras-para-una-nueva-edicion-de-la-marxa-beret-la-gran-fiesta-del-esqui-de-fondo\/","title":{"rendered":"Cuenta atr\u00e1s para una nueva edici\u00f3n de la Marxa Beret, la gran fiesta del esqu\u00ed de fondo"},"content":{"rendered":"<p><strong>\u2022 La 38\u00aa edici\u00f3n se celebrar\u00e1 los pr\u00f3ximos 4 y 5 de febrero.<\/strong><\/p>\n<p><strong>\u2022 Las nevadas de los \u00faltimos d\u00edas disparan las inscripciones, abiertas hasta el 2 de febrero en: www.marxaberet.com.<\/strong><\/p>\n<p><strong>\u2022 Como novedad, este a\u00f1o se celebrar\u00e1 la prueba de skating, Sprint Salomon, en Arties.<\/strong><\/p>\n<p>&nbsp;<\/p>\n<p><img loading=\"lazy\" decoding=\"async\" class=\"aligncenter size-large wp-image-15351\" src=\"http:\/\/www.conselharan.org\/wp-content\/uploads\/2017\/01\/37au-MARXA-BERET-GESSUDA1-1024x683.jpg\" alt=\"37au MARXA BERET-GESSUDA1\" width=\"1024\" height=\"683\" srcset=\"https:\/\/www.conselharan.org\/wp-content\/uploads\/2017\/01\/37au-MARXA-BERET-GESSUDA1-1024x683.jpg 1024w, https:\/\/www.conselharan.org\/wp-content\/uploads\/2017\/01\/37au-MARXA-BERET-GESSUDA1-300x200.jpg 300w, https:\/\/www.conselharan.org\/wp-content\/uploads\/2017\/01\/37au-MARXA-BERET-GESSUDA1-768x512.jpg 768w\" sizes=\"(max-width: 1024px) 100vw, 1024px\" \/><\/p>\n<p>&nbsp;<\/p>\n<p>La Marxa Beret es una de las pruebas de esqu\u00ed n\u00f3rdico m\u00e1s consolidadas que se realizan en el territorio nacional y que cada a\u00f1o cuenta con m\u00e1s de 1.000 participantes provenientes de toda Europa. La pr\u00f3xima edici\u00f3n se disputar\u00e1 los d\u00edas 4 y 5 de febrero de 2017. Esta marcha recupera su car\u00e1cter popular y tiene la intenci\u00f3n de convertirse en la fiesta del esqu\u00ed n\u00f3rdico. Para ello, la organizaci\u00f3n compuesta por el <strong>Conselh Generau d\u2019Aran<\/strong> y por la estaci\u00f3n de esqu\u00ed<strong> Baqueira Beret<\/strong>, ha propuesto una serie de eventos paralelos a la Marxa Beret los cuales tienen como objetivo que todos sus participantes y seguidores disfruten de un agradable fin de semana en la Val d\u2019Aran.<\/p>\n<p>La Marxa Beret, que este a\u00f1o llega a la 38\u00aa edici\u00f3n, data del a\u00f1o 1977. La edici\u00f3n del 2017 est\u00e1<strong> incluida dentro del calendario FIS (Federaci\u00f3n Internacional de Esqu\u00ed), es prueba puntuable para el Circuito Popular Cross-Country Races, la Copa Catalana y la Copa de Espa\u00f1a de Esqu\u00ed N\u00f3rdico.<\/strong><\/p>\n<p>Como novedad, este a\u00f1o se celebrar\u00e1 la prueba de skating, Sprint Salomon, en Arties.<\/p>\n<p>Las inscripciones se deben realizar por Internet, a trav\u00e9s de la p\u00e1gina web de la Marxa Beret, <strong><a href=\"http:\/\/www.marxaberet.com\" target=\"_blank\">www.marxaberet.com<\/a><\/strong>, hasta el 2 de febrero. Adem\u00e1s destacar que todos aquellos que se inscriban antes del 15 de enero de 2017 gozar\u00e1n de una tarifa m\u00e1s reducida. Las inscripciones presenciales tendr\u00e1n lugar en la Casa de Acogida, en la poblaci\u00f3n de Salard\u00fa, el 4 de febrero.<\/p>\n<p>&nbsp;<\/p>\n<p><strong>Programa<\/strong><\/p>\n<p><strong>S\u00e1bado, 4 de febrero<\/strong><\/p>\n<p>09:30 \u2013 Apertura de la \u201cCasa de Acogida\u201d<br \/>\n16:00 \u2013 Exhibici\u00f3n \u00abSprint Salom\u00f3n\u00bb en Arties<br \/>\n19:00 \u2013 Reparto de premios<br \/>\n19:30 \u2013 Presentaci\u00f3n \u00ab38\u00aa Marxa Beret\u00bb<br \/>\n20:30 \u2013 Cierre de inscripciones y Casa de Acogida<\/p>\n<p><strong>Domingo, 5 de febrero<\/strong><\/p>\n<p>10:00 \u2013 Salida 38\u00aa Marxa Beret<br \/>\n13:30 \u2013 Reparto de premios<br \/>\n14:00 \u2013 Ceremonia de Clausura<br \/>\n14:30 \u2013 Cierre del circuito<\/p>\n<p>&nbsp;<\/p>\n<p>M\u00e1s informaci\u00f3n:\u00a0 <strong><a href=\"http:\/\/www.marxaberet.com\" target=\"_blank\">www.marxaberet.com<\/a>.<\/strong><\/p>\n<p>&nbsp;<\/p>\n<p>&nbsp;<\/p>\n<p>&nbsp;<\/p>\n<p>&nbsp;<\/p>\n<p>Vielha, 13 de enero de 2017<\/p>\n<p>&nbsp;<\/p>\n<p><em>Conselh Generau d&#8217;Aran: N\u00faria Sanjuan<\/em><\/p>\n<p><em>Fuente: Marxa Beret\u00a0<\/em><\/p>\n ","protected":false},"excerpt":{"rendered":"<p>\u2022 La 38\u00aa edici\u00f3n se celebrar\u00e1 los pr\u00f3ximos 4 y 5 de febrero. \u2022 Las nevadas de los \u00faltimos d\u00edas disparan las inscripciones, abiertas hasta el 2 de febrero en: www.marxaberet.com. \u2022 Como novedad, este a\u00f1o se celebrar\u00e1 la prueba de skating, Sprint Salomon, en Arties. &nbsp; &nbsp; La Marxa Beret es una de las&#8230;<\/p>\n","protected":false},"author":2,"featured_media":15351,"comment_status":"closed","ping_status":"closed","sticky":false,"template":"","format":"standard","meta":{"footnotes":""},"categories":[52],"tags":[],"_links":{"self":[{"href":"https:\/\/www.conselharan.org\/es\/wp-json\/wp\/v2\/posts\/15355"}],"collection":[{"href":"https:\/\/www.conselharan.org\/es\/wp-json\/wp\/v2\/posts"}],"about":[{"href":"https:\/\/www.conselharan.org\/es\/wp-json\/wp\/v2\/types\/post"}],"author":[{"embeddable":true,"href":"https:\/\/www.conselharan.org\/es\/wp-json\/wp\/v2\/users\/2"}],"replies":[{"embeddable":true,"href":"https:\/\/www.conselharan.org\/es\/wp-json\/wp\/v2\/comments?post=15355"}],"version-history":[{"count":1,"href":"https:\/\/www.conselharan.org\/es\/wp-json\/wp\/v2\/posts\/15355\/revisions"}],"predecessor-version":[{"id":15356,"href":"https:\/\/www.conselharan.org\/es\/wp-json\/wp\/v2\/posts\/15355\/revisions\/15356"}],"wp:featuredmedia":[{"embeddable":true,"href":"https:\/\/www.conselharan.org\/es\/wp-json\/wp\/v2\/media\/15351"}],"wp:attachment":[{"href":"https:\/\/www.conselharan.org\/es\/wp-json\/wp\/v2\/media?parent=15355"}],"wp:term":[{"taxonomy":"category","embeddable":true,"href":"https:\/\/www.conselharan.org\/es\/wp-json\/wp\/v2\/categories?post=15355"},{"taxonomy":"post_tag","embeddable":true,"href":"https:\/\/www.conselharan.org\/es\/wp-json\/wp\/v2\/tags?post=15355"}],"curies":[{"name":"wp","href":"https:\/\/api.w.org\/{rel}","templated":true}]}}