{"id":15364,"date":"2017-01-13T13:00:03","date_gmt":"2017-01-13T12:00:03","guid":{"rendered":"http:\/\/www.conselharan.org\/es\/?p=15364"},"modified":"2017-01-13T14:10:34","modified_gmt":"2017-01-13T13:10:34","slug":"el-govern-de-aran-refuerza-la-cooperacion-sanitaria-y-de-emergencias-con-francia","status":"publish","type":"post","link":"https:\/\/www.conselharan.org\/es\/el-govern-de-aran-refuerza-la-cooperacion-sanitaria-y-de-emergencias-con-francia\/","title":{"rendered":"El Gov\u00e8rn de Aran refuerza la cooperaci\u00f3n sanitaria y de emergencias con Francia"},"content":{"rendered":"<p><img loading=\"lazy\" decoding=\"async\" class=\"aligncenter size-large wp-image-15359\" src=\"http:\/\/www.conselharan.org\/wp-content\/uploads\/2017\/01\/DSC_0854-1024x642.jpg\" alt=\"DSC_0854\" width=\"1024\" height=\"642\" srcset=\"https:\/\/www.conselharan.org\/wp-content\/uploads\/2017\/01\/DSC_0854-1024x642.jpg 1024w, https:\/\/www.conselharan.org\/wp-content\/uploads\/2017\/01\/DSC_0854-300x188.jpg 300w, https:\/\/www.conselharan.org\/wp-content\/uploads\/2017\/01\/DSC_0854-768x481.jpg 768w\" sizes=\"(max-width: 1024px) 100vw, 1024px\" \/><\/p>\n<p>&nbsp;<\/p>\n<p>El Gov\u00e8rn de Aran, a trav\u00e9s del Servicio Aran\u00e9s de Bienestar y Salud (SABS), firmaron el a\u00f1o pasado un convenio de cooperaci\u00f3n con el Centro Hospitalier Comminges Pyr\u00e9n\u00e9es de Saint-Gaudens y con el Centro Hospitalier Universitaire (CHU) de Toulouse para continuar y mejorar el tratamiento de las urgencias de la Val d\u2019Aran que necesiten el acceso al CHU de Toulouse y\/o al CH Comminges Pyr\u00e9n\u00e9es.<\/p>\n<p>A raz\u00f3n de este convenio, el sindic de Aran, <strong>Carlos Barrera<\/strong>, el conselh\u00e8r de Territorio de Aran, <strong>Jose A. Boya<\/strong>, la directora del Servicio Aran\u00e9s de Bienestar y Salud (SABS), <strong>Maria \u00c0ngels Borr\u00e0s<\/strong>, el asesor de Emergencias de la Val d\u2019Aran, <strong>Joan Canalias<\/strong>, y el responsable de TESVA, <strong>Fran Carde\u00f1es<\/strong>, se han reunido con el asesor en la direcci\u00f3n del SABS en relaciones internacionales, <strong>Dr. Jean Louis Heib<\/strong>, el responsable del Servicio SAMU 31 (Service de Aide M\u00e9dicale Urgente), <strong>Professeur Vincent Bounes<\/strong>, y con el adjunto al responsable del Servicio del SAMU 31, <strong>Dr. Philippe Frontin<\/strong>.<\/p>\n<p>&nbsp;<\/p>\n<p><img loading=\"lazy\" decoding=\"async\" class=\"aligncenter size-large wp-image-15360\" src=\"http:\/\/www.conselharan.org\/wp-content\/uploads\/2017\/01\/DSC_0850-1024x685.jpg\" alt=\"DSC_0850\" width=\"1024\" height=\"685\" srcset=\"https:\/\/www.conselharan.org\/wp-content\/uploads\/2017\/01\/DSC_0850-1024x685.jpg 1024w, https:\/\/www.conselharan.org\/wp-content\/uploads\/2017\/01\/DSC_0850-300x201.jpg 300w, https:\/\/www.conselharan.org\/wp-content\/uploads\/2017\/01\/DSC_0850-768x514.jpg 768w\" sizes=\"(max-width: 1024px) 100vw, 1024px\" \/><\/p>\n<p>&nbsp;<\/p>\n<p>En la reuni\u00f3n se han tratado aspectos del convenio c\u00f3mo:<\/p>\n<p>&#8211; Los traslados inter-hospitalarios de urgencia entre la Val d\u2019Aran y las estructuras de tratamientos de la Haute-Garonne realizados a cargo del SAMU 31, incluido los motivos para recurrir al Centro Hospitalier Universitaire de Toulouse, en caso de necesidad, por subsidiariedad sobre los ejes de colaboraci\u00f3n m\u00e9dica desarrollada por la Val d\u2019Aran con el Centro Hospitalier de Comminges Pyr\u00e9n\u00e9es. Se solicitar\u00e1 el permiso del SABS para las peticiones de traslados del CH Comminges Pyr\u00e9n\u00e9es hasta las estructuras de Toulouse.<\/p>\n<p>&#8211; Los traslados de las intervenciones primarias sobre el territorio aran\u00e9s por los servicios del SAMU 31.<\/p>\n<p>En palabras del sindic de Aran, <strong>Carlos Barrera: \u201cCon estas reuniones queremos continuar mejorando la sanidad y el bienestar de nuestros ciudadanos con un sistema l\u00f3gico y sostenible\u201d.<\/strong><\/p>\n<p>&nbsp;<\/p>\n<p>&nbsp;<\/p>\n<p>&nbsp;<\/p>\n<p>Vielha, 13 de enero de 2017<\/p>\n<p>&nbsp;<\/p>\n<p><em>Conselh Generau d&#8217;Aran: N\u00faria Sanjuan<\/em><\/p>\n ","protected":false},"excerpt":{"rendered":"<p>&nbsp; El Gov\u00e8rn de Aran, a trav\u00e9s del Servicio Aran\u00e9s de Bienestar y Salud (SABS), firmaron el a\u00f1o pasado un convenio de cooperaci\u00f3n con el Centro Hospitalier Comminges Pyr\u00e9n\u00e9es de Saint-Gaudens y con el Centro Hospitalier Universitaire (CHU) de Toulouse para continuar y mejorar el tratamiento de las urgencias de la Val d\u2019Aran que necesiten&#8230;<\/p>\n","protected":false},"author":2,"featured_media":15360,"comment_status":"closed","ping_status":"closed","sticky":false,"template":"","format":"standard","meta":{"footnotes":""},"categories":[52],"tags":[],"_links":{"self":[{"href":"https:\/\/www.conselharan.org\/es\/wp-json\/wp\/v2\/posts\/15364"}],"collection":[{"href":"https:\/\/www.conselharan.org\/es\/wp-json\/wp\/v2\/posts"}],"about":[{"href":"https:\/\/www.conselharan.org\/es\/wp-json\/wp\/v2\/types\/post"}],"author":[{"embeddable":true,"href":"https:\/\/www.conselharan.org\/es\/wp-json\/wp\/v2\/users\/2"}],"replies":[{"embeddable":true,"href":"https:\/\/www.conselharan.org\/es\/wp-json\/wp\/v2\/comments?post=15364"}],"version-history":[{"count":1,"href":"https:\/\/www.conselharan.org\/es\/wp-json\/wp\/v2\/posts\/15364\/revisions"}],"predecessor-version":[{"id":15365,"href":"https:\/\/www.conselharan.org\/es\/wp-json\/wp\/v2\/posts\/15364\/revisions\/15365"}],"wp:featuredmedia":[{"embeddable":true,"href":"https:\/\/www.conselharan.org\/es\/wp-json\/wp\/v2\/media\/15360"}],"wp:attachment":[{"href":"https:\/\/www.conselharan.org\/es\/wp-json\/wp\/v2\/media?parent=15364"}],"wp:term":[{"taxonomy":"category","embeddable":true,"href":"https:\/\/www.conselharan.org\/es\/wp-json\/wp\/v2\/categories?post=15364"},{"taxonomy":"post_tag","embeddable":true,"href":"https:\/\/www.conselharan.org\/es\/wp-json\/wp\/v2\/tags?post=15364"}],"curies":[{"name":"wp","href":"https:\/\/api.w.org\/{rel}","templated":true}]}}