{"id":15379,"date":"2017-01-14T08:00:03","date_gmt":"2017-01-14T07:00:03","guid":{"rendered":"http:\/\/www.conselharan.org\/es\/?p=15379"},"modified":"2017-01-13T16:18:48","modified_gmt":"2017-01-13T15:18:48","slug":"un-ano-mas-el-govern-de-aran-patrocinara-a-los-deportistas-de-elite-araneses-aymar-navarro-alex-puente-ruben-caseny-y-ton-consul","status":"publish","type":"post","link":"https:\/\/www.conselharan.org\/es\/un-ano-mas-el-govern-de-aran-patrocinara-a-los-deportistas-de-elite-araneses-aymar-navarro-alex-puente-ruben-caseny-y-ton-consul\/","title":{"rendered":"Un a\u00f1o m\u00e1s el Gov\u00e8rn de Aran patrocinar\u00e1 a los deportistas de \u00e9lite araneses: Aymar Navarro, \u00c1lex Puente, Ruben Caseny y T\u00f2n C\u00f3nsul"},"content":{"rendered":"<p><img loading=\"lazy\" decoding=\"async\" class=\"aligncenter size-large wp-image-15375\" src=\"http:\/\/www.conselharan.org\/wp-content\/uploads\/2017\/01\/patrocini-esportistes-2017-1024x768.jpg\" alt=\"patrocini esportistes 2017\" width=\"1024\" height=\"768\" srcset=\"https:\/\/www.conselharan.org\/wp-content\/uploads\/2017\/01\/patrocini-esportistes-2017-1024x768.jpg 1024w, https:\/\/www.conselharan.org\/wp-content\/uploads\/2017\/01\/patrocini-esportistes-2017-300x225.jpg 300w, https:\/\/www.conselharan.org\/wp-content\/uploads\/2017\/01\/patrocini-esportistes-2017-768x576.jpg 768w, https:\/\/www.conselharan.org\/wp-content\/uploads\/2017\/01\/patrocini-esportistes-2017.jpg 1600w\" sizes=\"(max-width: 1024px) 100vw, 1024px\" \/><\/p>\n<p>&nbsp;<\/p>\n<p><strong>Luis Carlos Medina<\/strong>, vicesindic de Aran y conselh\u00e8r de Deportes, junto con<strong> Anna D\u00edaz<\/strong>, conselh\u00e8ra de Turismo y Desarrollo Econ\u00f3mico de Aran, han firmado un a\u00f1o m\u00e1s un convenio de patrocinio con los deportistas profesionales araneses: <strong>Aymar Navarro, \u00c1lex Puente, Ruben Caseny<\/strong> y<strong> T\u00f2n C\u00f3nsul<\/strong>, para promover el destino tur\u00edstico deportivo Val d\u2019Aran por el mundo, representada en la imagen y en los valores de los deportistas mediante el patrocinio institucional.<\/p>\n<p>Con este convenio de patrocinio, los deportistas araneses en los desplazamientos y stages tendr\u00e1n que llevar en los equipamientos y ropas de descanso los logotipos de Fomento Turismo Val d\u2019Aran \u201cVal d\u2019Aran la esencia de los Pirineos\u201d y Conselh Generau d\u2019Aran, adem\u00e1s de llevarlos en la ropa de competici\u00f3n, siempre que la norma y el reglamento de los equipos lo permitan.<\/p>\n<p>En las ruedas de prensa, acontecimientos period\u00edsticos o deportivos medi\u00e1ticos, llevar\u00e1n el logotipo \u201cVal d\u2019Aran la esencia de los Pirineos\u201d y Conselh Generau d\u2019Aran, as\u00ed como los veh\u00edculos que utilizan los deportistas para los desplazamientos y asistencias a las competiciones, tendr\u00edan que llevar el mismo logotipo.<\/p>\n<ul>\n<li><strong>Aymar Navarro Combali\u00e9<\/strong>, esquiador profesional freeride de categor\u00eda internacional World Freeride Tour (WFT\/WFQ) que participa en pruebas nacionales e internacionales de primer nivel por el mundo, ha se\u00f1alado: <strong>\u201cLa Val d\u2019Aran es un para\u00edso para practicar cualquier deporte pero, en especial para los practicantes como yo del freeride no te la acabas\u201d.\u00a0<\/strong>Adem\u00e1s, Navarro ha a\u00f1adido: \u201c<strong>Es un orgullo representar a la Val d\u2019Aran y, que mejor que representar y que te ayuden\u201d.<\/strong><\/li>\n<\/ul>\n<ul>\n<li><strong>\u00c1lex Puente Tasias,<\/strong> esquiador profesional miembro del equipo de la RFEDI, corredor Ol\u00edmpico (Sochi 2014) de esqu\u00ed alpino. Participa en pruebas nacionales e internacionales de primer nivel por el mundo.\u00a0<strong>\u201cEs una ayuda muy importante, adem\u00e1s de un honor representar a mi pa\u00eds, Aran, donde vaya a competir\u201d<\/strong> ha se\u00f1alado Puente.<\/li>\n<\/ul>\n<ul>\n<li><strong>Ruben Caseny Catal\u00e1,<\/strong> es ciclista y miembro del equipo internacional MASSI- KUWAIT CYCLING PROJECT adem\u00e1s de corredor de esqu\u00ed n\u00f3rdico profesional. <strong>\u201cEs una gran motivaci\u00f3n que te ayuden. Me siento muy orgulloso que mi pa\u00eds me apoye y a la vez poder representarlo\u201d<\/strong> ha manifestado Caseny durante la firma.<\/li>\n<\/ul>\n<ul>\n<li><strong>T\u00f2n C\u00f3nsul Vivar<\/strong>, patinador profesional junior ISU, participa en pruebas nacionales e internacionales de primer nivel por el mundo de patinaje art\u00edstico sobre hielo. En palabras de T\u00f2n: <strong>\u201cRepresentar a mi peque\u00f1o pa\u00eds, la Val d\u2019Aran, es todo un orgullo para m\u00ed, esto todav\u00eda te da m\u00e1s fuerzas para continuar luchando\u201d.<\/strong><\/li>\n<\/ul>\n<p>El vicesindic de Aran y conselh\u00e8r de Deportes, <strong>Lu\u00eds Carlos Medina<\/strong>, ha se\u00f1alado: <strong>\u00abAunque los recursos econ\u00f3micos siempre son limitados, desde el Gov\u00e8rn de Aran siempre estamos abiertos a ayudar a los deportistas araneses en sus carreras hacia el \u00e9xito. Es un orgullo y una suerte poder ayudar a estos j\u00f3venes deportistas araneses. Tanto Aymar, como \u00c1lex, Ruben y T\u00f2n, son un ejemplo para nuestros j\u00f3venes\u201d.<\/strong><\/p>\n<p>Medina ha<strong> agradecido tambi\u00e9n el esfuerzo que hacen las familias de los deportistas.<\/strong><\/p>\n<p>Por su parte, la conselh\u00e8ra de Turismo y Desarrollo Econ\u00f3mico de Aran, <strong>Anna D\u00edaz<\/strong>, ha a\u00f1adido: \u201c<strong>En la Val d\u2019Aran turismo y deporte van de la mano y es un orgullo que nuestros deportistas adem\u00e1s de competir al m\u00e1s alto nivel puedan dar a conocer nuestro destino tur\u00edstico\u201d.<\/strong><\/p>\n<p>El Conselh Generau d\u2019Aran pagar\u00e1, en concepto de patrocinio, la cantidad de 3.000\u20ac, a cada uno de los cuatro deportistas araneses.<\/p>\n<p>&nbsp;<\/p>\n<p>&nbsp;<\/p>\n<p>&nbsp;<\/p>\n<p>Vielha, 14 de enero de 2017<\/p>\n<p>&nbsp;<\/p>\n<p><em>Conselh Generau d&#8217;Aran: N\u00faria Sanjuan<\/em><\/p>\n ","protected":false},"excerpt":{"rendered":"<p>&nbsp; Luis Carlos Medina, vicesindic de Aran y conselh\u00e8r de Deportes, junto con Anna D\u00edaz, conselh\u00e8ra de Turismo y Desarrollo Econ\u00f3mico de Aran, han firmado un a\u00f1o m\u00e1s un convenio de patrocinio con los deportistas profesionales araneses: Aymar Navarro, \u00c1lex Puente, Ruben Caseny y T\u00f2n C\u00f3nsul, para promover el destino tur\u00edstico deportivo Val d\u2019Aran por&#8230;<\/p>\n","protected":false},"author":2,"featured_media":15375,"comment_status":"closed","ping_status":"closed","sticky":false,"template":"","format":"standard","meta":{"footnotes":""},"categories":[34],"tags":[],"_links":{"self":[{"href":"https:\/\/www.conselharan.org\/es\/wp-json\/wp\/v2\/posts\/15379"}],"collection":[{"href":"https:\/\/www.conselharan.org\/es\/wp-json\/wp\/v2\/posts"}],"about":[{"href":"https:\/\/www.conselharan.org\/es\/wp-json\/wp\/v2\/types\/post"}],"author":[{"embeddable":true,"href":"https:\/\/www.conselharan.org\/es\/wp-json\/wp\/v2\/users\/2"}],"replies":[{"embeddable":true,"href":"https:\/\/www.conselharan.org\/es\/wp-json\/wp\/v2\/comments?post=15379"}],"version-history":[{"count":1,"href":"https:\/\/www.conselharan.org\/es\/wp-json\/wp\/v2\/posts\/15379\/revisions"}],"predecessor-version":[{"id":15380,"href":"https:\/\/www.conselharan.org\/es\/wp-json\/wp\/v2\/posts\/15379\/revisions\/15380"}],"wp:featuredmedia":[{"embeddable":true,"href":"https:\/\/www.conselharan.org\/es\/wp-json\/wp\/v2\/media\/15375"}],"wp:attachment":[{"href":"https:\/\/www.conselharan.org\/es\/wp-json\/wp\/v2\/media?parent=15379"}],"wp:term":[{"taxonomy":"category","embeddable":true,"href":"https:\/\/www.conselharan.org\/es\/wp-json\/wp\/v2\/categories?post=15379"},{"taxonomy":"post_tag","embeddable":true,"href":"https:\/\/www.conselharan.org\/es\/wp-json\/wp\/v2\/tags?post=15379"}],"curies":[{"name":"wp","href":"https:\/\/api.w.org\/{rel}","templated":true}]}}