{"id":15426,"date":"2017-01-15T22:17:56","date_gmt":"2017-01-15T21:17:56","guid":{"rendered":"http:\/\/www.conselharan.org\/es\/proteccio-civil-dera-generalitat-active-era-alerta-deth-plan-neucat-pera-intensificacion-dera-nheuada-en-pireneu\/"},"modified":"2017-01-15T22:21:52","modified_gmt":"2017-01-15T21:21:52","slug":"proteccio-civil-dera-generalitat-active-era-alerta-deth-plan-neucat-pera-intensificacion-dera-nheuada-en-pireneu","status":"publish","type":"post","link":"https:\/\/www.conselharan.org\/es\/proteccio-civil-dera-generalitat-active-era-alerta-deth-plan-neucat-pera-intensificacion-dera-nheuada-en-pireneu\/","title":{"rendered":"Protecci\u00f3 Civil dera Generalitat active era Alerta deth plan NEUCAT pera intensificacion dera nheuada en Piren\u00e8u"},"content":{"rendered":"<div>\n<ul>\n<li><strong>Era nheuada s&#8217;a d&#8217;intensificar especiauments enes propl\u00e8us ores ena<\/strong><strong> Val d&#8217;Aran, Pallars Sobir\u00e0 e Alta Ribagor\u00e7a.<\/strong><\/li>\n<\/ul>\n<ul>\n<li><span class=\"bullet\"><strong>Protecci\u00f3 Civil recomane f\u00f2r\u00e7a prud\u00e9ncia enes z\u00f2nes afectades pera nh\u00e8u e eth g\u00e8u, e consultar er estat des carret\u00e8res abans de g\u00e9sser de casa.<\/strong><\/span><\/li>\n<\/ul>\n<\/div>\n<div><\/div>\n<div><\/div>\n<div>\n<div id=\"attachment_15424\" style=\"width: 470px\" class=\"wp-caption aligncenter\"><img loading=\"lazy\" decoding=\"async\" aria-describedby=\"caption-attachment-15424\" class=\"size-full wp-image-15424\" src=\"http:\/\/www.conselharan.org\/wp-content\/uploads\/2017\/01\/BIG_775032921011517_03.jpg\" alt=\"Mapes de perill per neu dilluns\" width=\"460\" height=\"477\" srcset=\"https:\/\/www.conselharan.org\/wp-content\/uploads\/2017\/01\/BIG_775032921011517_03.jpg 460w, https:\/\/www.conselharan.org\/wp-content\/uploads\/2017\/01\/BIG_775032921011517_03-289x300.jpg 289w\" sizes=\"(max-width: 460px) 100vw, 460px\" \/><p id=\"caption-attachment-15424\" class=\"wp-caption-text\">Mapes de perill per neu dilluns<\/p><\/div>\n<\/div>\n<div><\/div>\n<div><\/div>\n<div>Protecci\u00f3 Civil dera Generalitat a activat era ALERTA deth plan NEUCAT pera intensificacion des nheuades en Piren\u00e8u e prepiren\u00e8u, e recomane f\u00f2r\u00e7a prud\u00e9ncia enes propl\u00e8us ores e deman peth maitin.<\/div>\n<div><\/div>\n<div>En Piren\u00e8u en tot er epis\u00f2di se p\u00f2den acumular m\u00e8s de 50 cm de nh\u00e8u naua per dess\u00fas de 1500 metres e m\u00e8s d\u2019un m\u00e8tre de nh\u00e8u per dess\u00fas des 2000 m\u00e8tres. Au\u00e9, e degut ath f\u00f2rt vent, s&#8217;est\u00e0 produint el fenomen del torb que tamb\u00e9 s&#8217;incrementar\u00e0 amb el refor\u00e7 del vent les properes hores sobretot a cotes altes. Dem\u00e0 dilluns, al Pirineu Occidental durant el mat\u00ed la cota de neu pujar\u00e0 transit\u00f2riament fins a situar-se al voltant dels 900 metres, i a partir de llavors tornar\u00e0 a baixar fins a nevar a qualsevol cota.<\/div>\n<div><\/div>\n<div>De cara a la mobilitat per aquestes zones, cal estar atent de les previsions meteorol\u00f2giques i consultar les incid\u00e8ncies de tr\u00e0nsit abans de sortir de casa. Tingueu el vehicle preparat per la neu, amb cadenes, manta, una llanterna i el tel\u00e8fon m\u00f2bil carregat amb bateria per si teniu alguna emerg\u00e8ncia. Eviteu la mobilitat a les zones de muntanya afectades per la neu de forma intensa si no \u00e9s imprescindible.<\/div>\n<div><\/div>\n<div><\/div>\n<div>Alguns dels gruixos de neu acumulats fins avui s\u00f3n: 51cm al Lac Redon (Val d\u2019Aran); 45cm a Malniu (Cerdanya); 38cm a Certascan (Pallars Sobir\u00e0); 32cm a Bonaigua (Pallars Sobir\u00e0) o 20cm a N\u00faria (Ripoll\u00e8s).<\/div>\n<div><\/div>\n<div>El <strong>tel\u00e8fon d\u2019emerg\u00e8ncies 112<\/strong> ha rebut en el que portem de l\u2019episodi de vent i neu del cap de setmana un total de 34 trucades localitzades b\u00e0sicament al Ripoll\u00e8s (8); Val d\u2019Aran (7); i Pallars Sobir\u00e0 i Giron\u00e8s (3). La majoria de les trucades han estat per incid\u00e8ncies de tr\u00e0nsit degut a la neu i el gel i caiguda d\u2019arbres i uralites pel vent.<\/div>\n<div><\/div>\n<div>\n<div>El<strong> Servei Catal\u00e0 de Tr\u00e0nsit<\/strong> ha informat de les seg\u00fcents afectacions:<\/div>\n<\/div>\n<div><\/div>\n<div>Pel que fa a la <strong>mobilitat<\/strong>, l\u2019SCT informa que s\u2019han registrat\u00a0 incid\u00e8ncies vi\u00e0ries per la situaci\u00f3 de meteorologia adversa avui diumenge. A causa de la neu, dues vies resten <strong>tallades <\/strong>al tr\u00e0nsit; la <strong>BV-4031<\/strong> a <strong>Castellar de N\u2019hug<\/strong> per accedir a La Molina i la <strong>C-28<\/strong> a <strong>Naut Aran<\/strong> d\u2019acc\u00e9s al <strong>Port de la Bonaigua<\/strong>. A m\u00e9s, l\u2019<strong>obligaci\u00f3<\/strong> <strong>de circular amb cadenes<\/strong> afecta a alguns trams d\u201911 vies. Es tracta, a la demarcaci\u00f3 de Lleida, de la <strong>C-13, la C-28 i la C-147 a Esterri d\u2019\u00c0neu<\/strong>; de la <strong>C-142b<\/strong> a <strong>Naut Aran<\/strong> per accedir al Pla de Beret i la <strong>C-28<\/strong> a <strong>Vielha<\/strong> cap a Vaqu\u00e8ira; de l\u2019<strong>L-500<\/strong> i l\u2019<strong>L-501<\/strong> a <strong>Vall de Bo\u00ed<\/strong> per anar al Balneari de Bo\u00ed i al Pla de l\u2019Ermita, respectivament; de l\u2019<strong>L-504<\/strong> a <strong>Llavors\u00ed <\/strong>en direcci\u00f3 Tavascan; de l\u2019<strong>L-510<\/strong> a <strong>Alins<\/strong> i de l\u2019<strong>N-141<\/strong> a <strong>Boss\u00f2st <\/strong>fins al Coll del Portillon. Cal recordar que a l\u2019<strong>N-230<\/strong> a <strong>Vielha <\/strong>est\u00e0 <strong>restringit<\/strong> el <strong>pas <\/strong>de <strong>vehicles articulats<\/strong>en direcci\u00f3 Vilaller en ambd\u00f3s sentits per neu o gel a la cal\u00e7ada.<\/div>\n<div><\/div>\n<div><\/div>\n<div><\/div>\n<div><strong>Prealerta del pla PROCICAT per vent<\/strong><\/div>\n<div><\/div>\n<div>Pel que fa al vent, avui ha bufat de component nord al Pirineu, prepirineu i punts de les comarques de Girona, sobretot a les cotes m\u00e9s altes.<\/div>\n<div><\/div>\n<div>Per dem\u00e0 afectar\u00e0 principalment al Pirineu i Prepirineu Occidental, Alt i Baix Empord\u00e0 i la Noguera. La nit de dilluns a dimarts tamb\u00e9 bufar\u00e0 a les comarques del ter\u00e7 est del pa\u00eds que anir\u00e0 minvant durant el dia. El llindar representatiu que es pot superar a nivell de Catalunya \u00e9s ratxa m\u00e0xima de m\u00e9s de 90 km\/h.<\/div>\n<div><\/div>\n<div>Algunes de les ratxes de vent fort avui s\u00f3n: 129 km\/h a Bo\u00ed (Alta Ribagor\u00e7a); 122 km\/h a Sal\u00f2ria (Pallars Sobir\u00e0); 116 a Ulldeter (Ripoll\u00e8s); 112 al pant\u00e0 de Darnius (Alt Empord\u00e0); o 102 a Certascan.<\/div>\n<div><\/div>\n<div>Degut a l\u2019episodi de vent que s\u2019ha de mantenir sobretot a les cotes altes, recomanem molta prud\u00e8ncia en totes les activitats de muntanya, i desistir de l\u2019activitat si ens podem posar en perill. Tamb\u00e9 cal allunyar-se de zones boscosos o que hi hagi elements inestables que puguin caure pel vent.<\/div>\n<div><\/div>\n<div><strong>\u00a0<\/strong><\/div>\n<div><strong>Av\u00eds de risc per fred<\/strong><\/div>\n<div><\/div>\n<div>El Centre d\u2019Emerg\u00e8ncies de Catalunya (CECAT) de Protecci\u00f3 Civil ha fet arribar a tots els municipis afectats l&#8217;av\u00eds de fred que afectar\u00e0 gaireb\u00e9 tot Catalunya el vespre, nit i matinada de dimarts a dimecres.<\/div>\n<div><\/div>\n<div>L\u2019episodi de fred podria continuar fins el divendres, aix\u00ed que caldr\u00e0 molta precauci\u00f3 en la mobilitat de matinada i primera del mat\u00ed per la possibilitat de gla\u00e7ades fortes; consultar abans l&#8217;estat de la via, i evitar despla\u00e7aments en les hores de m\u00e9s risc. Tamb\u00e9 es poden produir gla\u00e7ades als carrers de pobles i ciutats on caldr\u00e0 precauci\u00f3 durant la matinada i en les primeres hores del mat\u00ed en mobilitat amb vehicle i a peu.<\/div>\n<div><\/div>\n<div>En cases a\u00efllades es poden gla\u00e7ar les canonades, aix\u00ed que cal deixar un rajol\u00ed d&#8217;aigua a la nit per evitar congelaci\u00f3. Tamb\u00e9 cal evitar que col\u00b7lectius vulnerables (gent gran, nadons i persones amb malalties respirat\u00f2ries) estiguin a l&#8217;exterior i quiets durant moltes hores sobretot a les hores de m\u00e9s fred; no fer \u00fas d&#8217;estufes de gas, brasers o altres sistemes de calefacci\u00f3 per combusti\u00f3 (flama) que faci temps que no fem servir i no estem segurs que funcionen b\u00e9; No taponar les reixetes de ventilaci\u00f3 dels espais on estan les calderes perqu\u00e8 provoca mal funcionament i acumulaci\u00f3 de gasos que poden provocar un accident (intoxicaci\u00f3 per mon\u00f2xid o asf\u00edxia per falta oxigen); No estar amb una estufa de combusti\u00f3 durant moltes hores en una cambra tancada completament (deixar la porta oberta una mica o ventilar peri\u00f2dicament); i finalment no es recomana fer servir espelmes per escalfar-nos, ni deixar-les enceses sense supervisi\u00f3 i mai de nit.<\/div>\n<div><\/div>\n<div><\/div>\n<div><\/div>\n<div><\/div>\n<div><\/div>\n<div><\/div>\n<div><\/div>\n<div>Vielha, 15 de g\u00e8r \u00a0de 2017<\/div>\n<div><\/div>\n<div><\/div>\n<div>Conselh Generau d&#8217;Aran: N\u00faria Sanjuan<\/div>\n<div><\/div>\n<div>H\u00f2nt: Protecci\u00f3 \u00a0Civil de la Generalitat de Catalunya<\/div>\n<div><\/div>\n<div><\/div>\n<div><\/div>\n<div><\/div>\n ","protected":false},"excerpt":{"rendered":"<p>Era nheuada s&#8217;a d&#8217;intensificar especiauments enes propl\u00e8us ores ena Val d&#8217;Aran, Pallars Sobir\u00e0 e Alta Ribagor\u00e7a. Protecci\u00f3 Civil recomane f\u00f2r\u00e7a prud\u00e9ncia enes z\u00f2nes afectades pera nh\u00e8u e eth g\u00e8u, e consultar er estat des carret\u00e8res abans de g\u00e9sser de casa. Protecci\u00f3 Civil dera Generalitat a activat era ALERTA deth plan NEUCAT pera intensificacion des nheuades&#8230;<\/p>\n","protected":false},"author":2,"featured_media":15424,"comment_status":"closed","ping_status":"closed","sticky":false,"template":"","format":"standard","meta":{"footnotes":""},"categories":[34],"tags":[],"_links":{"self":[{"href":"https:\/\/www.conselharan.org\/es\/wp-json\/wp\/v2\/posts\/15426"}],"collection":[{"href":"https:\/\/www.conselharan.org\/es\/wp-json\/wp\/v2\/posts"}],"about":[{"href":"https:\/\/www.conselharan.org\/es\/wp-json\/wp\/v2\/types\/post"}],"author":[{"embeddable":true,"href":"https:\/\/www.conselharan.org\/es\/wp-json\/wp\/v2\/users\/2"}],"replies":[{"embeddable":true,"href":"https:\/\/www.conselharan.org\/es\/wp-json\/wp\/v2\/comments?post=15426"}],"version-history":[{"count":1,"href":"https:\/\/www.conselharan.org\/es\/wp-json\/wp\/v2\/posts\/15426\/revisions"}],"predecessor-version":[{"id":15428,"href":"https:\/\/www.conselharan.org\/es\/wp-json\/wp\/v2\/posts\/15426\/revisions\/15428"}],"wp:featuredmedia":[{"embeddable":true,"href":"https:\/\/www.conselharan.org\/es\/wp-json\/wp\/v2\/media\/15424"}],"wp:attachment":[{"href":"https:\/\/www.conselharan.org\/es\/wp-json\/wp\/v2\/media?parent=15426"}],"wp:term":[{"taxonomy":"category","embeddable":true,"href":"https:\/\/www.conselharan.org\/es\/wp-json\/wp\/v2\/categories?post=15426"},{"taxonomy":"post_tag","embeddable":true,"href":"https:\/\/www.conselharan.org\/es\/wp-json\/wp\/v2\/tags?post=15426"}],"curies":[{"name":"wp","href":"https:\/\/api.w.org\/{rel}","templated":true}]}}