{"id":15450,"date":"2017-01-16T12:24:59","date_gmt":"2017-01-16T11:24:59","guid":{"rendered":"http:\/\/www.conselharan.org\/es\/perill-dallaus-a-la-val-daran\/"},"modified":"2017-01-16T12:26:47","modified_gmt":"2017-01-16T11:26:47","slug":"perill-dallaus-a-la-val-daran","status":"publish","type":"post","link":"https:\/\/www.conselharan.org\/es\/perill-dallaus-a-la-val-daran\/","title":{"rendered":"Perill d&#8217;allaus a la Val d&#8217;Aran"},"content":{"rendered":"<ul>\n<li><strong>Avui no s&#8217;aconsella fer activitat d&#8217;alta muntanya o limitar les nostres sortides.<\/strong><\/li>\n<\/ul>\n<p>&nbsp;<\/p>\n<p><img loading=\"lazy\" decoding=\"async\" class=\"aligncenter size-full wp-image-15446\" src=\"http:\/\/www.conselharan.org\/wp-content\/uploads\/2017\/01\/lauegi-16.01.17.png\" alt=\"lauegi, 16.01.17\" width=\"401\" height=\"301\" srcset=\"https:\/\/www.conselharan.org\/wp-content\/uploads\/2017\/01\/lauegi-16.01.17.png 401w, https:\/\/www.conselharan.org\/wp-content\/uploads\/2017\/01\/lauegi-16.01.17-300x225.png 300w\" sizes=\"(max-width: 401px) 100vw, 401px\" \/><\/p>\n<p>&nbsp;<\/p>\n<p><strong>El Centre d&#8217;Allaus d&#8217;Aran informa:\u00a0<\/strong><\/p>\n<p>Avui no es recomana fer activitat d\u2019alta muntanya. Hi ha acumulacions de neu nova mobilitzable del voltant de 100 cm i prop dels cims els gruixos s\u00f3n majors per efecte del vent del nord. Esperem que hi hagi activitat d\u2019allaus de mida mitjana que poden arribar als fons de vall. El perill accidental es mant\u00e9 molt alt i en qualsevol orientaci\u00f3 i podem desencadenar plaques de les que ens ser\u00e0 molt dif\u00edcil escapar i amb capacitat d\u2019enterrar-nos en terreny obert. Limitem les sortides a moure\u2019ns per zones boscades i pendents de menys de 30 graus.<\/p>\n<p>Durant els darrers 3 dies ha estat nevant de forma continuada i amb vent fort del nord i nord-oest. Avui esperem que es produeixin allaus naturals de mida mitjana amb \u00e0mplies cicatrius que poden superar els 100 cm de gruix i que amb facilitat arribaran a fons de vall. La pujada de temperatura prevista provocar\u00e0 una estructura inversa de la neu (m\u00e9s pesada en superf\u00edcie) que agreujar\u00e0 la inestabilitat. A cotes altes i prop dels cims les plaques de vent s\u00f3n molt gruixudes i es mantenen tamb\u00e9 molt fr\u00e0gils.<\/p>\n<p>Cal evitar fer activitat per terreny obert, controlar el gruix de neu en tot moment i no travessar vessants exposats amb possible activitat natural.<\/p>\n<p>&nbsp;<\/p>\n<p><strong>Estat de la neu<\/strong><\/p>\n<p>El mantell \u00e9s continu per sobre dels 1000 m amb gruixos a 2200 m que es situen entre els 100 i 160 cm. El vent ha provocat acumulacions que en llocs favorables per sobre del l\u00edmit del bosc poden superar els 200 cm de neu nova. Durant el mat\u00ed la neu que caigui per sota els 1800-2000 m ser\u00e0 molt pesada i ho far\u00e0 sobre nivells poc cohesius i freds. A les obagues per sobre dels 2000 m hi ha nivells febles (neu sucre) enterrats actius.<\/p>\n<p>&nbsp;<\/p>\n<p><em><strong>Predictor: Jordi Gavald\u00e0<\/strong><\/em><\/p>\n<p>&nbsp;<\/p>\n<p>M\u00e9s informaci\u00f3:\u00a0<a href=\"http:\/\/lauegi.conselharan.org\/\" target=\"_blank\"><strong>http:\/\/lauegi.conselharan.org\/<\/strong><\/a><\/p>\n<p>&nbsp;<\/p>\n<p>&nbsp;<\/p>\n<p>&nbsp;<\/p>\n<p>&nbsp;<\/p>\n<p>Vielha, 16 de gener de 2017<\/p>\n<p>&nbsp;<\/p>\n<p><em>Conselh Generau d&#8217;Aran: N\u00faria Sanjuan<\/em><\/p>\n ","protected":false},"excerpt":{"rendered":"<p>Avui no s&#8217;aconsella fer activitat d&#8217;alta muntanya o limitar les nostres sortides. &nbsp; &nbsp; El Centre d&#8217;Allaus d&#8217;Aran informa:\u00a0 Avui no es recomana fer activitat d\u2019alta muntanya. Hi ha acumulacions de neu nova mobilitzable del voltant de 100 cm i prop dels cims els gruixos s\u00f3n majors per efecte del vent del nord. Esperem que&#8230;<\/p>\n","protected":false},"author":2,"featured_media":15446,"comment_status":"closed","ping_status":"closed","sticky":false,"template":"","format":"standard","meta":{"footnotes":""},"categories":[34],"tags":[],"_links":{"self":[{"href":"https:\/\/www.conselharan.org\/es\/wp-json\/wp\/v2\/posts\/15450"}],"collection":[{"href":"https:\/\/www.conselharan.org\/es\/wp-json\/wp\/v2\/posts"}],"about":[{"href":"https:\/\/www.conselharan.org\/es\/wp-json\/wp\/v2\/types\/post"}],"author":[{"embeddable":true,"href":"https:\/\/www.conselharan.org\/es\/wp-json\/wp\/v2\/users\/2"}],"replies":[{"embeddable":true,"href":"https:\/\/www.conselharan.org\/es\/wp-json\/wp\/v2\/comments?post=15450"}],"version-history":[{"count":1,"href":"https:\/\/www.conselharan.org\/es\/wp-json\/wp\/v2\/posts\/15450\/revisions"}],"predecessor-version":[{"id":15451,"href":"https:\/\/www.conselharan.org\/es\/wp-json\/wp\/v2\/posts\/15450\/revisions\/15451"}],"wp:featuredmedia":[{"embeddable":true,"href":"https:\/\/www.conselharan.org\/es\/wp-json\/wp\/v2\/media\/15446"}],"wp:attachment":[{"href":"https:\/\/www.conselharan.org\/es\/wp-json\/wp\/v2\/media?parent=15450"}],"wp:term":[{"taxonomy":"category","embeddable":true,"href":"https:\/\/www.conselharan.org\/es\/wp-json\/wp\/v2\/categories?post=15450"},{"taxonomy":"post_tag","embeddable":true,"href":"https:\/\/www.conselharan.org\/es\/wp-json\/wp\/v2\/tags?post=15450"}],"curies":[{"name":"wp","href":"https:\/\/api.w.org\/{rel}","templated":true}]}}