{"id":15474,"date":"2017-01-17T09:51:01","date_gmt":"2017-01-17T08:51:01","guid":{"rendered":"http:\/\/www.conselharan.org\/es\/?p=15474"},"modified":"2017-01-17T10:44:07","modified_gmt":"2017-01-17T09:44:07","slug":"6-podios-del-ceva-en-la-1a-fase-de-la-copa-de-espana-audi-u14u16","status":"publish","type":"post","link":"https:\/\/www.conselharan.org\/es\/6-podios-del-ceva-en-la-1a-fase-de-la-copa-de-espana-audi-u14u16\/","title":{"rendered":"6 podios del CEVA en la 1\u00aa Fase de la Copa de Espa\u00f1a Audi U14\/U16"},"content":{"rendered":"<p style=\"text-align: left;\"><strong>Lisa Vallcorba y Arrieta Rodr\u00edguez U16, y Eugenia Brotons y Tom\u00e1s Barata U14 suben al podio en Sierra Nevada<\/strong><\/p>\n<p>&nbsp;<\/p>\n<p><img loading=\"lazy\" decoding=\"async\" class=\"aligncenter size-large wp-image-15469\" src=\"http:\/\/www.conselharan.org\/wp-content\/uploads\/2017\/01\/P\u00d2DI-CEVA.-ARRIETA-E-LISA-1024x768.jpeg\" alt=\"P\u00d2DI CEVA. ARRIETA E LISA\" width=\"1024\" height=\"768\" srcset=\"https:\/\/www.conselharan.org\/wp-content\/uploads\/2017\/01\/P\u00d2DI-CEVA.-ARRIETA-E-LISA-1024x768.jpeg 1024w, https:\/\/www.conselharan.org\/wp-content\/uploads\/2017\/01\/P\u00d2DI-CEVA.-ARRIETA-E-LISA-300x225.jpeg 300w, https:\/\/www.conselharan.org\/wp-content\/uploads\/2017\/01\/P\u00d2DI-CEVA.-ARRIETA-E-LISA-768x576.jpeg 768w, https:\/\/www.conselharan.org\/wp-content\/uploads\/2017\/01\/P\u00d2DI-CEVA.-ARRIETA-E-LISA.jpeg 1600w\" sizes=\"(max-width: 1024px) 100vw, 1024px\" \/><\/p>\n<p>&nbsp;<\/p>\n<p>Durante tres d\u00edas el pasado fin de semana se celebr\u00f3 en Sierra Nevada la primera fase de la Copa de Espa\u00f1a Audi de Esqu\u00ed Alpino para las categor\u00edas U14 y U16.<\/p>\n<p>La primera fase de la copa de Espa\u00f1a Audi, finaliz\u00f3 con la disputa del Slalom en el que los participantes soportaron temperaturas bajo cero.<\/p>\n<p>En U16 la mejor fue la deportista del CEVA<strong> Lisa Vallcorba<\/strong> y la segunda posici\u00f3n para <strong>Arrieta Rodr\u00edguez<\/strong>\u00a0tambi\u00e9n del CEVA. La jornada en cuanto a resultados la redonde\u00f3 <strong>Eugenia Brotons<\/strong> (CEVA) con la tercera posici\u00f3n en el Slalom U14.<\/p>\n<p>El fin de semana de competici\u00f3n empez\u00f3 favorablemente para los esquiadores el CEVA, con la primera posici\u00f3n para <strong>Tomas Barata<\/strong> U14 y 2a posici\u00f3n de <strong>Lisa Vallcorba<\/strong> U16, en el SuperGigante disputado el viernes.<\/p>\n<p>En la segunda jornada de esta primera fase de la Copa de Espa\u00f1a Audi, <strong>Eugenia Brotons<\/strong> U14, consigui\u00f3 la segunda posici\u00f3n en el Gigante.<\/p>\n<p>&nbsp;<\/p>\n<p><img loading=\"lazy\" decoding=\"async\" class=\"aligncenter size-large wp-image-15470\" src=\"http:\/\/www.conselharan.org\/wp-content\/uploads\/2017\/01\/CEVA-17.01.17-1024x768.jpeg\" alt=\"CEVA-17.01.17\" width=\"1024\" height=\"768\" srcset=\"https:\/\/www.conselharan.org\/wp-content\/uploads\/2017\/01\/CEVA-17.01.17-1024x768.jpeg 1024w, https:\/\/www.conselharan.org\/wp-content\/uploads\/2017\/01\/CEVA-17.01.17-300x225.jpeg 300w, https:\/\/www.conselharan.org\/wp-content\/uploads\/2017\/01\/CEVA-17.01.17-768x576.jpeg 768w, https:\/\/www.conselharan.org\/wp-content\/uploads\/2017\/01\/CEVA-17.01.17.jpeg 1600w\" sizes=\"(max-width: 1024px) 100vw, 1024px\" \/><\/p>\n<p>&nbsp;<\/p>\n<p>Un fin de semana de grandes resultados para los corredores del CEVA.<\/p>\n<p>La Copa de Espa\u00f1a Audi U14\/16 se despide hasta el 24 de febrero, cuando se celebre la segunda fase en La Molina. La copa de Espa\u00f1a concluir\u00e1 el 26 de marzo en Cerler.<\/p>\n<p>&nbsp;<\/p>\n<p>&nbsp;<\/p>\n<p>&nbsp;<\/p>\n<p>&nbsp;<\/p>\n<p>Vielha, 17 de enero de 2017<\/p>\n<p>&nbsp;<\/p>\n<p><em>Conselh Generau d&#8217;Aran: N\u00faria Sanjuan<\/em><\/p>\n<p><em>Fuente y Fotos: CEVA<\/em><\/p>\n ","protected":false},"excerpt":{"rendered":"<p>Lisa Vallcorba y Arrieta Rodr\u00edguez U16, y Eugenia Brotons y Tom\u00e1s Barata U14 suben al podio en Sierra Nevada &nbsp; &nbsp; Durante tres d\u00edas el pasado fin de semana se celebr\u00f3 en Sierra Nevada la primera fase de la Copa de Espa\u00f1a Audi de Esqu\u00ed Alpino para las categor\u00edas U14 y U16. La primera fase&#8230;<\/p>\n","protected":false},"author":2,"featured_media":15470,"comment_status":"closed","ping_status":"closed","sticky":false,"template":"","format":"standard","meta":{"footnotes":""},"categories":[34],"tags":[],"_links":{"self":[{"href":"https:\/\/www.conselharan.org\/es\/wp-json\/wp\/v2\/posts\/15474"}],"collection":[{"href":"https:\/\/www.conselharan.org\/es\/wp-json\/wp\/v2\/posts"}],"about":[{"href":"https:\/\/www.conselharan.org\/es\/wp-json\/wp\/v2\/types\/post"}],"author":[{"embeddable":true,"href":"https:\/\/www.conselharan.org\/es\/wp-json\/wp\/v2\/users\/2"}],"replies":[{"embeddable":true,"href":"https:\/\/www.conselharan.org\/es\/wp-json\/wp\/v2\/comments?post=15474"}],"version-history":[{"count":2,"href":"https:\/\/www.conselharan.org\/es\/wp-json\/wp\/v2\/posts\/15474\/revisions"}],"predecessor-version":[{"id":15478,"href":"https:\/\/www.conselharan.org\/es\/wp-json\/wp\/v2\/posts\/15474\/revisions\/15478"}],"wp:featuredmedia":[{"embeddable":true,"href":"https:\/\/www.conselharan.org\/es\/wp-json\/wp\/v2\/media\/15470"}],"wp:attachment":[{"href":"https:\/\/www.conselharan.org\/es\/wp-json\/wp\/v2\/media?parent=15474"}],"wp:term":[{"taxonomy":"category","embeddable":true,"href":"https:\/\/www.conselharan.org\/es\/wp-json\/wp\/v2\/categories?post=15474"},{"taxonomy":"post_tag","embeddable":true,"href":"https:\/\/www.conselharan.org\/es\/wp-json\/wp\/v2\/tags?post=15474"}],"curies":[{"name":"wp","href":"https:\/\/api.w.org\/{rel}","templated":true}]}}