{"id":15516,"date":"2017-01-18T11:06:30","date_gmt":"2017-01-18T10:06:30","guid":{"rendered":"http:\/\/www.conselharan.org\/es\/?p=15516"},"modified":"2017-01-18T11:07:46","modified_gmt":"2017-01-18T10:07:46","slug":"finalizan-las-obras-de-rehabilitacion-de-la-iglesia-de-san-juan-de-arres","status":"publish","type":"post","link":"https:\/\/www.conselharan.org\/es\/finalizan-las-obras-de-rehabilitacion-de-la-iglesia-de-san-juan-de-arres\/","title":{"rendered":"Finalizan las obras de rehabilitaci\u00f3n de la iglesia de San Juan de Arres"},"content":{"rendered":"<p><strong>Se ha restaurado el campanario, la cubierta y las fachadas del monumento de la Val d\u2019Aran.<\/strong><\/p>\n<p><strong>Esta segunda fase ha sido financiada por el INCAS\u00d2L, a trav\u00e9s de los fondos provenientes del Convenio de transferencias del a\u00f1o 2015 con la Agencia de la Vivienda de Catalu\u00f1a, el Obispado de Urgell, el Conselh Generau d\u2019Aran y el Ayuntamiento de Arres.<\/strong><\/p>\n<p>&nbsp;<\/p>\n<p><img loading=\"lazy\" decoding=\"async\" class=\"aligncenter size-full wp-image-15511\" src=\"http:\/\/www.conselharan.org\/wp-content\/uploads\/2017\/01\/gl\u00e8isa-Arres-abantes-e-ara.jpg\" alt=\"gl\u00e8isa Arres- abantes e ara\" width=\"960\" height=\"320\" srcset=\"https:\/\/www.conselharan.org\/wp-content\/uploads\/2017\/01\/gl\u00e8isa-Arres-abantes-e-ara.jpg 960w, https:\/\/www.conselharan.org\/wp-content\/uploads\/2017\/01\/gl\u00e8isa-Arres-abantes-e-ara-300x100.jpg 300w, https:\/\/www.conselharan.org\/wp-content\/uploads\/2017\/01\/gl\u00e8isa-Arres-abantes-e-ara-768x256.jpg 768w\" sizes=\"(max-width: 960px) 100vw, 960px\" \/><\/p>\n<p>&nbsp;<\/p>\n<p>El Instituto Catal\u00e1n del Suelo, INCAS\u00d2L, ha finalizado la segunda fase de la consolidaci\u00f3n estructural de la vuelta y la cubierta de la iglesia de San Juan de Arres, en Arres (Val d\u2019Aran). La obra ha contado con una inversi\u00f3n de 64.663,53 \u20ac (sin IVA) y ha sido ejecutada por la empresa Transportes y Excavaciones Barba, S.L.<\/p>\n<p>Las obras han consistido en la reparaci\u00f3n de las patolog\u00edas estructurales y las humedades del campanario, la cubierta y las fachadas. La iglesia presenta contrafuertes en las fachadas este, norte y sur. El grueso de los muros de cierre quedaban reducidos a la mitad una vez sobrepasaban la cota de la vuelta. Es en esta zona donde se ha tenido que reforzar m\u00e1s la estructura.<\/p>\n<p>La iglesia es de estilo barroco, de finales del siglo XVIII, construida con una sola nave con vuelta de ca\u00f1\u00f3n y una zona de presbiterio con vuelta de cruce. En el extremo noroeste de la iglesia se encuentra un campanario adosado en la nave principal, con acceso al interior a trav\u00e9s de una puerta desde el segundo coraz\u00f3n. La portalada, ubicada en el muro de mediod\u00eda, est\u00e1 labrada con un dentell\u00f3n superior de m\u00e1rmol.<\/p>\n<p><strong>Financiaci\u00f3n en dos fases<\/strong><\/p>\n<p>La obra que ahora culmina es la segunda fase de la prevista en el convenio, firmado el 9 de diciembre de 2013 y modificado por una adenda de 8 de marzo de 2013, que por problemas presupuestarios se subdividi\u00f3 en dos fases. La primera de ellas fue ejecutada por el Conselh Generau d\u2019Aran el a\u00f1o 2013.<\/p>\n<p>Esta segunda fase ha sido financiada por el INCAS\u00d2L, mediante los fondos provenientes del Convenio de transferencias del a\u00f1o 2015 con la Agencia de la Vivienda de Catalu\u00f1a, el Obispado de Urgell, el Conselh Generau d\u2019Aran y el Ayuntamiento de Arres. La actuaci\u00f3n forma parte del programa \u201cRevivir las Viejas Ciudades\u201d que tiene como objetivo la recuperaci\u00f3n y rehabilitaci\u00f3n de patrimonio hist\u00f3rico.<\/p>\n<p>&nbsp;<\/p>\n<p>&nbsp;<\/p>\n<p>&nbsp;<\/p>\n<p>Vielha, 18 de enero de 2017<\/p>\n<p>&nbsp;<\/p>\n<p><em>Conselh Generau d&#8217;Aran: N\u00faria Sanjuan<\/em><\/p>\n<p><em>Fuente: INCAS\u00d2L<\/em><\/p>\n ","protected":false},"excerpt":{"rendered":"<p>Se ha restaurado el campanario, la cubierta y las fachadas del monumento de la Val d\u2019Aran. Esta segunda fase ha sido financiada por el INCAS\u00d2L, a trav\u00e9s de los fondos provenientes del Convenio de transferencias del a\u00f1o 2015 con la Agencia de la Vivienda de Catalu\u00f1a, el Obispado de Urgell, el Conselh Generau d\u2019Aran y&#8230;<\/p>\n","protected":false},"author":2,"featured_media":15515,"comment_status":"closed","ping_status":"closed","sticky":false,"template":"","format":"standard","meta":{"footnotes":""},"categories":[52],"tags":[],"_links":{"self":[{"href":"https:\/\/www.conselharan.org\/es\/wp-json\/wp\/v2\/posts\/15516"}],"collection":[{"href":"https:\/\/www.conselharan.org\/es\/wp-json\/wp\/v2\/posts"}],"about":[{"href":"https:\/\/www.conselharan.org\/es\/wp-json\/wp\/v2\/types\/post"}],"author":[{"embeddable":true,"href":"https:\/\/www.conselharan.org\/es\/wp-json\/wp\/v2\/users\/2"}],"replies":[{"embeddable":true,"href":"https:\/\/www.conselharan.org\/es\/wp-json\/wp\/v2\/comments?post=15516"}],"version-history":[{"count":1,"href":"https:\/\/www.conselharan.org\/es\/wp-json\/wp\/v2\/posts\/15516\/revisions"}],"predecessor-version":[{"id":15517,"href":"https:\/\/www.conselharan.org\/es\/wp-json\/wp\/v2\/posts\/15516\/revisions\/15517"}],"wp:featuredmedia":[{"embeddable":true,"href":"https:\/\/www.conselharan.org\/es\/wp-json\/wp\/v2\/media\/15515"}],"wp:attachment":[{"href":"https:\/\/www.conselharan.org\/es\/wp-json\/wp\/v2\/media?parent=15516"}],"wp:term":[{"taxonomy":"category","embeddable":true,"href":"https:\/\/www.conselharan.org\/es\/wp-json\/wp\/v2\/categories?post=15516"},{"taxonomy":"post_tag","embeddable":true,"href":"https:\/\/www.conselharan.org\/es\/wp-json\/wp\/v2\/tags?post=15516"}],"curies":[{"name":"wp","href":"https:\/\/api.w.org\/{rel}","templated":true}]}}