{"id":15546,"date":"2017-01-20T10:49:14","date_gmt":"2017-01-20T09:49:14","guid":{"rendered":"http:\/\/www.conselharan.org\/es\/?p=15546"},"modified":"2017-01-20T10:49:14","modified_gmt":"2017-01-20T09:49:14","slug":"el-sindic-de-aran-carlos-barrera-se-reune-con-la-consellera-de-agricultura-ganaderia-pesca-y-alimentacion-de-la-generalitat-de-cataluna-meritxell-serret","status":"publish","type":"post","link":"https:\/\/www.conselharan.org\/es\/el-sindic-de-aran-carlos-barrera-se-reune-con-la-consellera-de-agricultura-ganaderia-pesca-y-alimentacion-de-la-generalitat-de-cataluna-meritxell-serret\/","title":{"rendered":"El sindic de Aran, Carlos Barrera, se re\u00fane con la consellera de Agricultura, Ganader\u00eda, Pesca y Alimentaci\u00f3n de la Generalitat de Catalu\u00f1a, Meritxell Serret"},"content":{"rendered":"<p><img loading=\"lazy\" decoding=\"async\" class=\"aligncenter size-large wp-image-15542\" src=\"http:\/\/www.conselharan.org\/wp-content\/uploads\/2017\/01\/agricultura-1024x683.jpg\" alt=\"agricultura\" width=\"1024\" height=\"683\" srcset=\"https:\/\/www.conselharan.org\/wp-content\/uploads\/2017\/01\/agricultura-1024x683.jpg 1024w, https:\/\/www.conselharan.org\/wp-content\/uploads\/2017\/01\/agricultura-300x200.jpg 300w, https:\/\/www.conselharan.org\/wp-content\/uploads\/2017\/01\/agricultura-768x512.jpg 768w\" sizes=\"(max-width: 1024px) 100vw, 1024px\" \/><\/p>\n<p>&nbsp;<\/p>\n<p>El sindic de Aran, <strong>Carlos Barrera,<\/strong> se reuni\u00f3 ayer jueves, 19 de enero, con la consellera de Agricultura, Ganader\u00eda, Pesca y Alimentaci\u00f3n de la Generalitat de Catalu\u00f1a, <strong>Meritxell Serret.<\/strong><\/p>\n<p>&nbsp;<\/p>\n<p>La reuni\u00f3n tuvo lugar en Barcelona, en el Departamento de Agricultura, Ganader\u00eda, Pesca y Alimentaci\u00f3n de la Generalitat.<\/p>\n<p>&nbsp;<\/p>\n<p>&nbsp;<\/p>\n<p>&nbsp;<\/p>\n<p>&nbsp;<\/p>\n<p>&nbsp;<\/p>\n<p>Vielha, 20 de enero de 2017<\/p>\n<p>&nbsp;<\/p>\n<p><em>Conselh Generau d&#8217;Aran: N\u00faria Sanjuan<\/em><\/p>\n<p><em>Foto:\u00a0Departamento de Agricultura, Ganader\u00eda, Pesca y Alimentaci\u00f3n de la Generalitat de Catalu\u00f1a<\/em><\/p>\n ","protected":false},"excerpt":{"rendered":"<p>&nbsp; El sindic de Aran, Carlos Barrera, se reuni\u00f3 ayer jueves, 19 de enero, con la consellera de Agricultura, Ganader\u00eda, Pesca y Alimentaci\u00f3n de la Generalitat de Catalu\u00f1a, Meritxell Serret. &nbsp; La reuni\u00f3n tuvo lugar en Barcelona, en el Departamento de Agricultura, Ganader\u00eda, Pesca y Alimentaci\u00f3n de la Generalitat. &nbsp; &nbsp; &nbsp; &nbsp; &nbsp; Vielha,&#8230;<\/p>\n","protected":false},"author":2,"featured_media":15542,"comment_status":"closed","ping_status":"closed","sticky":false,"template":"","format":"standard","meta":{"footnotes":""},"categories":[52],"tags":[],"_links":{"self":[{"href":"https:\/\/www.conselharan.org\/es\/wp-json\/wp\/v2\/posts\/15546"}],"collection":[{"href":"https:\/\/www.conselharan.org\/es\/wp-json\/wp\/v2\/posts"}],"about":[{"href":"https:\/\/www.conselharan.org\/es\/wp-json\/wp\/v2\/types\/post"}],"author":[{"embeddable":true,"href":"https:\/\/www.conselharan.org\/es\/wp-json\/wp\/v2\/users\/2"}],"replies":[{"embeddable":true,"href":"https:\/\/www.conselharan.org\/es\/wp-json\/wp\/v2\/comments?post=15546"}],"version-history":[{"count":1,"href":"https:\/\/www.conselharan.org\/es\/wp-json\/wp\/v2\/posts\/15546\/revisions"}],"predecessor-version":[{"id":15547,"href":"https:\/\/www.conselharan.org\/es\/wp-json\/wp\/v2\/posts\/15546\/revisions\/15547"}],"wp:featuredmedia":[{"embeddable":true,"href":"https:\/\/www.conselharan.org\/es\/wp-json\/wp\/v2\/media\/15542"}],"wp:attachment":[{"href":"https:\/\/www.conselharan.org\/es\/wp-json\/wp\/v2\/media?parent=15546"}],"wp:term":[{"taxonomy":"category","embeddable":true,"href":"https:\/\/www.conselharan.org\/es\/wp-json\/wp\/v2\/categories?post=15546"},{"taxonomy":"post_tag","embeddable":true,"href":"https:\/\/www.conselharan.org\/es\/wp-json\/wp\/v2\/tags?post=15546"}],"curies":[{"name":"wp","href":"https:\/\/api.w.org\/{rel}","templated":true}]}}