{"id":15557,"date":"2017-01-20T14:59:47","date_gmt":"2017-01-20T13:59:47","guid":{"rendered":"http:\/\/www.conselharan.org\/es\/?p=15557"},"modified":"2017-01-20T14:59:47","modified_gmt":"2017-01-20T13:59:47","slug":"un-ano-mas-el-govern-de-aran-aporta-10-000e-a-caritas-para-ayudar-a-las-familias-desfavorecidas-y-en-riesgo-de-exclusion-social","status":"publish","type":"post","link":"https:\/\/www.conselharan.org\/es\/un-ano-mas-el-govern-de-aran-aporta-10-000e-a-caritas-para-ayudar-a-las-familias-desfavorecidas-y-en-riesgo-de-exclusion-social\/","title":{"rendered":"Un a\u00f1o m\u00e1s, el Gov\u00e8rn de Aran aporta 10.000\u20ac a C\u00e1ritas para ayudar a las familias desfavorecidas y en riesgo de exclusi\u00f3n social"},"content":{"rendered":"<p><img loading=\"lazy\" decoding=\"async\" class=\"aligncenter size-large wp-image-15550\" src=\"http:\/\/www.conselharan.org\/wp-content\/uploads\/2017\/01\/DSC_0884-1024x711.jpg\" alt=\"DSC_0884\" width=\"1024\" height=\"711\" srcset=\"https:\/\/www.conselharan.org\/wp-content\/uploads\/2017\/01\/DSC_0884-1024x711.jpg 1024w, https:\/\/www.conselharan.org\/wp-content\/uploads\/2017\/01\/DSC_0884-300x208.jpg 300w, https:\/\/www.conselharan.org\/wp-content\/uploads\/2017\/01\/DSC_0884-768x533.jpg 768w\" sizes=\"(max-width: 1024px) 100vw, 1024px\" \/><\/p>\n<p>&nbsp;<\/p>\n<p>El sindic de Aran, <strong>Carlos Barrera<\/strong>, y el representante de <em>C\u00e0ritas Diocesana d\u2019Urgell<\/em>, <strong>Mos\u00e9n Pere Balagu\u00e9<\/strong>, han firmado un convenio de colaboraci\u00f3n para la intervenci\u00f3n social de las familias desfavorecidas y en riesgo de exclusi\u00f3n social. El acto ha contado tambi\u00e9n con la asistencia de la directora de C\u00e1ritas en Vielha, <strong>Susana Argelich.<\/strong><\/p>\n<p>&nbsp;<\/p>\n<p><img loading=\"lazy\" decoding=\"async\" class=\"aligncenter size-large wp-image-15551\" src=\"http:\/\/www.conselharan.org\/wp-content\/uploads\/2017\/01\/DSC_0886-1024x624.jpg\" alt=\"DSC_0886\" width=\"1024\" height=\"624\" srcset=\"https:\/\/www.conselharan.org\/wp-content\/uploads\/2017\/01\/DSC_0886-1024x624.jpg 1024w, https:\/\/www.conselharan.org\/wp-content\/uploads\/2017\/01\/DSC_0886-300x183.jpg 300w, https:\/\/www.conselharan.org\/wp-content\/uploads\/2017\/01\/DSC_0886-768x468.jpg 768w\" sizes=\"(max-width: 1024px) 100vw, 1024px\" \/><\/p>\n<p>&nbsp;<\/p>\n<p>En palabras del sindic de Aran, <strong>Carlos Barrera: \u201cEl Gov\u00e8rn de Aran, en virtud de sus competencias, realiza varias actividades y programas a favor de los colectivos afectados por los diferentes problemas en el sector de los servicios sociales. Con este convenio queremos garantizar poder ayudar a toda la gente de la Val d\u2019Aran que lo necesite\u201d<\/strong>. Barrera ha <strong>subrayado la estrechada colaboraci\u00f3n entre el Departamento de Salud y Bienestar de Aran y C\u00e1ritas.<\/strong><\/p>\n<p><em><strong>C\u00e0ritas Diocesana d\u2019Urgell<\/strong> <\/em>es una entidad sin inter\u00e9s lucrativo fuertemente arraigada en Aran. Sus actividades son de car\u00e1cter ben\u00e9fico y asistencial, y constituyen un apoyo para los colectivos m\u00e1s desfavorecidos, uno de sus principales compromisos y preocupaciones, intentando evitar que se llegue a situaciones de necesidad y marginaci\u00f3n, en la medida de lo posible.<\/p>\n<p>Con el convenio firmado hoy, <strong>el Conselh Generau d\u2019Aran aporta 10.000\u20ac en virtud de la previsi\u00f3n hecha en cuanto a actividades que desarrollar\u00e1 C\u00e1ritas durante todo el a\u00f1o.<\/strong><\/p>\n<p>&nbsp;<\/p>\n<p>&nbsp;<\/p>\n<p>&nbsp;<\/p>\n<p>&nbsp;<\/p>\n<p>Vielha, 20 de enero de 2017<\/p>\n<p>&nbsp;<\/p>\n<p><em>Conselh Generau d&#8217;Aran: N\u00faria Sanjuan<\/em><\/p>\n<p>&nbsp;<\/p>\n ","protected":false},"excerpt":{"rendered":"<p>&nbsp; El sindic de Aran, Carlos Barrera, y el representante de C\u00e0ritas Diocesana d\u2019Urgell, Mos\u00e9n Pere Balagu\u00e9, han firmado un convenio de colaboraci\u00f3n para la intervenci\u00f3n social de las familias desfavorecidas y en riesgo de exclusi\u00f3n social. El acto ha contado tambi\u00e9n con la asistencia de la directora de C\u00e1ritas en Vielha, Susana Argelich. &nbsp;&#8230;<\/p>\n","protected":false},"author":2,"featured_media":15550,"comment_status":"closed","ping_status":"closed","sticky":false,"template":"","format":"standard","meta":{"footnotes":""},"categories":[52],"tags":[],"_links":{"self":[{"href":"https:\/\/www.conselharan.org\/es\/wp-json\/wp\/v2\/posts\/15557"}],"collection":[{"href":"https:\/\/www.conselharan.org\/es\/wp-json\/wp\/v2\/posts"}],"about":[{"href":"https:\/\/www.conselharan.org\/es\/wp-json\/wp\/v2\/types\/post"}],"author":[{"embeddable":true,"href":"https:\/\/www.conselharan.org\/es\/wp-json\/wp\/v2\/users\/2"}],"replies":[{"embeddable":true,"href":"https:\/\/www.conselharan.org\/es\/wp-json\/wp\/v2\/comments?post=15557"}],"version-history":[{"count":1,"href":"https:\/\/www.conselharan.org\/es\/wp-json\/wp\/v2\/posts\/15557\/revisions"}],"predecessor-version":[{"id":15558,"href":"https:\/\/www.conselharan.org\/es\/wp-json\/wp\/v2\/posts\/15557\/revisions\/15558"}],"wp:featuredmedia":[{"embeddable":true,"href":"https:\/\/www.conselharan.org\/es\/wp-json\/wp\/v2\/media\/15550"}],"wp:attachment":[{"href":"https:\/\/www.conselharan.org\/es\/wp-json\/wp\/v2\/media?parent=15557"}],"wp:term":[{"taxonomy":"category","embeddable":true,"href":"https:\/\/www.conselharan.org\/es\/wp-json\/wp\/v2\/categories?post=15557"},{"taxonomy":"post_tag","embeddable":true,"href":"https:\/\/www.conselharan.org\/es\/wp-json\/wp\/v2\/tags?post=15557"}],"curies":[{"name":"wp","href":"https:\/\/api.w.org\/{rel}","templated":true}]}}