{"id":15565,"date":"2017-01-23T12:04:19","date_gmt":"2017-01-23T11:04:19","guid":{"rendered":"http:\/\/www.conselharan.org\/es\/?p=15565"},"modified":"2017-01-23T12:04:19","modified_gmt":"2017-01-23T11:04:19","slug":"el-aranes-abel-moga-carracedo-3o-en-la-freeride-junior-tour-les-arcs-3","status":"publish","type":"post","link":"https:\/\/www.conselharan.org\/es\/el-aranes-abel-moga-carracedo-3o-en-la-freeride-junior-tour-les-arcs-3\/","title":{"rendered":"El aran\u00e9s, Abel Moga Carracedo, 3\u00ba en la Freeride Junior Tour Les Arcs 3*"},"content":{"rendered":"<p>\u2022<strong> La pr\u00f3xima prueba del circuito Freeride Junior Tour ser\u00e1 el 28 y 29 de enero en Baqueira Beret (El Dorado Freeride Junior Baqueira 2*)<\/strong><\/p>\n<p>&nbsp;<\/p>\n<p><img loading=\"lazy\" decoding=\"async\" class=\"aligncenter size-full wp-image-15560\" src=\"http:\/\/www.conselharan.org\/wp-content\/uploads\/2017\/01\/3au-Abel-Moga.jpg\" alt=\"3au Abel Moga\" width=\"815\" height=\"715\" srcset=\"https:\/\/www.conselharan.org\/wp-content\/uploads\/2017\/01\/3au-Abel-Moga.jpg 815w, https:\/\/www.conselharan.org\/wp-content\/uploads\/2017\/01\/3au-Abel-Moga-300x263.jpg 300w, https:\/\/www.conselharan.org\/wp-content\/uploads\/2017\/01\/3au-Abel-Moga-768x674.jpg 768w\" sizes=\"(max-width: 815px) 100vw, 815px\" \/><\/p>\n<p>&nbsp;<\/p>\n<p>El pasado fin de semana, se celebr\u00f3 la Freeride Junior Tour Les Arcs 3* donde el joven aran\u00e9s de 16 a\u00f1os, <strong>Abel Moga Carracedo<\/strong>, del <strong>Club Esqu\u00ed Emotion<\/strong>, consigui\u00f3 la tercera posici\u00f3n.<\/p>\n<p><strong>Axel Tukiainen<\/strong>, tambi\u00e9n del Club Esqu\u00ed Emotion, acab\u00f3 en un meritorio 25\u00ba lugar y sus compa\u00f1eros de equipo, <strong>Pol Tellosa Bad\u00eda<\/strong> (45\u00ba) y <strong>Jordi Riba<\/strong> (53\u00ba), no corrieron la misma suerte y cayeron.<\/p>\n<p>El entrenador del Club Esqu\u00ed Emotion, <strong>Cristian Boiria<\/strong>, se mostr\u00f3 muy satisfecho con el resultado conseguido y lament\u00f3 las ca\u00eddas sufridas por Pol y Jordi.<\/p>\n<p><strong>Abel Moga, Pol Tellosa y Axel Tukiainen est\u00e1n dentro del programa anual de Tecnificaci\u00f3n en Freeride del Conselh Generau d\u2019Aran.<\/strong><\/p>\n<p>La pr\u00f3xima prueba del circuito Freeride Junior Tour ser\u00e1 el 28 y 29 de enero en Baqueira Beret.<\/p>\n<p>&nbsp;<\/p>\n<p>&nbsp;<\/p>\n<p>&nbsp;<\/p>\n<p>&nbsp;<\/p>\n<p>Vielha, 23 de enero de 2017<\/p>\n<p>&nbsp;<\/p>\n<p><em>Conselh Generau d&#8217;Aran: N\u00faria Sanjuan<\/em><\/p>\n<p><em>Foto: Cristian Boiria\/\u00a0Club Esqu\u00ed Emotion<\/em><\/p>\n ","protected":false},"excerpt":{"rendered":"<p>\u2022 La pr\u00f3xima prueba del circuito Freeride Junior Tour ser\u00e1 el 28 y 29 de enero en Baqueira Beret (El Dorado Freeride Junior Baqueira 2*) &nbsp; &nbsp; El pasado fin de semana, se celebr\u00f3 la Freeride Junior Tour Les Arcs 3* donde el joven aran\u00e9s de 16 a\u00f1os, Abel Moga Carracedo, del Club Esqu\u00ed Emotion,&#8230;<\/p>\n","protected":false},"author":2,"featured_media":15560,"comment_status":"closed","ping_status":"closed","sticky":false,"template":"","format":"standard","meta":{"footnotes":""},"categories":[34],"tags":[],"_links":{"self":[{"href":"https:\/\/www.conselharan.org\/es\/wp-json\/wp\/v2\/posts\/15565"}],"collection":[{"href":"https:\/\/www.conselharan.org\/es\/wp-json\/wp\/v2\/posts"}],"about":[{"href":"https:\/\/www.conselharan.org\/es\/wp-json\/wp\/v2\/types\/post"}],"author":[{"embeddable":true,"href":"https:\/\/www.conselharan.org\/es\/wp-json\/wp\/v2\/users\/2"}],"replies":[{"embeddable":true,"href":"https:\/\/www.conselharan.org\/es\/wp-json\/wp\/v2\/comments?post=15565"}],"version-history":[{"count":1,"href":"https:\/\/www.conselharan.org\/es\/wp-json\/wp\/v2\/posts\/15565\/revisions"}],"predecessor-version":[{"id":15566,"href":"https:\/\/www.conselharan.org\/es\/wp-json\/wp\/v2\/posts\/15565\/revisions\/15566"}],"wp:featuredmedia":[{"embeddable":true,"href":"https:\/\/www.conselharan.org\/es\/wp-json\/wp\/v2\/media\/15560"}],"wp:attachment":[{"href":"https:\/\/www.conselharan.org\/es\/wp-json\/wp\/v2\/media?parent=15565"}],"wp:term":[{"taxonomy":"category","embeddable":true,"href":"https:\/\/www.conselharan.org\/es\/wp-json\/wp\/v2\/categories?post=15565"},{"taxonomy":"post_tag","embeddable":true,"href":"https:\/\/www.conselharan.org\/es\/wp-json\/wp\/v2\/tags?post=15565"}],"curies":[{"name":"wp","href":"https:\/\/api.w.org\/{rel}","templated":true}]}}