{"id":15572,"date":"2017-01-24T11:29:35","date_gmt":"2017-01-24T10:29:35","guid":{"rendered":"http:\/\/www.conselharan.org\/es\/?p=15572"},"modified":"2017-01-24T11:29:35","modified_gmt":"2017-01-24T10:29:35","slug":"gran-fin-de-semana-para-los-alevines-y-el-equipo-interclubs-del-caei","status":"publish","type":"post","link":"https:\/\/www.conselharan.org\/es\/gran-fin-de-semana-para-los-alevines-y-el-equipo-interclubs-del-caei\/","title":{"rendered":"Gran fin de semana para los Alevines y el equipo Interclubs del CAEI"},"content":{"rendered":"<p><img loading=\"lazy\" decoding=\"async\" class=\"aligncenter size-large wp-image-15568\" src=\"http:\/\/www.conselharan.org\/wp-content\/uploads\/2017\/01\/CAEI-FLOQUET-DE-NEU-1024x768.jpeg\" alt=\"CAEI- FLOQUET DE NEU\" width=\"1024\" height=\"768\" srcset=\"https:\/\/www.conselharan.org\/wp-content\/uploads\/2017\/01\/CAEI-FLOQUET-DE-NEU-1024x768.jpeg 1024w, https:\/\/www.conselharan.org\/wp-content\/uploads\/2017\/01\/CAEI-FLOQUET-DE-NEU-300x225.jpeg 300w, https:\/\/www.conselharan.org\/wp-content\/uploads\/2017\/01\/CAEI-FLOQUET-DE-NEU-768x576.jpeg 768w, https:\/\/www.conselharan.org\/wp-content\/uploads\/2017\/01\/CAEI-FLOQUET-DE-NEU.jpeg 1632w\" sizes=\"(max-width: 1024px) 100vw, 1024px\" \/><\/p>\n<p>&nbsp;<\/p>\n<p>Los Alevines y la secci\u00f3n de Interclubs del <strong>Club Aran\u00e9s Esp\u00f2rts d\u2019Iu\u00e8rn (CAEI)<\/strong> tuvieron competici\u00f3n el pasado fin de semana. Ambos grupos se desplazaron hasta la estaci\u00f3n de Espot para disputar el XIII Trofeo Floquet de Neu y el XII Trofeo Interclubs Espot Esqu\u00ed y entre los dos equipos consiguieron muy buenos resultados.<\/p>\n<p>Los primeros en entrar en competici\u00f3n fueron los chic@s de Interclubs. El s\u00e1bado, 21 de enero, disputaron un Gigante en donde se consiguieron tres p\u00f3diums, dos en la categor\u00eda U14:<strong> la aranesa, Aina Masip<\/strong> (primera) y <strong>Axel Coscollola<\/strong> (tercero) y uno en U16: <strong>Guzm\u00e1n Fern\u00e1ndez<\/strong> (tercero).<\/p>\n<p>El domingo, 22 de enero, se realiz\u00f3 con \u00e9xito el Slalom y el equipo del CAEI sum\u00f3 dos p\u00f3diums m\u00e1s. <strong>La aranesas Aina Masip (U14) qued\u00f3 segunda y Ares Capdevila (U16) tercera<\/strong>.<\/p>\n<p>A continuaci\u00f3n se disput\u00f3 la carrera de Alevines y hay destacar el gran trabajo hecho por todo este grupo que, a pesar de las ca\u00eddas, subieron seis veces al p\u00f3dium.<\/p>\n<p>La competici\u00f3n se disput\u00f3 en la modalidad de GS y los resultados de los peque\u00f1os del club fueron los siguientes:<\/p>\n<p>U10 Damas: 3\u00aa <strong>Rita Herencia<\/strong><br \/>\nU10 Hombres: 2\u00b0 <strong>Vicente Munilla<\/strong>, 3\u00b0 <strong>Sim\u00f3n Calzado<\/strong><\/p>\n<p>U12 Damas: 2\u00aa <strong>Daniela Chalbaud<\/strong><br \/>\nU12 Hombres: <strong>P\u00f3dium para los araneses: 1\u00b0 V\u00edctor Puente y 3\u00b0 Marc Ubeira<\/strong><\/p>\n<p>&nbsp;<\/p>\n<p>&nbsp;<\/p>\n<p>&nbsp;<\/p>\n<p>Vielha, 24 de enero de 2017<\/p>\n<p>&nbsp;<\/p>\n<p>&nbsp;<\/p>\n<p><em>Conselh Generau d&#8217;Aran: N\u00faria Sanjuan<\/em><\/p>\n<p><em>Fuente y foto: CAEI\u00a0<\/em><\/p>\n ","protected":false},"excerpt":{"rendered":"<p>&nbsp; Los Alevines y la secci\u00f3n de Interclubs del Club Aran\u00e9s Esp\u00f2rts d\u2019Iu\u00e8rn (CAEI) tuvieron competici\u00f3n el pasado fin de semana. Ambos grupos se desplazaron hasta la estaci\u00f3n de Espot para disputar el XIII Trofeo Floquet de Neu y el XII Trofeo Interclubs Espot Esqu\u00ed y entre los dos equipos consiguieron muy buenos resultados. Los&#8230;<\/p>\n","protected":false},"author":2,"featured_media":15568,"comment_status":"closed","ping_status":"closed","sticky":false,"template":"","format":"standard","meta":{"footnotes":""},"categories":[34],"tags":[],"_links":{"self":[{"href":"https:\/\/www.conselharan.org\/es\/wp-json\/wp\/v2\/posts\/15572"}],"collection":[{"href":"https:\/\/www.conselharan.org\/es\/wp-json\/wp\/v2\/posts"}],"about":[{"href":"https:\/\/www.conselharan.org\/es\/wp-json\/wp\/v2\/types\/post"}],"author":[{"embeddable":true,"href":"https:\/\/www.conselharan.org\/es\/wp-json\/wp\/v2\/users\/2"}],"replies":[{"embeddable":true,"href":"https:\/\/www.conselharan.org\/es\/wp-json\/wp\/v2\/comments?post=15572"}],"version-history":[{"count":1,"href":"https:\/\/www.conselharan.org\/es\/wp-json\/wp\/v2\/posts\/15572\/revisions"}],"predecessor-version":[{"id":15573,"href":"https:\/\/www.conselharan.org\/es\/wp-json\/wp\/v2\/posts\/15572\/revisions\/15573"}],"wp:featuredmedia":[{"embeddable":true,"href":"https:\/\/www.conselharan.org\/es\/wp-json\/wp\/v2\/media\/15568"}],"wp:attachment":[{"href":"https:\/\/www.conselharan.org\/es\/wp-json\/wp\/v2\/media?parent=15572"}],"wp:term":[{"taxonomy":"category","embeddable":true,"href":"https:\/\/www.conselharan.org\/es\/wp-json\/wp\/v2\/categories?post=15572"},{"taxonomy":"post_tag","embeddable":true,"href":"https:\/\/www.conselharan.org\/es\/wp-json\/wp\/v2\/tags?post=15572"}],"curies":[{"name":"wp","href":"https:\/\/api.w.org\/{rel}","templated":true}]}}