{"id":15581,"date":"2017-01-24T12:55:23","date_gmt":"2017-01-24T11:55:23","guid":{"rendered":"http:\/\/www.conselharan.org\/es\/?p=15581"},"modified":"2017-01-24T13:27:04","modified_gmt":"2017-01-24T12:27:04","slug":"charla-debate-para-compartir-y-aprender-del-problema-actual-de-capas-debiles-persistentes","status":"publish","type":"post","link":"https:\/\/www.conselharan.org\/es\/charla-debate-para-compartir-y-aprender-del-problema-actual-de-capas-debiles-persistentes\/","title":{"rendered":"Charla debate para compartir y aprender del problema actual de capas d\u00e9biles persistentes"},"content":{"rendered":"<p><img loading=\"lazy\" decoding=\"async\" class=\"aligncenter size-full wp-image-15576\" src=\"http:\/\/www.conselharan.org\/wp-content\/uploads\/2017\/01\/centre-de-lauegi-charrada-ETEVA.jpg\" alt=\"centre de lauegi- charrada ETEVA\" width=\"960\" height=\"720\" srcset=\"https:\/\/www.conselharan.org\/wp-content\/uploads\/2017\/01\/centre-de-lauegi-charrada-ETEVA.jpg 960w, https:\/\/www.conselharan.org\/wp-content\/uploads\/2017\/01\/centre-de-lauegi-charrada-ETEVA-300x225.jpg 300w, https:\/\/www.conselharan.org\/wp-content\/uploads\/2017\/01\/centre-de-lauegi-charrada-ETEVA-768x576.jpg 768w\" sizes=\"(max-width: 960px) 100vw, 960px\" \/><\/p>\n<p>&nbsp;<\/p>\n<p>El <strong>Centro de Aludes de Aran<\/strong> ha organizado para ma\u00f1ana mi\u00e9rcoles, 25 de enero, a las 19h00 en la Escuela de T\u00e9cnicos Deportivos de la Val d&#8217;Aran (ETEVA), Albergue Era Garona de Salard\u00fa, una charla debate para compartir y aprender entre todos del problema actual de capas d\u00e9biles persistentes.<\/p>\n<p>&nbsp;<\/p>\n<p><img loading=\"lazy\" decoding=\"async\" class=\"aligncenter size-large wp-image-15577\" src=\"http:\/\/www.conselharan.org\/wp-content\/uploads\/2017\/01\/centre-de-lauegi-charrada-ETEVA1-1024x768.jpg\" alt=\"centre de lauegi- charrada ETEVA1\" width=\"1024\" height=\"768\" srcset=\"https:\/\/www.conselharan.org\/wp-content\/uploads\/2017\/01\/centre-de-lauegi-charrada-ETEVA1.jpg 1024w, https:\/\/www.conselharan.org\/wp-content\/uploads\/2017\/01\/centre-de-lauegi-charrada-ETEVA1-300x225.jpg 300w, https:\/\/www.conselharan.org\/wp-content\/uploads\/2017\/01\/centre-de-lauegi-charrada-ETEVA1-768x576.jpg 768w\" sizes=\"(max-width: 1024px) 100vw, 1024px\" \/><\/p>\n<p>&nbsp;<\/p>\n<p>Para adelantar, en la web del Centro de Aludes de Aran ( <strong><a href=\"http:\/\/lauegi.conselharan.org\/category\/galeria-de-perfiles-de-nieve-1617\/\" target=\"_blank\">http:\/\/lauegi.conselharan.org\/category\/galeria-de-perfiles-de-nieve-1617\/<\/a><\/strong>) encontrar\u00e9is el perfil de la placa accidental del pasado domingo en Cl\u00f2sos, y tambi\u00e9n fotos de las placas de Cl\u00f2sos y Laveja.<\/p>\n<p>&nbsp;<\/p>\n<p>&nbsp;<\/p>\n<p>&nbsp;<\/p>\n<p>&nbsp;<\/p>\n<p>Vielha, 24 de enero de 2017<\/p>\n<p>&nbsp;<\/p>\n<p><em>Conselh Generau d&#8217;Aran: N\u00faria Sanjuan<\/em><\/p>\n<p><em>Fuente y fotos: Centre de Lauegi d&#8217;Aran\u00a0<\/em><\/p>\n ","protected":false},"excerpt":{"rendered":"<p>&nbsp; El Centro de Aludes de Aran ha organizado para ma\u00f1ana mi\u00e9rcoles, 25 de enero, a las 19h00 en la Escuela de T\u00e9cnicos Deportivos de la Val d&#8217;Aran (ETEVA), Albergue Era Garona de Salard\u00fa, una charla debate para compartir y aprender entre todos del problema actual de capas d\u00e9biles persistentes. &nbsp; &nbsp; Para adelantar, en&#8230;<\/p>\n","protected":false},"author":2,"featured_media":15576,"comment_status":"closed","ping_status":"closed","sticky":false,"template":"","format":"standard","meta":{"footnotes":""},"categories":[34],"tags":[],"_links":{"self":[{"href":"https:\/\/www.conselharan.org\/es\/wp-json\/wp\/v2\/posts\/15581"}],"collection":[{"href":"https:\/\/www.conselharan.org\/es\/wp-json\/wp\/v2\/posts"}],"about":[{"href":"https:\/\/www.conselharan.org\/es\/wp-json\/wp\/v2\/types\/post"}],"author":[{"embeddable":true,"href":"https:\/\/www.conselharan.org\/es\/wp-json\/wp\/v2\/users\/2"}],"replies":[{"embeddable":true,"href":"https:\/\/www.conselharan.org\/es\/wp-json\/wp\/v2\/comments?post=15581"}],"version-history":[{"count":1,"href":"https:\/\/www.conselharan.org\/es\/wp-json\/wp\/v2\/posts\/15581\/revisions"}],"predecessor-version":[{"id":15582,"href":"https:\/\/www.conselharan.org\/es\/wp-json\/wp\/v2\/posts\/15581\/revisions\/15582"}],"wp:featuredmedia":[{"embeddable":true,"href":"https:\/\/www.conselharan.org\/es\/wp-json\/wp\/v2\/media\/15576"}],"wp:attachment":[{"href":"https:\/\/www.conselharan.org\/es\/wp-json\/wp\/v2\/media?parent=15581"}],"wp:term":[{"taxonomy":"category","embeddable":true,"href":"https:\/\/www.conselharan.org\/es\/wp-json\/wp\/v2\/categories?post=15581"},{"taxonomy":"post_tag","embeddable":true,"href":"https:\/\/www.conselharan.org\/es\/wp-json\/wp\/v2\/tags?post=15581"}],"curies":[{"name":"wp","href":"https:\/\/api.w.org\/{rel}","templated":true}]}}