{"id":15717,"date":"2017-02-02T14:10:44","date_gmt":"2017-02-02T13:10:44","guid":{"rendered":"http:\/\/www.conselharan.org\/es\/?p=15717"},"modified":"2017-02-02T14:11:17","modified_gmt":"2017-02-02T13:11:17","slug":"exposicion-luces-y-hasta-el-1-de-abril","status":"publish","type":"post","link":"https:\/\/www.conselharan.org\/es\/exposicion-luces-y-hasta-el-1-de-abril\/","title":{"rendered":"Exposici\u00f3n \u00abLuces y + \u00bb hasta el 1 de abril"},"content":{"rendered":"<p><img loading=\"lazy\" decoding=\"async\" class=\"aligncenter size-full wp-image-15715\" src=\"http:\/\/www.conselharan.org\/wp-content\/uploads\/2017\/02\/Lums-e-1-1.jpg\" alt=\"Lums e +\" width=\"679\" height=\"960\" srcset=\"https:\/\/www.conselharan.org\/wp-content\/uploads\/2017\/02\/Lums-e-1-1.jpg 679w, https:\/\/www.conselharan.org\/wp-content\/uploads\/2017\/02\/Lums-e-1-1-212x300.jpg 212w\" sizes=\"(max-width: 679px) 100vw, 679px\" \/><\/p>\n<p>&nbsp;<\/p>\n<p>Ma\u00f1ana <strong>viernes, 3 de febrero, a las 19h00 la iglesia de San Juan de Arties<\/strong> acoger\u00e1 la inauguraci\u00f3n de la exposici\u00f3n \u00ab<strong>Luces y +\u00bb<\/strong> de los artistas: Amaya Echazarra e Inma Labrador (Madera, papel o tijera).<\/p>\n<p>El acto contar\u00e1 con la presencia del sindic de Aran, <strong>Carlos Barrera<\/strong>.<\/p>\n<p>&nbsp;<\/p>\n<p>&nbsp;<\/p>\n<p>&nbsp;<\/p>\n<p>&nbsp;<\/p>\n<p>Vielha, 2 de febrero de 2017<\/p>\n<p>&nbsp;<\/p>\n<p><em>Conselh Generau d&#8217;Aran: N\u00faria Sanjuan<\/em><\/p>\n ","protected":false},"excerpt":{"rendered":"<p>&nbsp; Ma\u00f1ana viernes, 3 de febrero, a las 19h00 la iglesia de San Juan de Arties acoger\u00e1 la inauguraci\u00f3n de la exposici\u00f3n \u00abLuces y +\u00bb de los artistas: Amaya Echazarra e Inma Labrador (Madera, papel o tijera). El acto contar\u00e1 con la presencia del sindic de Aran, Carlos Barrera. &nbsp; &nbsp; &nbsp; &nbsp; Vielha, 2&#8230;<\/p>\n","protected":false},"author":2,"featured_media":15715,"comment_status":"closed","ping_status":"closed","sticky":false,"template":"","format":"standard","meta":{"footnotes":""},"categories":[34],"tags":[],"_links":{"self":[{"href":"https:\/\/www.conselharan.org\/es\/wp-json\/wp\/v2\/posts\/15717"}],"collection":[{"href":"https:\/\/www.conselharan.org\/es\/wp-json\/wp\/v2\/posts"}],"about":[{"href":"https:\/\/www.conselharan.org\/es\/wp-json\/wp\/v2\/types\/post"}],"author":[{"embeddable":true,"href":"https:\/\/www.conselharan.org\/es\/wp-json\/wp\/v2\/users\/2"}],"replies":[{"embeddable":true,"href":"https:\/\/www.conselharan.org\/es\/wp-json\/wp\/v2\/comments?post=15717"}],"version-history":[{"count":1,"href":"https:\/\/www.conselharan.org\/es\/wp-json\/wp\/v2\/posts\/15717\/revisions"}],"predecessor-version":[{"id":15718,"href":"https:\/\/www.conselharan.org\/es\/wp-json\/wp\/v2\/posts\/15717\/revisions\/15718"}],"wp:featuredmedia":[{"embeddable":true,"href":"https:\/\/www.conselharan.org\/es\/wp-json\/wp\/v2\/media\/15715"}],"wp:attachment":[{"href":"https:\/\/www.conselharan.org\/es\/wp-json\/wp\/v2\/media?parent=15717"}],"wp:term":[{"taxonomy":"category","embeddable":true,"href":"https:\/\/www.conselharan.org\/es\/wp-json\/wp\/v2\/categories?post=15717"},{"taxonomy":"post_tag","embeddable":true,"href":"https:\/\/www.conselharan.org\/es\/wp-json\/wp\/v2\/tags?post=15717"}],"curies":[{"name":"wp","href":"https:\/\/api.w.org\/{rel}","templated":true}]}}