{"id":15733,"date":"2017-03-14T08:30:29","date_gmt":"2017-03-14T07:30:29","guid":{"rendered":"http:\/\/www.conselharan.org\/es\/?p=15733"},"modified":"2017-03-14T11:34:25","modified_gmt":"2017-03-14T10:34:25","slug":"v-exposicion-colectiva-de-artistas-de-aran-david-beso","status":"publish","type":"post","link":"https:\/\/www.conselharan.org\/es\/v-exposicion-colectiva-de-artistas-de-aran-david-beso\/","title":{"rendered":"V Exposici\u00f3n Colectiva de Artistas de Aran- David Beso"},"content":{"rendered":"<p><strong>\u2022 Bases para participar en la V Exposici\u00f3n Colectiva de Artistas de Aran 2017- David Beso. San Juan de Arties.<\/strong><\/p>\n<p><strong>\u2022 Las personas interesadas en participar en esta convocatoria tienen que presentar la solicitud antes del 15 de mayo del 2017 en el registro del Conselh Generau d\u2019Aran.<\/strong><\/p>\n<p><strong>\u2022 La exposici\u00f3n se podr\u00e1 ver del 1 de julio al 24 de agosto de 2017.<\/strong><\/p>\n<p>&nbsp;<\/p>\n<p><img loading=\"lazy\" decoding=\"async\" class=\"aligncenter size-large wp-image-15721\" src=\"http:\/\/www.conselharan.org\/wp-content\/uploads\/2017\/02\/expo-collectiva-724x1024.jpg\" alt=\"expo collectiva\" width=\"724\" height=\"1024\" srcset=\"https:\/\/www.conselharan.org\/wp-content\/uploads\/2017\/02\/expo-collectiva-724x1024.jpg 724w, https:\/\/www.conselharan.org\/wp-content\/uploads\/2017\/02\/expo-collectiva-212x300.jpg 212w, https:\/\/www.conselharan.org\/wp-content\/uploads\/2017\/02\/expo-collectiva-768x1086.jpg 768w\" sizes=\"(max-width: 724px) 100vw, 724px\" \/><\/p>\n<p>&nbsp;<\/p>\n<p><strong>M\u00e1s informaci\u00f3n y bases por la participaci\u00f3n:<\/strong>\u00a0<a href=\"http:\/\/www.conselharan.org\/wp-content\/uploads\/2017\/02\/Bases-expocollectiva2017.pdf\">Bases expocollectiva2017<\/a><\/p>\n<p>&nbsp;<\/p>\n<p>&nbsp;<\/p>\n<p>&nbsp;<\/p>\n<p>&nbsp;<\/p>\n<p>Vielha, 3 de febrero de 2017<\/p>\n<p>&nbsp;<\/p>\n<p><em>Conselh Generau d&#8217;Aran: N\u00faria Sanjuan<\/em><\/p>\n ","protected":false},"excerpt":{"rendered":"<p>\u2022 Bases para participar en la V Exposici\u00f3n Colectiva de Artistas de Aran 2017- David Beso. San Juan de Arties. \u2022 Las personas interesadas en participar en esta convocatoria tienen que presentar la solicitud antes del 15 de mayo del 2017 en el registro del Conselh Generau d\u2019Aran. \u2022 La exposici\u00f3n se podr\u00e1 ver del&#8230;<\/p>\n","protected":false},"author":2,"featured_media":15721,"comment_status":"closed","ping_status":"closed","sticky":false,"template":"","format":"standard","meta":{"footnotes":""},"categories":[34],"tags":[],"_links":{"self":[{"href":"https:\/\/www.conselharan.org\/es\/wp-json\/wp\/v2\/posts\/15733"}],"collection":[{"href":"https:\/\/www.conselharan.org\/es\/wp-json\/wp\/v2\/posts"}],"about":[{"href":"https:\/\/www.conselharan.org\/es\/wp-json\/wp\/v2\/types\/post"}],"author":[{"embeddable":true,"href":"https:\/\/www.conselharan.org\/es\/wp-json\/wp\/v2\/users\/2"}],"replies":[{"embeddable":true,"href":"https:\/\/www.conselharan.org\/es\/wp-json\/wp\/v2\/comments?post=15733"}],"version-history":[{"count":2,"href":"https:\/\/www.conselharan.org\/es\/wp-json\/wp\/v2\/posts\/15733\/revisions"}],"predecessor-version":[{"id":15746,"href":"https:\/\/www.conselharan.org\/es\/wp-json\/wp\/v2\/posts\/15733\/revisions\/15746"}],"wp:featuredmedia":[{"embeddable":true,"href":"https:\/\/www.conselharan.org\/es\/wp-json\/wp\/v2\/media\/15721"}],"wp:attachment":[{"href":"https:\/\/www.conselharan.org\/es\/wp-json\/wp\/v2\/media?parent=15733"}],"wp:term":[{"taxonomy":"category","embeddable":true,"href":"https:\/\/www.conselharan.org\/es\/wp-json\/wp\/v2\/categories?post=15733"},{"taxonomy":"post_tag","embeddable":true,"href":"https:\/\/www.conselharan.org\/es\/wp-json\/wp\/v2\/tags?post=15733"}],"curies":[{"name":"wp","href":"https:\/\/api.w.org\/{rel}","templated":true}]}}