{"id":15741,"date":"2017-02-03T15:10:40","date_gmt":"2017-02-03T14:10:40","guid":{"rendered":"http:\/\/www.conselharan.org\/es\/?p=15741"},"modified":"2017-02-03T15:10:54","modified_gmt":"2017-02-03T14:10:54","slug":"mas-de-700-inscritos-on-line-en-la-38a-marxa-beret","status":"publish","type":"post","link":"https:\/\/www.conselharan.org\/es\/mas-de-700-inscritos-on-line-en-la-38a-marxa-beret\/","title":{"rendered":"M\u00e1s de 700 inscritos on-line en la 38\u00aa Marxa Beret"},"content":{"rendered":"<p><strong>\u2022 Ayer se cerraron las inscripciones on-line para la Marxa Beret de este a\u00f1o que se celebrar\u00e1 este domingo 5 de febrero. El 30% de los inscritos son extranjeros, principalmente de los pa\u00edses n\u00f3rdicos.<\/strong><\/p>\n<p>&nbsp;<\/p>\n<p><img loading=\"lazy\" decoding=\"async\" class=\"aligncenter size-large wp-image-15351\" src=\"http:\/\/www.conselharan.org\/wp-content\/uploads\/2017\/01\/37au-MARXA-BERET-GESSUDA1-1024x683.jpg\" alt=\"37au MARXA BERET-GESSUDA1\" width=\"1024\" height=\"683\" srcset=\"https:\/\/www.conselharan.org\/wp-content\/uploads\/2017\/01\/37au-MARXA-BERET-GESSUDA1-1024x683.jpg 1024w, https:\/\/www.conselharan.org\/wp-content\/uploads\/2017\/01\/37au-MARXA-BERET-GESSUDA1-300x200.jpg 300w, https:\/\/www.conselharan.org\/wp-content\/uploads\/2017\/01\/37au-MARXA-BERET-GESSUDA1-768x512.jpg 768w\" sizes=\"(max-width: 1024px) 100vw, 1024px\" \/><\/p>\n<p>&nbsp;<\/p>\n<p>Este fin de semana, 4 y 5 de febrero, la estaci\u00f3n aranesa, Baqueira Beret, acoger\u00e1 la 38\u00aa Marxa Beret que sigue en el calendario del Circuito de Largas Distancias Populares de la Federaci\u00f3n Internacional de Esqu\u00ed (ML) de la Federaci\u00f3n internacional de Esqu\u00ed (FIS) y por primera vez ha entrado en a formar parte de la Copa Espa\u00f1a del calendario de la Real Federaci\u00f3n Espa\u00f1ola Deportes de Invierno (RFEDI).<\/p>\n<p>Ayer jueves, 2 de febrero, se cerraron las inscripciones on-line con m\u00e1s de 700 corredores inscritos de los cuales un 30% son extranjeros, la mayor\u00eda procedentes de los pa\u00edses n\u00f3rdicos. Este a\u00f1o se espera llegar a la cifra de los 1200 fondistas como la pasada temporada cuando la Marxa fue Campeonato Europeo de Maratones de esqu\u00ed de fondo Euroloppet.<\/p>\n<p>Este a\u00f1o, la Marxa quiere consolidar este acontecimiento para deportistas de alto nivel, pero tambi\u00e9n populares, tanto nacionales como europeos, y tambi\u00e9n para familias que quieren disfrutar de esta fiesta del esqu\u00ed de fondo ya que tambi\u00e9n hay inscripci\u00f3n sin licencia de corredor.<\/p>\n<p>En palabras de la conselh\u00e8ra de Turismo y Desarrollo Econ\u00f3mico de Aran,<strong> Anna D\u00edaz: \u201cLa Marxa Beret nos ayuda a internacionalizar el turismo y promociona otras disciplinas de los deportes de nieve\u201d.<\/strong><\/p>\n<p>&nbsp;<\/p>\n<p><img loading=\"lazy\" decoding=\"async\" class=\"aligncenter size-full wp-image-15736\" src=\"http:\/\/www.conselharan.org\/wp-content\/uploads\/2017\/02\/volentaris-Marxa-Beret.jpg\" alt=\"volentaris Marxa Beret\" width=\"960\" height=\"576\" srcset=\"https:\/\/www.conselharan.org\/wp-content\/uploads\/2017\/02\/volentaris-Marxa-Beret.jpg 960w, https:\/\/www.conselharan.org\/wp-content\/uploads\/2017\/02\/volentaris-Marxa-Beret-300x180.jpg 300w, https:\/\/www.conselharan.org\/wp-content\/uploads\/2017\/02\/volentaris-Marxa-Beret-768x461.jpg 768w\" sizes=\"(max-width: 960px) 100vw, 960px\" \/><\/p>\n<p><em>Foto: Volentaris d&#8217;Aran<\/em><\/p>\n<p>&nbsp;<\/p>\n<p>Por su parte, el vicesindic de Aran y director de la Marxa Beret,<strong> Luis Carlos Medina, ha destacado el trabajo de todos los colaboradores que hacen posible la Marxa Beret y en especial a los Voluntarios de Aran, al IES de Aran, que aporta alumnos de los ciclos formativos para los controles t\u00e9cnicos del circuito y Era Esc\u00f2la.<\/strong><\/p>\n<p>Algunos de los deportistas de m\u00e1s nivel que estar\u00e1n presentes ser\u00e1n, en categor\u00eda U18, Paula Mart\u00ednez (CENA) y Gral Sell\u00e9s (Club Bellver) y, en categor\u00eda U16, la aranesa,<strong> Maria Iglesias (ANEC)<\/strong> y Maria Sell\u00e9s, (Club Bellver). Todos ellos del programa FutuRFEDI para el desarrollo de la tecnificaci\u00f3n de los deportistas m\u00e1s j\u00f3venes junto con las federaciones territoriales y sus clubes.<\/p>\n<p>El <strong>s\u00e1bado 4 de febrero, a las 16h00, se celebrar\u00e1 la prueba de skating Sprint Salomon en la zona del parking de la C-28 de Arties<\/strong> como prueba de exhibici\u00f3n en que se espera un trazado con muchas sorpresas y m\u00e1s emoci\u00f3n.<\/p>\n<p><strong>Domingo 5 de febrero se disputar\u00e1 la 38\u00aa Marxa Beret<\/strong>, con un circuito de 10 km en la zona de Beret y Orri; el de 21 km en la zona de Beret, Orri y Montgarri y finalmente el circuito de 42 km en la zona de Beret, Orri, Montgarri y direcci\u00f3n Marimanha gracias a la cantidad de nieve de que dispone la estaci\u00f3n.<\/p>\n<p>La Marxa Beret es una de las pruebas de esqu\u00ed n\u00f3rdico m\u00e1s consolidadas que se realizan en el territorio nacional, y cada a\u00f1o cuenta con un numeroso n\u00famero de participantes que no se quieren perder la cita. Con un Pla de Beret completamente te\u00f1ido de blanco gracias a las intensas nevadas que est\u00e1n cubriendo la pen\u00ednsula.<\/p>\n<p>La Marxa Beret est\u00e1 <strong>organizada por el Conselh Generau d\u2019Aran, Baqueira Beret y el ayuntamiento de Naut Aran. Cuenta con la colaboraci\u00f3n de: Asociaci\u00f3n Volentaris de Aran, Foment Torisme Val d\u2019Aran, Diputaci\u00f3n de Lleida, Pompi\u00e8rs de Aran, Aran Salud, Mossos d&#8217;Esquadra, INS de Aran, adem\u00e1s de la Real Federaci\u00f3n Espa\u00f1ola Deportes de Invierno (RFEDI), la Federaci\u00f3n Catalana de Deportes de Invierno (FCEH) y los diferentes patrocinadores.<\/strong><\/p>\n<p>Para consolidarla como la gran fiesta del esqu\u00ed n\u00f3rdico, el Conselh y Baqueira Beret han propuesto una serie de actividades paralelas a la Marxa Beret para que todos los participantes disfruten de un agradable y completo fin de semana.<\/p>\n<p>&nbsp;<\/p>\n<ul>\n<li><strong>Programa del fin de semana<\/strong><\/li>\n<\/ul>\n<p><strong>S\u00e1bado, 4 febrero 2017:<\/strong><\/p>\n<p>Se celebrar\u00e1 una demostraci\u00f3n en la modalidad libre (patinador) del espectacular Sprint Salomon. Esta prueba, que se desarrollar\u00e1 en la poblaci\u00f3n de Arties con una distancia de 1,5 kil\u00f3metros, tendr\u00e1 la salida a las 16h00.<\/p>\n<p>La participaci\u00f3n estar\u00e1 limitada a 32 hombres y 16 mujeres. El reparto de premios se har\u00e1 el mismo s\u00e1bado en la casa de Acogida a las 19h00, antes de la presentaci\u00f3n de la 38\u00aa Marxa Beret.<\/p>\n<p><strong>Domingo, 5 febrero 2017:<\/strong><\/p>\n<p>38\u00aa Marxa Beret a partir de las 10h00 de la ma\u00f1ana. Se realizar\u00e1 en el Pla de Beret, en los trazados de 42, 21 y 10 Km con una salida simult\u00e1nea. \u00danicamente se permitir\u00e1 la t\u00e9cnica cl\u00e1sica. Podr\u00e1n participar en las dos distancias largas los hombres y mujeres nacidos en 1999 y anteriores. La prueba de 10 km. Se considera promocional y por lo tanto est\u00e1 abierta a todo el mundo. A las 13h30 se realizar\u00e1 el reparto de premios en el mismo circuito con la ceremonia de clausura a las 14h00.<\/p>\n<p>&nbsp;<\/p>\n<p><strong>Inscripciones presenciales<\/strong><\/p>\n<p>En persona en el Polideportivo de Salard\u00fa (Casa de Acogida) el s\u00e1bado, 4 de febrero, donde adem\u00e1s se deber\u00e1 presentar la documentaci\u00f3n correspondiente y recoger el dorsal y los obsequios.<\/p>\n<p>&nbsp;<\/p>\n<p>M\u00e1s informaci\u00f3n:<a href=\"http:\/\/www.marxaberet.com\" target=\"_blank\"> www.marxaberet.com<\/a><\/p>\n<p>&nbsp;<\/p>\n<p>&nbsp;<\/p>\n<p>&nbsp;<\/p>\n<p>Vielha, 3 de febrero de 2017<\/p>\n<p>&nbsp;<\/p>\n<p><em>Conselh Generau d&#8217;Aran: N\u00faria Sanjuan<\/em><\/p>\n ","protected":false},"excerpt":{"rendered":"<p>\u2022 Ayer se cerraron las inscripciones on-line para la Marxa Beret de este a\u00f1o que se celebrar\u00e1 este domingo 5 de febrero. El 30% de los inscritos son extranjeros, principalmente de los pa\u00edses n\u00f3rdicos. &nbsp; &nbsp; Este fin de semana, 4 y 5 de febrero, la estaci\u00f3n aranesa, Baqueira Beret, acoger\u00e1 la 38\u00aa Marxa Beret&#8230;<\/p>\n","protected":false},"author":2,"featured_media":15736,"comment_status":"closed","ping_status":"closed","sticky":false,"template":"","format":"standard","meta":{"footnotes":""},"categories":[135,34],"tags":[],"_links":{"self":[{"href":"https:\/\/www.conselharan.org\/es\/wp-json\/wp\/v2\/posts\/15741"}],"collection":[{"href":"https:\/\/www.conselharan.org\/es\/wp-json\/wp\/v2\/posts"}],"about":[{"href":"https:\/\/www.conselharan.org\/es\/wp-json\/wp\/v2\/types\/post"}],"author":[{"embeddable":true,"href":"https:\/\/www.conselharan.org\/es\/wp-json\/wp\/v2\/users\/2"}],"replies":[{"embeddable":true,"href":"https:\/\/www.conselharan.org\/es\/wp-json\/wp\/v2\/comments?post=15741"}],"version-history":[{"count":1,"href":"https:\/\/www.conselharan.org\/es\/wp-json\/wp\/v2\/posts\/15741\/revisions"}],"predecessor-version":[{"id":15742,"href":"https:\/\/www.conselharan.org\/es\/wp-json\/wp\/v2\/posts\/15741\/revisions\/15742"}],"wp:featuredmedia":[{"embeddable":true,"href":"https:\/\/www.conselharan.org\/es\/wp-json\/wp\/v2\/media\/15736"}],"wp:attachment":[{"href":"https:\/\/www.conselharan.org\/es\/wp-json\/wp\/v2\/media?parent=15741"}],"wp:term":[{"taxonomy":"category","embeddable":true,"href":"https:\/\/www.conselharan.org\/es\/wp-json\/wp\/v2\/categories?post=15741"},{"taxonomy":"post_tag","embeddable":true,"href":"https:\/\/www.conselharan.org\/es\/wp-json\/wp\/v2\/tags?post=15741"}],"curies":[{"name":"wp","href":"https:\/\/api.w.org\/{rel}","templated":true}]}}