{"id":15778,"date":"2017-02-05T19:21:03","date_gmt":"2017-02-05T18:21:03","guid":{"rendered":"http:\/\/www.conselharan.org\/es\/?p=15778"},"modified":"2017-02-05T19:21:03","modified_gmt":"2017-02-05T18:21:03","slug":"900-fondistas-de-todas-las-edades-participan-en-la-38a-marxa-beret","status":"publish","type":"post","link":"https:\/\/www.conselharan.org\/es\/900-fondistas-de-todas-las-edades-participan-en-la-38a-marxa-beret\/","title":{"rendered":"900 fondistas de todas las edades participan en la 38\u00aa Marxa Beret"},"content":{"rendered":"<p><strong>La Marxa Beret recupera su vertiente m\u00e1s popular con un 30% de inscritos extranjeros, principalmente procedentes de los pa\u00edses n\u00f3rdicos<\/strong><\/p>\n<p><strong>El fondista m\u00e1s veterano de la Marxa Beret de este a\u00f1o ha sido Jan Thomas Hoeg de 94 a\u00f1os, que ha cubierto la distancia de 10Km.<\/strong><\/p>\n<p><a href=\"http:\/\/www.conselharan.org\/wp-content\/uploads\/2017\/02\/fototur_04-e1486318088393.jpg\"><img loading=\"lazy\" decoding=\"async\" class=\"aligncenter size-large wp-image-15759\" src=\"http:\/\/www.conselharan.org\/wp-content\/uploads\/2017\/02\/fototur_04-1024x683.jpg\" alt=\"fototur_04\" width=\"1024\" height=\"683\" \/><\/a><\/p>\n<p>Vielha, 5 de febrero de 2017.- <strong>900 fondistas<\/strong> han participado hoy en la estaci\u00f3n aranesa de <strong>Baqueira Beret<\/strong>, en la <strong>38\u00aa Marxa Beret<\/strong> que sigue en el calendario del Circuito de Largas Distancias Populares de la Federaci\u00f3n Internacional de Esqu\u00ed (ML) de la Federaci\u00f3n internacional de Esqu\u00ed (FIS) y que <strong>por primera vez ha entrado a formar parte de la Copa Espa\u00f1a del calendario de la Real Federaci\u00f3n Espa\u00f1ola de Deportes de Invierno (RFEDI).<\/strong><\/p>\n<p>La Marxa Beret, la prueba decana del esqu\u00ed de fondo en Espa\u00f1a, la organiza el <strong>Conselh Generau d\u2019Aran, Baqueira Beret y el ayuntamiento de Naut Aran, y cuenta con la colaboraci\u00f3n de la Asociaci\u00f3n Volentaris de Aran, Foment Torisme Val d&#8217;Aran, Diputaci\u00f3n de Lleida, Pompi\u00e8rs d\u2019Aran, Aran Salud, Mossos d\u2019Esquadra, INS d\u2019Aran, adem\u00e1s de la Real Federaci\u00f3n Espa\u00f1ola de Deportes de Invierno (RFEDI), la Federaci\u00f3n Catalana de Deportes de Invierno (FCEH) y los diferentes patrocinadores.<\/strong><\/p>\n<p>El vices\u00edndic d\u2019Aran y director de la Marxa Beret, <strong>Lu\u00eds Carlos Medina<\/strong>, destac\u00f3 \u00abel trabajo de todos los colaboradores que hacen posible la Marxa Beret y en especial la de los Voluntarios de Aran y el IES de Aran, que ha aportado alumnos de los ciclos formativos para los controles t\u00e9cnicos del circuito y a Era Escola \u00ab. Medina, se\u00f1al\u00f3 tambi\u00e9n el car\u00e1cter festivo y familiar de la Marxa Beret, que ha definido como <strong>\u00abLa gran fiesta del esqu\u00ed de fondo en el Valle de Aran\u00bb.<\/strong><\/p>\n<p>En esta 38\u00aa edici\u00f3n de la Marxa Beret, tambi\u00e9n han participado en categor\u00eda U18, Paula Mart\u00ednez (CENA) y Gral Sell\u00e9s (Club Bellver) y, en categor\u00eda U16, la aranesa, Maria Iglesias (ANEC) y Mar\u00eda Sell\u00e9s, (Club Bellver). Todos ellos del programa FutuRFEDI para el desarrollo de la tecnificaci\u00f3n de los deportistas m\u00e1s j\u00f3venes junto con las federaciones territoriales y sus clubes.<\/p>\n<p>La Marxa Beret, se ha disputado en un circuito de 10 km en la zona de Beret y Orri; el de 21 km en la zona de Beret, Orri y Montgarri y finalmente el circuito de 42 km en zona Beret, Orri, Montgarri y direcci\u00f3n Marimanha gracias a la cantidad de nieve de que se dispon\u00eda.<\/p>\n<p><a href=\"http:\/\/www.conselharan.org\/wp-content\/uploads\/2017\/02\/fototur_11.jpg\"><img loading=\"lazy\" decoding=\"async\" class=\"aligncenter size-large wp-image-15767\" src=\"http:\/\/www.conselharan.org\/wp-content\/uploads\/2017\/02\/fototur_11-683x1024.jpg\" alt=\"fototur_11\" width=\"683\" height=\"1024\" srcset=\"https:\/\/www.conselharan.org\/wp-content\/uploads\/2017\/02\/fototur_11-683x1024.jpg 683w, https:\/\/www.conselharan.org\/wp-content\/uploads\/2017\/02\/fototur_11-200x300.jpg 200w, https:\/\/www.conselharan.org\/wp-content\/uploads\/2017\/02\/fototur_11-768x1152.jpg 768w, https:\/\/www.conselharan.org\/wp-content\/uploads\/2017\/02\/fototur_11.jpg 800w\" sizes=\"(max-width: 683px) 100vw, 683px\" \/><\/a><\/p>\n<p><strong>Resultados de la Marxa Beret en el d\u00eda de hoy 5 de febrero de 2017.<\/strong><\/p>\n<p><strong>Marxa Beret 10Km &#8211; Clasificaci\u00f3n Femenina.<\/strong><\/p>\n<p><strong>\u00a0<\/strong><\/p>\n<ol>\n<li><strong>IGLESIAS BAR\u00c9S, Maria FU-16 1 F 0:31:43 3:10 ANEC-CAT<\/strong><\/li>\n<li><strong>BARRES SABARTES, Martina FU-16 2 F 0:34:34 3:27 P.E.C-CAT<\/strong><\/li>\n<li><strong>MORENO RAMOS, MARTA FU-16 3 F 0:34:52 3:29 CAEI-CAT<\/strong><\/li>\n<li><strong>FERRANDO LORENZO, Ona F 1 F 0:35:39 3:34 NEC la Rabassa naturlandia<\/strong><\/li>\n<li><strong>MUR PLANA, JESSICA FU-16 4 A.D. Hospital de Benasque-ARA<\/strong><\/li>\n<\/ol>\n<p><a href=\"http:\/\/www.conselharan.org\/wp-content\/uploads\/2017\/02\/fototur_18.jpg\"><img loading=\"lazy\" decoding=\"async\" class=\"aligncenter size-large wp-image-15768\" src=\"http:\/\/www.conselharan.org\/wp-content\/uploads\/2017\/02\/fototur_18-1024x684.jpg\" alt=\"fototur_18\" width=\"1024\" height=\"684\" srcset=\"https:\/\/www.conselharan.org\/wp-content\/uploads\/2017\/02\/fototur_18-1024x684.jpg 1024w, https:\/\/www.conselharan.org\/wp-content\/uploads\/2017\/02\/fototur_18-300x200.jpg 300w, https:\/\/www.conselharan.org\/wp-content\/uploads\/2017\/02\/fototur_18-768x513.jpg 768w, https:\/\/www.conselharan.org\/wp-content\/uploads\/2017\/02\/fototur_18.jpg 1200w\" sizes=\"(max-width: 1024px) 100vw, 1024px\" \/><\/a><\/p>\n<p><strong>Marxa Beret 10km \u2013 Classificaci\u00f3n Masculina.<\/strong><\/p>\n<ol>\n<li><strong>AULADELL VISA, Miquel MU-16 1 0:30:41 3:04 P.E.C-CAT<\/strong><\/li>\n<li><strong>PUEYO REPULLO, JAUME MU-16 2 0:30:48 3:05 CEFUC-CAT<\/strong><\/li>\n<li><strong>MORALES SANCHEZ, MARTIN MU-16 3 0:31:36 3:10 BELLV-CAT<\/strong><\/li>\n<li><strong>SUPERVIA PAGES, PABLO MU-16 4 A.D. Hospital de Benasque-ARA 0:31:43 3:10<\/strong><\/li>\n<li><strong>FORCADA LLOS, MARTI MU-16 5 P.E.C-CAT <\/strong><\/li>\n<\/ol>\n<p><strong>\u00a0<\/strong><\/p>\n<p><strong>Marxa Beret 21Km \u2013 Classificaci\u00f3n Femenina.<\/strong><\/p>\n<ol>\n<li><strong>MARTINEZ CODINA, PAULA FU-18 1 F 1:33:57 4:28 CENA-CAT<\/strong><\/li>\n<li><strong>IZAGIRRE ARSUAGA, Irati F 1 F 1:43:25 4:55 Alpino Uzturre<\/strong><\/li>\n<li><strong>HERN\u00c1NDEZ JU\u00c1REZ, Elisa F 2 F 1:46:23 5:04 Independiente<\/strong><\/li>\n<li><strong>AULADELL VISA, RITA F 3 F 1:49:54 5:14 PEC<\/strong><\/li>\n<li><strong>PUIGDEFABREGAS SIESO, ALBA FU-18 2 F 1:50:06 5:15 CEC-ARA<\/strong><\/li>\n<\/ol>\n<p><strong>\u00a0<a href=\"http:\/\/www.conselharan.org\/wp-content\/uploads\/2017\/02\/fototur_20.jpg\"><img loading=\"lazy\" decoding=\"async\" class=\"aligncenter size-large wp-image-15769\" src=\"http:\/\/www.conselharan.org\/wp-content\/uploads\/2017\/02\/fototur_20-1024x684.jpg\" alt=\"fototur_20\" width=\"1024\" height=\"684\" srcset=\"https:\/\/www.conselharan.org\/wp-content\/uploads\/2017\/02\/fototur_20-1024x684.jpg 1024w, https:\/\/www.conselharan.org\/wp-content\/uploads\/2017\/02\/fototur_20-300x200.jpg 300w, https:\/\/www.conselharan.org\/wp-content\/uploads\/2017\/02\/fototur_20-768x513.jpg 768w, https:\/\/www.conselharan.org\/wp-content\/uploads\/2017\/02\/fototur_20.jpg 1200w\" sizes=\"(max-width: 1024px) 100vw, 1024px\" \/><\/a><\/strong><\/p>\n<p><strong>Marxa Beret 21Km \u2013 Classificaci\u00f3n Masculina.<\/strong><\/p>\n<ol>\n<li><strong>COLELL PANTEBRE, FRANCESC MU-18 1 1:22:32 3:56 CEFUC-CAT<\/strong><\/li>\n<li><strong>PALOMO VICENTE, GERARD MU-18 2 1:22:40 3:56 CEFUC-CAT<\/strong><\/li>\n<li><strong>SELLES BANCELLS, GRAL MU-18 3 1:26:01 4:06 BELLV-CAT<\/strong><\/li>\n<li><strong>RULLAN ESTARELLES, Manuel M 1 1:26:25 4:07 CENA<\/strong><\/li>\n<li><strong>ESTEVEZ VAZQUEZ, DANIEL M 2 1:26:52 4:08 Club Monta\u00f1a Guardia Civil<\/strong><\/li>\n<\/ol>\n<p><strong>\u00a0<\/strong><\/p>\n<p><strong>\u00a0<a href=\"http:\/\/www.conselharan.org\/wp-content\/uploads\/2017\/02\/fototur_21.jpg\"><img loading=\"lazy\" decoding=\"async\" class=\"aligncenter size-large wp-image-15770\" src=\"http:\/\/www.conselharan.org\/wp-content\/uploads\/2017\/02\/fototur_21-1024x684.jpg\" alt=\"fototur_21\" width=\"1024\" height=\"684\" srcset=\"https:\/\/www.conselharan.org\/wp-content\/uploads\/2017\/02\/fototur_21-1024x684.jpg 1024w, https:\/\/www.conselharan.org\/wp-content\/uploads\/2017\/02\/fototur_21-300x200.jpg 300w, https:\/\/www.conselharan.org\/wp-content\/uploads\/2017\/02\/fototur_21-768x513.jpg 768w, https:\/\/www.conselharan.org\/wp-content\/uploads\/2017\/02\/fototur_21.jpg 1200w\" sizes=\"(max-width: 1024px) 100vw, 1024px\" \/><\/a><\/strong><\/p>\n<p><strong>Marxa Beret 42Km \u2013 Classificaci\u00f3n Femenina.<\/strong><\/p>\n<ol>\n<li><strong>KORVALD , Birgit F 1 F 2:53:01 4:07<\/strong><\/li>\n<li><strong>LOIZU ASCASSO, UXUE FSNR 1 F 2:53:36 4:08 UHRTE-NAV<\/strong><\/li>\n<li><strong>CARMONA PERERA, Martina F 2 F 2:58:45 4:15 Cefuc<\/strong><\/li>\n<li><strong>MARIELLE , PIGOT F 3 F 3:00:35 4:18 CAF<\/strong><\/li>\n<li><strong>ETXEBERRIA URKIA, HENAR FSNR 2 F 3:09:40 4:31 UHRTE-NAV<\/strong><\/li>\n<\/ol>\n<p><strong>\u00a0<a href=\"http:\/\/www.conselharan.org\/wp-content\/uploads\/2017\/02\/fototur_22.jpg\"><img loading=\"lazy\" decoding=\"async\" class=\"aligncenter size-large wp-image-15771\" src=\"http:\/\/www.conselharan.org\/wp-content\/uploads\/2017\/02\/fototur_22-1024x684.jpg\" alt=\"fototur_22\" width=\"1024\" height=\"684\" srcset=\"https:\/\/www.conselharan.org\/wp-content\/uploads\/2017\/02\/fototur_22-1024x684.jpg 1024w, https:\/\/www.conselharan.org\/wp-content\/uploads\/2017\/02\/fototur_22-300x200.jpg 300w, https:\/\/www.conselharan.org\/wp-content\/uploads\/2017\/02\/fototur_22-768x513.jpg 768w, https:\/\/www.conselharan.org\/wp-content\/uploads\/2017\/02\/fototur_22.jpg 1200w\" sizes=\"(max-width: 1024px) 100vw, 1024px\" \/><\/a><\/strong><\/p>\n<p><strong>Marxa Beret 42Km \u2013 Classificaci\u00f3n Masculina.<\/strong><\/p>\n<ol>\n<li><strong>SOULIE BRUNEL, FRANSOIS M 1 2:17:32 3:16 C.S VILLARD DE ZAUS<\/strong><\/li>\n<li><strong>BETRIU BOIX, SADURNI MSNR 1 2:17:34 3:17 CEFUC-CAT<\/strong><\/li>\n<li><strong>LANNES FERNANDEZ, CARLOS MSNR 2 2:21:07 3:22 CMGC-ARA<\/strong><\/li>\n<li><strong>BOUZAS REY, PABLO MSNR 3 2:21:08 3:22 CMGC-ARA<\/strong><\/li>\n<li><strong>MARTINEZ IBERO, DANIEL MSNR 4 IRRINTZI SKI-NAV<\/strong><\/li>\n<\/ol>\n<p><a href=\"http:\/\/www.conselharan.org\/wp-content\/uploads\/2017\/02\/fototur_23.jpg\"><img loading=\"lazy\" decoding=\"async\" class=\"aligncenter size-large wp-image-15772\" src=\"http:\/\/www.conselharan.org\/wp-content\/uploads\/2017\/02\/fototur_23-684x1024.jpg\" alt=\"fototur_23\" width=\"684\" height=\"1024\" srcset=\"https:\/\/www.conselharan.org\/wp-content\/uploads\/2017\/02\/fototur_23-684x1024.jpg 684w, https:\/\/www.conselharan.org\/wp-content\/uploads\/2017\/02\/fototur_23-200x300.jpg 200w, https:\/\/www.conselharan.org\/wp-content\/uploads\/2017\/02\/fototur_23-768x1151.jpg 768w, https:\/\/www.conselharan.org\/wp-content\/uploads\/2017\/02\/fototur_23.jpg 801w\" sizes=\"(max-width: 684px) 100vw, 684px\" \/><\/a> <a href=\"http:\/\/www.conselharan.org\/wp-content\/uploads\/2017\/02\/fototur_24.jpg\"><img loading=\"lazy\" decoding=\"async\" class=\"aligncenter size-large wp-image-15773\" src=\"http:\/\/www.conselharan.org\/wp-content\/uploads\/2017\/02\/fototur_24-1024x684.jpg\" alt=\"fototur_24\" width=\"1024\" height=\"684\" srcset=\"https:\/\/www.conselharan.org\/wp-content\/uploads\/2017\/02\/fototur_24-1024x684.jpg 1024w, https:\/\/www.conselharan.org\/wp-content\/uploads\/2017\/02\/fototur_24-300x200.jpg 300w, https:\/\/www.conselharan.org\/wp-content\/uploads\/2017\/02\/fototur_24-768x513.jpg 768w, https:\/\/www.conselharan.org\/wp-content\/uploads\/2017\/02\/fototur_24.jpg 1200w\" sizes=\"(max-width: 1024px) 100vw, 1024px\" \/><\/a><\/p>\n ","protected":false},"excerpt":{"rendered":"<p>La Marxa Beret recupera su vertiente m\u00e1s popular con un 30% de inscritos extranjeros, principalmente procedentes de los pa\u00edses n\u00f3rdicos El fondista m\u00e1s veterano de la Marxa Beret de este a\u00f1o ha sido Jan Thomas Hoeg de 94 a\u00f1os, que ha cubierto la distancia de 10Km. Vielha, 5 de febrero de 2017.- 900 fondistas han&#8230;<\/p>\n","protected":false},"author":2,"featured_media":15759,"comment_status":"closed","ping_status":"closed","sticky":false,"template":"","format":"standard","meta":{"footnotes":""},"categories":[135,52,37],"tags":[],"_links":{"self":[{"href":"https:\/\/www.conselharan.org\/es\/wp-json\/wp\/v2\/posts\/15778"}],"collection":[{"href":"https:\/\/www.conselharan.org\/es\/wp-json\/wp\/v2\/posts"}],"about":[{"href":"https:\/\/www.conselharan.org\/es\/wp-json\/wp\/v2\/types\/post"}],"author":[{"embeddable":true,"href":"https:\/\/www.conselharan.org\/es\/wp-json\/wp\/v2\/users\/2"}],"replies":[{"embeddable":true,"href":"https:\/\/www.conselharan.org\/es\/wp-json\/wp\/v2\/comments?post=15778"}],"version-history":[{"count":1,"href":"https:\/\/www.conselharan.org\/es\/wp-json\/wp\/v2\/posts\/15778\/revisions"}],"predecessor-version":[{"id":15779,"href":"https:\/\/www.conselharan.org\/es\/wp-json\/wp\/v2\/posts\/15778\/revisions\/15779"}],"wp:featuredmedia":[{"embeddable":true,"href":"https:\/\/www.conselharan.org\/es\/wp-json\/wp\/v2\/media\/15759"}],"wp:attachment":[{"href":"https:\/\/www.conselharan.org\/es\/wp-json\/wp\/v2\/media?parent=15778"}],"wp:term":[{"taxonomy":"category","embeddable":true,"href":"https:\/\/www.conselharan.org\/es\/wp-json\/wp\/v2\/categories?post=15778"},{"taxonomy":"post_tag","embeddable":true,"href":"https:\/\/www.conselharan.org\/es\/wp-json\/wp\/v2\/tags?post=15778"}],"curies":[{"name":"wp","href":"https:\/\/api.w.org\/{rel}","templated":true}]}}