{"id":15923,"date":"2017-02-10T15:23:43","date_gmt":"2017-02-10T14:23:43","guid":{"rendered":"http:\/\/www.conselharan.org\/es\/?p=15923"},"modified":"2017-02-10T15:23:43","modified_gmt":"2017-02-10T14:23:43","slug":"el-govern-daran-consigue-que-telefonica-despliegue-en-una-primera-fase-la-fibra-optica-en-vielha","status":"publish","type":"post","link":"https:\/\/www.conselharan.org\/es\/el-govern-daran-consigue-que-telefonica-despliegue-en-una-primera-fase-la-fibra-optica-en-vielha\/","title":{"rendered":"El Gov\u00e8rn d\u2019Aran consigue que Telef\u00f3nica despliegue en una primera fase la fibra \u00f2ptica en Vielha"},"content":{"rendered":"<p>Vielha, 10 de febrero de 2017.- Telef\u00f3nica ha acordado el despliegue de la fibra \u00f3ptica en una primera fase en el n\u00facleo de Vielha, durante los primeros meses de 2017 y hacerla extensible a todo el Valle de Aran progresivamente, durante el 2017 2018<\/p>\n<p><a href=\"http:\/\/www.conselharan.org\/wp-content\/uploads\/2017\/02\/file-1.jpeg\"><img loading=\"lazy\" decoding=\"async\" class=\"aligncenter size-large wp-image-15919\" src=\"http:\/\/www.conselharan.org\/wp-content\/uploads\/2017\/02\/file-1-1024x768.jpeg\" alt=\"file\" width=\"1024\" height=\"768\" srcset=\"https:\/\/www.conselharan.org\/wp-content\/uploads\/2017\/02\/file-1-1024x768.jpeg 1024w, https:\/\/www.conselharan.org\/wp-content\/uploads\/2017\/02\/file-1-300x225.jpeg 300w, https:\/\/www.conselharan.org\/wp-content\/uploads\/2017\/02\/file-1-768x576.jpeg 768w, https:\/\/www.conselharan.org\/wp-content\/uploads\/2017\/02\/file-1.jpeg 1600w\" sizes=\"(max-width: 1024px) 100vw, 1024px\" \/><\/a><\/p>\n<p>El Gov\u00e8rn d\u2019Aran mantuvo durante los \u00faltimos meses varias reuniones con responsables de la compa\u00f1\u00eda Telef\u00f3nica en Catalu\u00f1a, para tratar sobre el estado de las instalaciones y el despliegue de este servicio en la Val d&#8217;Aran.<\/p>\n<p>Despu\u00e9s de varios episodios de cortes continuados en las l\u00edneas de conexi\u00f3n de voz y datos a trav\u00e9s de las l\u00edneas operativas, Telef\u00f3nica dio cuenta a los miembros del Gobierno de Aran que se hab\u00eda procedido a la instalaci\u00f3n de otra salida de transmisi\u00f3n de datos y de telefon\u00eda m\u00f3vil para el Valle de Ar\u00e1n, en conexi\u00f3n con el Pallars, para evitar incidentes como los que ha sufrido el Valle de Aran en los \u00faltimos a\u00f1os.<\/p>\n<p>Otra de las demandas del Gobierno de Aran, ha sido que la compa\u00f1\u00eda Telef\u00f3nica garantice el buen funcionamiento del servicio a los municipios del Bajo Aran para evitar los cortes de servicio que han afectado a esta zona, en los \u00faltimos a\u00f1os, tanto en telefon\u00eda fija, m\u00f3vil y de datos. Por este motivo, Telef\u00f3nica est\u00e1 procediendo a realizar mejoras en esta parte del valle, que garanticen con mucha m\u00e1s seguridad la continuidad del servicio.<\/p>\n<p>Por otro lado, la compa\u00f1\u00eda Telef\u00f3nica, ha desplegado la cobertura m\u00f3vil 4G en todas las poblaciones de la Val d&#8217;Aran.<\/p>\n<p>El Gov\u00e8rn d\u2019Aran, ha destacado la importancia que en defensa de los intereses de las empresas y establecimientos de la Val d&#8217;Aran, significa el hecho de poder establecer acuerdos satisfactorios con las empresas suministradoras de servicios como es el caso de Telef\u00f3nica.<\/p>\n<p><strong>Carlos Barrera<\/strong>, se\u00f1al\u00f3 que la labor de seguimiento que se ha hecho desde el Gobierno de Aran y la buena receptividad por parte de Telef\u00f3nica, permitir\u00e1 que el servicio de fibra \u00f3ptica se despliegue gradualmente a todo el Valle de Aran con una velocidad de 300 Megas a precio normal, lo que favorecer\u00e1 la competitividad de las empresas aranesas y la mejora de las comunicaciones del resto de la poblaci\u00f3n.<\/p>\n<p>&nbsp;<\/p>\n<p>&nbsp;<\/p>\n ","protected":false},"excerpt":{"rendered":"<p>Vielha, 10 de febrero de 2017.- Telef\u00f3nica ha acordado el despliegue de la fibra \u00f3ptica en una primera fase en el n\u00facleo de Vielha, durante los primeros meses de 2017 y hacerla extensible a todo el Valle de Aran progresivamente, durante el 2017 2018 El Gov\u00e8rn d\u2019Aran mantuvo durante los \u00faltimos meses varias reuniones con&#8230;<\/p>\n","protected":false},"author":2,"featured_media":15919,"comment_status":"closed","ping_status":"closed","sticky":false,"template":"","format":"standard","meta":{"footnotes":""},"categories":[52,37],"tags":[],"_links":{"self":[{"href":"https:\/\/www.conselharan.org\/es\/wp-json\/wp\/v2\/posts\/15923"}],"collection":[{"href":"https:\/\/www.conselharan.org\/es\/wp-json\/wp\/v2\/posts"}],"about":[{"href":"https:\/\/www.conselharan.org\/es\/wp-json\/wp\/v2\/types\/post"}],"author":[{"embeddable":true,"href":"https:\/\/www.conselharan.org\/es\/wp-json\/wp\/v2\/users\/2"}],"replies":[{"embeddable":true,"href":"https:\/\/www.conselharan.org\/es\/wp-json\/wp\/v2\/comments?post=15923"}],"version-history":[{"count":1,"href":"https:\/\/www.conselharan.org\/es\/wp-json\/wp\/v2\/posts\/15923\/revisions"}],"predecessor-version":[{"id":15924,"href":"https:\/\/www.conselharan.org\/es\/wp-json\/wp\/v2\/posts\/15923\/revisions\/15924"}],"wp:featuredmedia":[{"embeddable":true,"href":"https:\/\/www.conselharan.org\/es\/wp-json\/wp\/v2\/media\/15919"}],"wp:attachment":[{"href":"https:\/\/www.conselharan.org\/es\/wp-json\/wp\/v2\/media?parent=15923"}],"wp:term":[{"taxonomy":"category","embeddable":true,"href":"https:\/\/www.conselharan.org\/es\/wp-json\/wp\/v2\/categories?post=15923"},{"taxonomy":"post_tag","embeddable":true,"href":"https:\/\/www.conselharan.org\/es\/wp-json\/wp\/v2\/tags?post=15923"}],"curies":[{"name":"wp","href":"https:\/\/api.w.org\/{rel}","templated":true}]}}