{"id":15932,"date":"2017-02-12T15:51:48","date_gmt":"2017-02-12T14:51:48","guid":{"rendered":"http:\/\/www.conselharan.org\/es\/?p=15932"},"modified":"2017-02-14T13:06:36","modified_gmt":"2017-02-14T12:06:36","slug":"abiertas-las-inscripciones-para-la-4au-corsa-dera-hemna-2017","status":"publish","type":"post","link":"https:\/\/www.conselharan.org\/es\/abiertas-las-inscripciones-para-la-4au-corsa-dera-hemna-2017\/","title":{"rendered":"Abiertas las inscripciones para la 4au Corsa dera Hemna 2017"},"content":{"rendered":"<p>Vielha, 12 de febrero de 2017.- El domingo 12 de marzo de 2017 se celebrar\u00e1 en Vielha la 4au Corsa dera Hemna Valle de Aran, organizada por el Servici d\u2019Informacion e Atencion ara Hemna (SIAH) del Conselh Generau d\u2019Aran en colaboraci\u00f3n con el Consejo Deportivo del Valle de Aran y la Asociaci\u00f3n Volentaris Val d&#8217;Aran.<\/p>\n<p><a href=\"http:\/\/www.conselharan.org\/wp-content\/uploads\/2017\/02\/CARTEL-4AU-CORSA-DERA-HEMNA1-1-e1487073916385.jpg\"><img loading=\"lazy\" decoding=\"async\" class=\"aligncenter size-large wp-image-15946\" src=\"http:\/\/www.conselharan.org\/wp-content\/uploads\/2017\/02\/CARTEL-4AU-CORSA-DERA-HEMNA1-1-724x1024.jpg\" alt=\"CARTEL 4AU CORSA DERA HEMNA[1]\" width=\"724\" height=\"1024\" \/><\/a><\/p>\n<p>En la edici\u00f3n de la Corsa dera Hemna de este a\u00f1o se dar\u00e1n tres premios para las siguientes categor\u00edas:<\/p>\n<p>Absoluta mujeres; juvenil; Senior; Master 30; Master 40; Master 50; Absoluta hombres.<\/p>\n<p>&nbsp;<\/p>\n<p><strong>Las inscripciones online ya se pueden formalizar en: <a href=\"https:\/\/www.inscripcions.cat\/corsaderahemna2017\/\">https:\/\/www.inscripcions.cat\/corsaderahemna2017\/<\/a><\/strong><\/p>\n<p>&nbsp;<\/p>\n<p>Las inscripciones tambi\u00e9n se podr\u00e1n realizar presencialmente el viernes 10 y s\u00e1bado 11 de marzo por la tarde de 17 a 20 horas en la plaza del Conselh Generau d\u2019Aran.<\/p>\n<p>Precio Inscripci\u00f3n: 3 \u20ac.<\/p>\n<p>La recogida de dorsales se podr\u00e1 realizar en la plaza del Conselh Generau d\u2019Aran, el viernes 10 y s\u00e1bado 11 de marzo por la tarde de 17 a 20 horas.<\/p>\n<p>El horario de salida de la 4au Corsa dera Hemna ser\u00e1 a las 11h del d\u00eda 12 de marzo de 2017.<\/p>\n<p>\u00a1Os animamos a participar!<\/p>\n<p>La 4au edici\u00f3n dera Corsa dera Hemna, pondr\u00e1 punto final a todos los actos que desde el Conselh Generau d\u2019Aran y el Servici d\u2019Informacion e Atencion ara Hemna (SIAH), se organizan con motivo del D\u00eda Internacional de la Mujer.<\/p>\n<p>&nbsp;<\/p>\n<p>&nbsp;<\/p>\n ","protected":false},"excerpt":{"rendered":"<p>Vielha, 12 de febrero de 2017.- El domingo 12 de marzo de 2017 se celebrar\u00e1 en Vielha la 4au Corsa dera Hemna Valle de Aran, organizada por el Servici d\u2019Informacion e Atencion ara Hemna (SIAH) del Conselh Generau d\u2019Aran en colaboraci\u00f3n con el Consejo Deportivo del Valle de Aran y la Asociaci\u00f3n Volentaris Val d&#8217;Aran&#8230;.<\/p>\n","protected":false},"author":2,"featured_media":15946,"comment_status":"closed","ping_status":"closed","sticky":false,"template":"","format":"standard","meta":{"footnotes":""},"categories":[34],"tags":[],"_links":{"self":[{"href":"https:\/\/www.conselharan.org\/es\/wp-json\/wp\/v2\/posts\/15932"}],"collection":[{"href":"https:\/\/www.conselharan.org\/es\/wp-json\/wp\/v2\/posts"}],"about":[{"href":"https:\/\/www.conselharan.org\/es\/wp-json\/wp\/v2\/types\/post"}],"author":[{"embeddable":true,"href":"https:\/\/www.conselharan.org\/es\/wp-json\/wp\/v2\/users\/2"}],"replies":[{"embeddable":true,"href":"https:\/\/www.conselharan.org\/es\/wp-json\/wp\/v2\/comments?post=15932"}],"version-history":[{"count":2,"href":"https:\/\/www.conselharan.org\/es\/wp-json\/wp\/v2\/posts\/15932\/revisions"}],"predecessor-version":[{"id":15948,"href":"https:\/\/www.conselharan.org\/es\/wp-json\/wp\/v2\/posts\/15932\/revisions\/15948"}],"wp:featuredmedia":[{"embeddable":true,"href":"https:\/\/www.conselharan.org\/es\/wp-json\/wp\/v2\/media\/15946"}],"wp:attachment":[{"href":"https:\/\/www.conselharan.org\/es\/wp-json\/wp\/v2\/media?parent=15932"}],"wp:term":[{"taxonomy":"category","embeddable":true,"href":"https:\/\/www.conselharan.org\/es\/wp-json\/wp\/v2\/categories?post=15932"},{"taxonomy":"post_tag","embeddable":true,"href":"https:\/\/www.conselharan.org\/es\/wp-json\/wp\/v2\/tags?post=15932"}],"curies":[{"name":"wp","href":"https:\/\/api.w.org\/{rel}","templated":true}]}}