{"id":15943,"date":"2017-02-13T14:04:25","date_gmt":"2017-02-13T13:04:25","guid":{"rendered":"http:\/\/www.conselharan.org\/es\/?p=15943"},"modified":"2017-02-13T14:04:25","modified_gmt":"2017-02-13T13:04:25","slug":"audi-quattro-cup-recibe-en-baqueira-beret-a-336-corredores-de-35-clubs-venidos-de-toda-espana","status":"publish","type":"post","link":"https:\/\/www.conselharan.org\/es\/audi-quattro-cup-recibe-en-baqueira-beret-a-336-corredores-de-35-clubs-venidos-de-toda-espana\/","title":{"rendered":"Audi quattro Cup recibe en Baqueira Beret a 336 corredores de 35 clubs venidos de toda Espa\u00f1a"},"content":{"rendered":"<p><strong>La estaci\u00f3n aranesa supera la inscripci\u00f3n del a\u00f1o pasado gracias al gran trabajo de los clubs y al gran atractivo del circuito Audi quattro Cup en donde la fiesta en el Palai d\u2019Esp\u00f2rts de Vielha fue un gran \u00e9xito de asistencia<\/strong><\/p>\n<p>&nbsp;<\/p>\n<p><strong>En esta tercera parada del circuito de esqu\u00ed alpino U12\/10, incluida en el calendario RFEDI y organizada por el Club Aran\u00e9s d\u2019Esp\u00f2rts d\u2019Iu\u00e8rn (CAEI), los esquiadores disputaron un S\u00faper-G en el Stadium de Beret en impecables condiciones.<\/strong><\/p>\n<p>&nbsp;<\/p>\n<p><img loading=\"lazy\" decoding=\"async\" class=\"aligncenter size-full wp-image-15938\" src=\"http:\/\/www.conselharan.org\/wp-content\/uploads\/2017\/02\/170211-AudiquattroCup-BaqueiraBeret.jpg\" alt=\"170211-AudiquattroCup-BaqueiraBeret\" width=\"720\" height=\"480\" srcset=\"https:\/\/www.conselharan.org\/wp-content\/uploads\/2017\/02\/170211-AudiquattroCup-BaqueiraBeret.jpg 720w, https:\/\/www.conselharan.org\/wp-content\/uploads\/2017\/02\/170211-AudiquattroCup-BaqueiraBeret-300x200.jpg 300w\" sizes=\"(max-width: 720px) 100vw, 720px\" \/><\/p>\n<p>&nbsp;<\/p>\n<p>La 9\u00aa edici\u00f3n del circuito de esqu\u00ed alpino U12\/10 Audi quattro Cup 2017, incluida en el calendario RFEDI, llega a su ecuador en Baqueira Beret en donde se ha celebrado la cl\u00e1sica prueba Amics de Montgarri. Un trofeo que este a\u00f1o ha celebrado su XX edici\u00f3n y que, desde la temporada 2009\/10 ha acogido una prueba Audi quattro Cup cada a\u00f1o y sigue acumulando experiencia y \u00e9xito de organizaci\u00f3n y participaci\u00f3n, y los 21 corredores de m\u00e1s con respecto al a\u00f1o pasado lo demuestran.<\/p>\n<p>Los entrenadores de los diferentes equipos de todo el territorio, venidos de Sierra Nevada, Arag\u00f3n, Madrid y clubes de toda Catalu\u00f1a, han visto a sus pupilos deslizarse por la pista del Stadium, que gracias a la buena calidad la nieve y el trabajo de los responsables de pista, ha estado en todo momento en condiciones id\u00f3neas para competir.<\/p>\n<p>&nbsp;<\/p>\n<p><img loading=\"lazy\" decoding=\"async\" class=\"aligncenter size-full wp-image-15937\" src=\"http:\/\/www.conselharan.org\/wp-content\/uploads\/2017\/02\/170211-Audi-quattro-Cup-Baqueira-Reconocimiento.jpg\" alt=\"170211-Audi quattro Cup-Baqueira-Reconocimiento\" width=\"720\" height=\"480\" srcset=\"https:\/\/www.conselharan.org\/wp-content\/uploads\/2017\/02\/170211-Audi-quattro-Cup-Baqueira-Reconocimiento.jpg 720w, https:\/\/www.conselharan.org\/wp-content\/uploads\/2017\/02\/170211-Audi-quattro-Cup-Baqueira-Reconocimiento-300x200.jpg 300w\" sizes=\"(max-width: 720px) 100vw, 720px\" \/><\/p>\n<p>&nbsp;<\/p>\n<p><strong>Podios para 10 clubs del territorio<\/strong><\/p>\n<p>Como ya pas\u00f3 en Formigal, las esquiadoras U12 fueron las primeras en descender. Paula \u00c1lvarez Gal\u00e1n, del club TECALP de la Federaci\u00f3n Madrile\u00f1a Deportes de Invierno subi\u00f3 a lo m\u00e1s alto del podio con un tiempo total de 48.45. La siguieron Aura Coronado Mateu, del MLEC con un tiempo de 48.92 y Nikole Arriola Zugaza, del AISC, con un tiempo de 48.93, ambas de la Federaci\u00f3 Catalana d\u2019Esports d\u2019Hivern.<\/p>\n<p>En la categor\u00eda de los hombres, el podio se lo repartieron tres esquiadores de tres clubs diferentes. Aleix Aubert Serracanta, del Club Esportiu Terrassa de la Federaci\u00f3 Catalana d\u2019Esports d\u2019Hivern, logr\u00f3, con el mejor tiempo de la jornada, subir al primer eslab\u00f3n con un total de 47.29. Le siguieron Jules Cambier, del TECALP de la Federaci\u00f3n Madrile\u00f1a Deportes de Invierno con un tiempo de 48.36 y Jacobo Vidal Lemes, del EUROSPORT de la Federaci\u00f3n Vasca Deportes de Invierno con un total de 49.91.<\/p>\n<p>Tras la pausa entre categor\u00edas, ha sido el turno de las damas U10. Elena Pinuaga D\u00edaz, del club TECALP de la Federaci\u00f3n Madrile\u00f1a Deportes de Invierno, que obtuvo la segunda plaza en Formigal, se adjudic\u00f3 la primera posici\u00f3n con un tiempo de 55.73. Valeria Meire Garc\u00eda-Berro del CEVA de la Federaci\u00f3 Catalana d\u2019Esports d\u2019Hivern subi\u00f3 al segundo eslab\u00f3n del podio con un tiempo de 56.23. Tercera fue Claudia Vives Garc\u00eda, del MITICO, tambi\u00e9n de la Federaci\u00f3n Madrile\u00f1a Deportes de Invierno, con un tiempo de 56.39.<\/p>\n<p>Siguieron los esquiadores U10, que fueron los que cerraron la jornada en el Stadium de Beret y en donde tambi\u00e9n hubo 3 integrantes de tres clubs distintos en el podio. \u00c1lvaro del Pino Caballero, del NEVADA de la Federaci\u00f3n Andaluza Deportes de Invierno, logr\u00f3 la primera posici\u00f3n con un tiempo de 51.68. Le siguieron Pablo Hedo Morera del Copos Ski Club de la Federaci\u00f3 Catalana d\u2019Esports d\u2019Hivern con un tiempo de 53.54 y Andr\u00e9s Vidal Lemes, del EUROSPORT de la Federaci\u00f3n Vasca Deportes de Invierno con un total de 53.61.<\/p>\n<p>Con la estaci\u00f3n a pleno rendimiento gracias a las fuertes nevadas que han ca\u00eddo a principio de semana en la cara norte de los Pirineos, el n\u00famero de participantes no ha defraudado y la prueba en Baqueira Beret supera la inscripci\u00f3n del a\u00f1o pasado y demuestran las ganas de los clubs en formar parte del circuito Audi quattro Cup, que da la posibilidad de competir contra clubs distribuidos en todas las estaciones de esqu\u00ed de la pen\u00ednsula<\/p>\n<p>&nbsp;<\/p>\n<p><img loading=\"lazy\" decoding=\"async\" class=\"aligncenter size-full wp-image-15939\" src=\"http:\/\/www.conselharan.org\/wp-content\/uploads\/2017\/02\/170211-AudiquattroCup-Baqueira-equipos-vielha.jpg\" alt=\"170211-AudiquattroCup-Baqueira-equipos-vielha\" width=\"850\" height=\"567\" srcset=\"https:\/\/www.conselharan.org\/wp-content\/uploads\/2017\/02\/170211-AudiquattroCup-Baqueira-equipos-vielha.jpg 850w, https:\/\/www.conselharan.org\/wp-content\/uploads\/2017\/02\/170211-AudiquattroCup-Baqueira-equipos-vielha-300x200.jpg 300w, https:\/\/www.conselharan.org\/wp-content\/uploads\/2017\/02\/170211-AudiquattroCup-Baqueira-equipos-vielha-768x512.jpg 768w\" sizes=\"(max-width: 850px) 100vw, 850px\" \/><\/p>\n<p>&nbsp;<\/p>\n<p><strong>Un jornada de fiesta en el Village y en el Palai d\u2019Esports de Vielha<\/strong><\/p>\n<p>Esta cita deportiva ha acogido a familiares y amigos, que durante la ma\u00f1ana han visitado el Village de meta para que, a primera vista, vieran a los j\u00f3venes corredores cruzar la l\u00ednea roja que indica el final del cron\u00f3metro. La buena temperatura en el Pla de Beret ha convertido la zona en un lugar de m\u00fasica y diversi\u00f3n, en donde la intriga se hac\u00eda esperar hasta que el speaker de carrera anunciaba los resultados de los corredores.<br \/>\nY como en cada carrera del circuito, se ha visto en los clubs un af\u00e1n de disfrutar de la uni\u00f3n entre competici\u00f3n, aprendizaje y diversi\u00f3n, valores fundamentales del circuito que promueve el deporte de base para apoyar a los campeones del futuro.<\/p>\n<p>Una vez acabada la carrera, el XX Trofeo Amics de Montgarri se ha desplazado al Palai d\u2019Esp\u00f2rts de Vielha, en donde los peque\u00f1os han disfrutado de todas las actividades. Como siempre, la consola wii, pero esta vez con un juego de slalom, ha sido la m\u00e1s solicitada. Se ha habilitado una zona din\u00e1mica con las propuestas de juegos de habilidad y una zona \u201ckids\u201d de Audi Financial Services donde los m\u00e1s peque\u00f1os han encontrado un espacio dedicado a ellos en el que han escuchado los cuentos invernales.<\/p>\n<p>Educa ha liderado varias actividades con sus juegos did\u00e1cticos para ni\u00f1os de edades entre 2 y 8 a\u00f1os y se han ofrecido varios productos de degustaci\u00f3n para recuperar fuerzas despu\u00e9s de la jornada matinal con Cavas Ferret, caldo Aneto, chocolates Milka y catering Mas Ros.<\/p>\n<p>Se dieron las respectivas medallas a los campeones de categor\u00eda y tambi\u00e9n se entregaron varios premios de la mano de Rossignol, Briko y Baqueira Beret. En la zona tecnolog\u00edca, los ni\u00f1os y ni\u00f1as participantes en esta tercera prueba de la temporada de Audi quattro Cup U12\/10 se hicieron fotos delante del photocall para as\u00ed llevarse un recuerdo de ese d\u00eda.<\/p>\n<p><strong>Gran d\u00eda para el deporte base<\/strong><\/p>\n<p>May Peus Espa\u00f1a, presidente de la Federaci\u00f3n Espa\u00f1ola Deportes de Invierno, que en la ceremonia de entrega de medallas se dirigi\u00f3 al p\u00fablico reafirmando \u201cla importancia de este apoyo en la base del esqu\u00ed alpino para lograr d\u00edas como el de hoy. Se ha competido muy bien, se han visto tiempos muy ajustados en la parte de arriba de la clasificaci\u00f3n y estamos muy contentos de teneros a todos esta tarde aqu\u00ed para disfrutar de la fiesta\u201d y, agradeciendo a la organizaci\u00f3n del CAEI, del que fue entrenador y director t\u00e9cnico, \u201cuna magn\u00edfica organizaci\u00f3n y es un placer colaborar en la proyecci\u00f3n de futuro de los futuros esquiadores\u201d.<\/p>\n<p>Le acompa\u00f1aron David Samper, vicepresidente de la Federaci\u00f3 Catalana d\u2019Esports d\u2019Hivern, que junto a Ramon Vidal Cabir\u00f3, presidente del CAEI, Blanca Tasias Torras como vicepresidenta del club, Felix Lluch, responsable de SuperWagen, Joel G\u00f3mez, director comercial de Rossignol Espa\u00f1a y Jordi Lled\u00f3, como responsable de la f\u00e1brica Rossignol en Art\u00e9s colgaron la medalla al cuello de los 12 integrantes del podio. No falt\u00f3 a la cita Julia Bargall\u00f3, esquiadora RFEDI que viene de hacer una gran semana de competici\u00f3n, y que se form\u00f3 en el CAEI.<\/p>\n<p><strong>Pruebas de conducci\u00f3n de la mano de SuperWagen<\/strong><\/p>\n<p>Una de las actividades estrella para los adultos ha sido la que ha llevado a cabo el concesionario Superwagen oficial Audi, que ha ofrecido pruebas de conducci\u00f3n del nuevo modelo Audi Q5 y Q7 durante la fiesta.<\/p>\n<p>Gracias al apoyo que Audi y Audi Financial Services brindan al deporte base, estas 6 carreras son posibles en las estaciones de esqu\u00ed de toda la pen\u00ednsula, Adem\u00e1s, la carrera puede seguirse en directo a trav\u00e9s del LiveTiming habilitado por la organizaci\u00f3n en el link http:\/\/www.rfedi.es\/LiveRfedi.html<\/p>\n<p><strong>Calendario 2017 del circuito esqu\u00ed alpino Audi quattro Cup U12\/U10<\/strong><\/p>\n<p>18.02.2017 Sierra Nevada: IV Descenso del Mar \u2013 Ctos de Andaluc\u00eda \u2013 FADI Andaluc\u00eda<br \/>\n04.03.2017 Alto Campoo: IV Trofeo Cantabria \u2013 FCDI<br \/>\n11.03.2017 Cerler: XXII Trofeo \u201cEl Pitarroy\u201d \u2013 Club Cerler Aneto E.C.- FADI Arag\u00f3n<\/p>\n<p>&nbsp;<\/p>\n<p><strong>Descarga el compactado de im\u00e1genes para TV de la carrera en Baqueira Beret a trav\u00e9s de este enlace: <a href=\"http:\/\/bit.ly\/2lyFXMz\" target=\"_blank\">http:\/\/bit.ly\/2lyFXMz<\/a><\/strong><\/p>\n<p>&nbsp;<\/p>\n<p>&nbsp;<\/p>\n<p>Vielha, 13 de febrero de 2017<\/p>\n<p>&nbsp;<\/p>\n<p>&nbsp;<\/p>\n<p><em>Conselh Generau d&#8217;Aran: N\u00faria Sanjuan<\/em><\/p>\n<p><em>Fuente:\u00a0Carlos Labori\/ Comunicaci\u00f3n Audi quattro Cup<\/em><\/p>\n<p><em>Cr\u00e9dito de fotos: FotoTur <a href=\"http:\/\/www.fototur.net\" target=\"_blank\">www.fototur.net<\/a><\/em><\/p>\n<p>&nbsp;<\/p>\n ","protected":false},"excerpt":{"rendered":"<p>La estaci\u00f3n aranesa supera la inscripci\u00f3n del a\u00f1o pasado gracias al gran trabajo de los clubs y al gran atractivo del circuito Audi quattro Cup en donde la fiesta en el Palai d\u2019Esp\u00f2rts de Vielha fue un gran \u00e9xito de asistencia &nbsp; En esta tercera parada del circuito de esqu\u00ed alpino U12\/10, incluida en el&#8230;<\/p>\n","protected":false},"author":2,"featured_media":15937,"comment_status":"closed","ping_status":"closed","sticky":false,"template":"","format":"standard","meta":{"footnotes":""},"categories":[135],"tags":[],"_links":{"self":[{"href":"https:\/\/www.conselharan.org\/es\/wp-json\/wp\/v2\/posts\/15943"}],"collection":[{"href":"https:\/\/www.conselharan.org\/es\/wp-json\/wp\/v2\/posts"}],"about":[{"href":"https:\/\/www.conselharan.org\/es\/wp-json\/wp\/v2\/types\/post"}],"author":[{"embeddable":true,"href":"https:\/\/www.conselharan.org\/es\/wp-json\/wp\/v2\/users\/2"}],"replies":[{"embeddable":true,"href":"https:\/\/www.conselharan.org\/es\/wp-json\/wp\/v2\/comments?post=15943"}],"version-history":[{"count":1,"href":"https:\/\/www.conselharan.org\/es\/wp-json\/wp\/v2\/posts\/15943\/revisions"}],"predecessor-version":[{"id":15944,"href":"https:\/\/www.conselharan.org\/es\/wp-json\/wp\/v2\/posts\/15943\/revisions\/15944"}],"wp:featuredmedia":[{"embeddable":true,"href":"https:\/\/www.conselharan.org\/es\/wp-json\/wp\/v2\/media\/15937"}],"wp:attachment":[{"href":"https:\/\/www.conselharan.org\/es\/wp-json\/wp\/v2\/media?parent=15943"}],"wp:term":[{"taxonomy":"category","embeddable":true,"href":"https:\/\/www.conselharan.org\/es\/wp-json\/wp\/v2\/categories?post=15943"},{"taxonomy":"post_tag","embeddable":true,"href":"https:\/\/www.conselharan.org\/es\/wp-json\/wp\/v2\/tags?post=15943"}],"curies":[{"name":"wp","href":"https:\/\/api.w.org\/{rel}","templated":true}]}}