{"id":15954,"date":"2017-02-14T19:07:59","date_gmt":"2017-02-14T18:07:59","guid":{"rendered":"http:\/\/www.conselharan.org\/es\/?p=15954"},"modified":"2017-02-14T19:07:59","modified_gmt":"2017-02-14T18:07:59","slug":"los-corredores-del-ceva-destacan-entre-los-336-participantes-de-la-xxa-amics-de-montgarri","status":"publish","type":"post","link":"https:\/\/www.conselharan.org\/es\/los-corredores-del-ceva-destacan-entre-los-336-participantes-de-la-xxa-amics-de-montgarri\/","title":{"rendered":"Los corredores del CEVA destacan entre los 336 participantes de la XXa Amics de Montgarri"},"content":{"rendered":"<p><strong>2\u00aa posici\u00f3n en U10 damas de Valeria Meire el s\u00e1bado, 3\u00aa de Deisy Brotons en U10 damas y 5\u00ba puesto de Victor Bult\u00f3 en U12 Hombres el domingo<\/strong><\/p>\n<p><a href=\"http:\/\/www.conselharan.org\/wp-content\/uploads\/2017\/02\/IMG_2920.jpg\"><img loading=\"lazy\" decoding=\"async\" class=\"aligncenter size-large wp-image-15952\" src=\"http:\/\/www.conselharan.org\/wp-content\/uploads\/2017\/02\/IMG_2920-1024x768.jpg\" alt=\"IMG_2920\" width=\"1024\" height=\"768\" srcset=\"https:\/\/www.conselharan.org\/wp-content\/uploads\/2017\/02\/IMG_2920-1024x768.jpg 1024w, https:\/\/www.conselharan.org\/wp-content\/uploads\/2017\/02\/IMG_2920-300x225.jpg 300w, https:\/\/www.conselharan.org\/wp-content\/uploads\/2017\/02\/IMG_2920-768x576.jpg 768w, https:\/\/www.conselharan.org\/wp-content\/uploads\/2017\/02\/IMG_2920.jpg 1600w\" sizes=\"(max-width: 1024px) 100vw, 1024px\" \/><\/a><\/p>\n<p>La 9\u00aa edici\u00f3n del circuito de esqu\u00ed alpino U12\/10 <strong>Audi quattro Cup 2017,<\/strong> incluida en el calendario RFEDI, ha llegado este fin de semana a Baqueira Beret donde se ha celebrado la cl\u00e1sica prueba <strong>Amics de Montgarri<\/strong>. Un trofeo que este a\u00f1o ha celebrado su XXa edici\u00f3n y que, desde la temporada 2009\/10 ha acogido una prueba Audi quattro Cup cada a\u00f1o.<\/p>\n<p>La prueba se disput\u00f3 con la estaci\u00f3n a pleno rendimiento gracias a las fuertes nevadas ca\u00eddas desde principio de semana. La XXa edici\u00f3n de la Amics de Montgarri en Baqueira Beret ha superado la inscripci\u00f3n del a\u00f1o pasado. El domingo acab\u00f3 con una fiesta en el Village y posteriormente el Palai d\u2019Esports de Vielha.<\/p>\n<p>&nbsp;<\/p>\n<p><strong>Marta Garc\u00eda 4\u00aa clasificada en el Gigante de Copa Espa\u00f1a en La Molina<\/strong><\/p>\n<p>La corredora del Club CEVA <strong>Marta Garc\u00eda<\/strong>, logr\u00f3 la 4\u00aa posici\u00f3n en el Gigante de la Copa Espa\u00f1a del 36\u00ba DERBY INTERNACIONAL DE CIUDADANOS \u00b7 CAMPEONAO ESPANYA CIT ALWC disputado este fin de semana en la estaci\u00f3n de La Molina. Con este resultado se proclama 4\u00aa clasificada del Campeonato de Espa\u00f1a Ciudadano.<\/p>\n ","protected":false},"excerpt":{"rendered":"<p>2\u00aa posici\u00f3n en U10 damas de Valeria Meire el s\u00e1bado, 3\u00aa de Deisy Brotons en U10 damas y 5\u00ba puesto de Victor Bult\u00f3 en U12 Hombres el domingo La 9\u00aa edici\u00f3n del circuito de esqu\u00ed alpino U12\/10 Audi quattro Cup 2017, incluida en el calendario RFEDI, ha llegado este fin de semana a Baqueira Beret&#8230;<\/p>\n","protected":false},"author":2,"featured_media":15952,"comment_status":"closed","ping_status":"closed","sticky":false,"template":"","format":"standard","meta":{"footnotes":""},"categories":[135],"tags":[],"_links":{"self":[{"href":"https:\/\/www.conselharan.org\/es\/wp-json\/wp\/v2\/posts\/15954"}],"collection":[{"href":"https:\/\/www.conselharan.org\/es\/wp-json\/wp\/v2\/posts"}],"about":[{"href":"https:\/\/www.conselharan.org\/es\/wp-json\/wp\/v2\/types\/post"}],"author":[{"embeddable":true,"href":"https:\/\/www.conselharan.org\/es\/wp-json\/wp\/v2\/users\/2"}],"replies":[{"embeddable":true,"href":"https:\/\/www.conselharan.org\/es\/wp-json\/wp\/v2\/comments?post=15954"}],"version-history":[{"count":1,"href":"https:\/\/www.conselharan.org\/es\/wp-json\/wp\/v2\/posts\/15954\/revisions"}],"predecessor-version":[{"id":15955,"href":"https:\/\/www.conselharan.org\/es\/wp-json\/wp\/v2\/posts\/15954\/revisions\/15955"}],"wp:featuredmedia":[{"embeddable":true,"href":"https:\/\/www.conselharan.org\/es\/wp-json\/wp\/v2\/media\/15952"}],"wp:attachment":[{"href":"https:\/\/www.conselharan.org\/es\/wp-json\/wp\/v2\/media?parent=15954"}],"wp:term":[{"taxonomy":"category","embeddable":true,"href":"https:\/\/www.conselharan.org\/es\/wp-json\/wp\/v2\/categories?post=15954"},{"taxonomy":"post_tag","embeddable":true,"href":"https:\/\/www.conselharan.org\/es\/wp-json\/wp\/v2\/tags?post=15954"}],"curies":[{"name":"wp","href":"https:\/\/api.w.org\/{rel}","templated":true}]}}