{"id":15983,"date":"2017-02-17T12:01:12","date_gmt":"2017-02-17T11:01:12","guid":{"rendered":"http:\/\/www.conselharan.org\/es\/?p=15983"},"modified":"2017-02-17T12:01:12","modified_gmt":"2017-02-17T11:01:12","slug":"la-rider-del-centro-adaptado-de-aran-cdia-astrid-fina-consigue-la-plata-en-la-copa-del-mundo-de-la-molina","status":"publish","type":"post","link":"https:\/\/www.conselharan.org\/es\/la-rider-del-centro-adaptado-de-aran-cdia-astrid-fina-consigue-la-plata-en-la-copa-del-mundo-de-la-molina\/","title":{"rendered":"La rider del Centro Adaptado de Aran (CDIA) Astrid Fina consigue la plata en la Copa del Mundo de La Molina"},"content":{"rendered":"<p><strong>La rider del CDIA vuelve a demostrar su progresi\u00f3n plantando cara a la subcampeona del mundo, la holandesa Lisa Bunschoten, quien acab\u00f3 llev\u00e1ndose el oro por poca diferencia<\/strong><\/p>\n<p><a href=\"http:\/\/www.conselharan.org\/wp-content\/uploads\/2017\/02\/170216IPC_SBX_LM_FINAL_FINA-ASTRID.jpg\"><img loading=\"lazy\" decoding=\"async\" class=\"aligncenter size-large wp-image-15979\" src=\"http:\/\/www.conselharan.org\/wp-content\/uploads\/2017\/02\/170216IPC_SBX_LM_FINAL_FINA-ASTRID-1024x683.jpg\" alt=\"170216IPC_SBX_LM_FINAL_FINA ASTRID\" width=\"1024\" height=\"683\" srcset=\"https:\/\/www.conselharan.org\/wp-content\/uploads\/2017\/02\/170216IPC_SBX_LM_FINAL_FINA-ASTRID-1024x683.jpg 1024w, https:\/\/www.conselharan.org\/wp-content\/uploads\/2017\/02\/170216IPC_SBX_LM_FINAL_FINA-ASTRID-300x200.jpg 300w, https:\/\/www.conselharan.org\/wp-content\/uploads\/2017\/02\/170216IPC_SBX_LM_FINAL_FINA-ASTRID-768x512.jpg 768w, https:\/\/www.conselharan.org\/wp-content\/uploads\/2017\/02\/170216IPC_SBX_LM_FINAL_FINA-ASTRID.jpg 1620w\" sizes=\"(max-width: 1024px) 100vw, 1024px\" \/><\/a><\/p>\n<p>Vielha, 16 de febrero de 2017.- <strong>La Copa del Mundo IPC 2017 de Para-Snowboard<\/strong> que se est\u00e1 disputando en la estaci\u00f3n de La Molina, ha comenzado de manera brillante para la rider del CDIA <strong>Astrid Fina<\/strong>, que ha sido segunda en la categor\u00eda SBLL2.<\/p>\n<p>\u00abEstoy muy contenta por el resultado que he obtenido. La semana pasada, en los mundiales de Big White, en Canad\u00e1, termin\u00e9 lejos de las primeras posiciones y en La Molina he estado muy cerca de lograr la victoria. Esto demuestra el buen trabajo que estoy realizando con <strong>Albert Mallol<\/strong>, estoy mejorando mucho y las sensaciones son muy buenas, ya pienso en la final de la Copa del Mundo en Corea del Sur y ya tocar\u00e1 pensar en Juegos Paral\u00edmpicos de Pyeongchang.\u201d<\/p>\n<p>Astrid lleg\u00f3 a la final por la v\u00eda r\u00e1pida tras su gran actuaci\u00f3n en las dos bajadas de la ronda clasificatoria, siendo 2\u00aa con 54.49 segundos, tiempo que mejor\u00f3 en la siguiente carrera para ser 1\u00aa con 52.99. En la final en la prueba de boardercross en la categor\u00eda Lower Limb 2 (discapacidad en las piernas) se med\u00eda a una rival que parec\u00eda inalcanzable hace unos meses.<\/p>\n<p>En la primera jornada una ca\u00edda le priv\u00f3 del oro, y en esta ocasi\u00f3n la holandesa sali\u00f3 mejor y se escap\u00f3, sin que la espa\u00f1ola pudiese darle caza.<\/p>\n<p>El viernes y s\u00e1bado, en la prueba de banked slalom, Astrid Fina tendr\u00e1 una nueva oportunidad.<\/p>\n<p>&nbsp;<\/p>\n<p><strong>Vic Gonz\u00e1lez roza la medalla de bronce<\/strong><\/p>\n<p><strong>V\u00edctor Manuel Gonz\u00e1lez<\/strong>, roz\u00f3 la medalla de bronce en la categor\u00eda Lower Limb 1 Imp. 1 (deportistas con amputaciones femorales, lesiones medulares y de doble tibial). Tras ser 4\u00ba (54.99 segundos) y 3\u00ba (55.13) en las dos bajadas de clasificaci\u00f3n, venci\u00f3 en cuartos de final al austriaco Reinhold Schett, que el d\u00eda anterior lo hab\u00eda eliminado en la misma ronda, pero en la pelea por el bronce no pudo con el holand\u00e9s Chris Vos.<\/p>\n<p><strong>\u00d3scar Gonz\u00e1lez<\/strong>, que tambi\u00e9n compite en la misma categor\u00eda y que fue 7\u00b0 en la Copa del Mundo ya que no pudo pasar de cuartos de final.<\/p>\n<p>La Copa del Mundo IPC 2017 de Para-Snowboard se disputar\u00e1 hasta el s\u00e1bado 18 de febrero en la estaci\u00f3n de La Molina y hay 13 pa\u00edses participantes.<\/p>\n<p>&nbsp;<\/p>\n<p>Fuente: CDIA<\/p>\n<p>Fotos:\u00a0<em>La Molina F4photagence.com \u2013 Oriol Molas<\/em>.<\/p>\n<p>&nbsp;<\/p>\n<p>&nbsp;<\/p>\n<p>&nbsp;<\/p>\n<p>&nbsp;<\/p>\n<p>&nbsp;<\/p>\n ","protected":false},"excerpt":{"rendered":"<p>La rider del CDIA vuelve a demostrar su progresi\u00f3n plantando cara a la subcampeona del mundo, la holandesa Lisa Bunschoten, quien acab\u00f3 llev\u00e1ndose el oro por poca diferencia Vielha, 16 de febrero de 2017.- La Copa del Mundo IPC 2017 de Para-Snowboard que se est\u00e1 disputando en la estaci\u00f3n de La Molina, ha comenzado de&#8230;<\/p>\n","protected":false},"author":2,"featured_media":15979,"comment_status":"closed","ping_status":"closed","sticky":false,"template":"","format":"standard","meta":{"footnotes":""},"categories":[135],"tags":[],"_links":{"self":[{"href":"https:\/\/www.conselharan.org\/es\/wp-json\/wp\/v2\/posts\/15983"}],"collection":[{"href":"https:\/\/www.conselharan.org\/es\/wp-json\/wp\/v2\/posts"}],"about":[{"href":"https:\/\/www.conselharan.org\/es\/wp-json\/wp\/v2\/types\/post"}],"author":[{"embeddable":true,"href":"https:\/\/www.conselharan.org\/es\/wp-json\/wp\/v2\/users\/2"}],"replies":[{"embeddable":true,"href":"https:\/\/www.conselharan.org\/es\/wp-json\/wp\/v2\/comments?post=15983"}],"version-history":[{"count":1,"href":"https:\/\/www.conselharan.org\/es\/wp-json\/wp\/v2\/posts\/15983\/revisions"}],"predecessor-version":[{"id":15984,"href":"https:\/\/www.conselharan.org\/es\/wp-json\/wp\/v2\/posts\/15983\/revisions\/15984"}],"wp:featuredmedia":[{"embeddable":true,"href":"https:\/\/www.conselharan.org\/es\/wp-json\/wp\/v2\/media\/15979"}],"wp:attachment":[{"href":"https:\/\/www.conselharan.org\/es\/wp-json\/wp\/v2\/media?parent=15983"}],"wp:term":[{"taxonomy":"category","embeddable":true,"href":"https:\/\/www.conselharan.org\/es\/wp-json\/wp\/v2\/categories?post=15983"},{"taxonomy":"post_tag","embeddable":true,"href":"https:\/\/www.conselharan.org\/es\/wp-json\/wp\/v2\/tags?post=15983"}],"curies":[{"name":"wp","href":"https:\/\/api.w.org\/{rel}","templated":true}]}}