{"id":16015,"date":"2017-02-17T16:47:41","date_gmt":"2017-02-17T15:47:41","guid":{"rendered":"http:\/\/www.conselharan.org\/es\/?p=16015"},"modified":"2017-02-24T12:58:09","modified_gmt":"2017-02-24T11:58:09","slug":"la-comision-de-urbanismo-de-la-val-daran-aprueba-la-modificacion-de-las-normas-subsidiarias-de-regulacion-de-bordas-y-cabanas","status":"publish","type":"post","link":"https:\/\/www.conselharan.org\/es\/la-comision-de-urbanismo-de-la-val-daran-aprueba-la-modificacion-de-las-normas-subsidiarias-de-regulacion-de-bordas-y-cabanas\/","title":{"rendered":"La Modificaci\u00f3n de las Normas subsidiarias de regulaci\u00f3n de bordas y caba\u00f1as pasa el tr\u00e1mite ambiental previo a la tramitaci\u00f3n urban\u00edstica"},"content":{"rendered":"<p><strong>La Comisi\u00f3n tambi\u00e9n se ha mostrado favorable a la habilitaci\u00f3n de 5 nuevas pistas de esqu\u00ed alpino en la zona del Pla de Beret<\/strong><\/p>\n<p>Vielha, 17 de febrero de 2017.-\u00a0La Comisi\u00f3n Territorial de Urbanismo de la Val d&#8217;Aran, presidida por el director general de Ordenaci\u00f3n del Territorio y Urbanismo, Agust\u00ed Serra, reunida esta ma\u00f1ana en la sede del Conselh Generau d\u2019Aran ha acordado admitir el informe de evaluaci\u00f3n ambiental para la Modificaci\u00f3n de las Normas subsidiarias del planeamiento en relaci\u00f3n con la regulaci\u00f3n de las bordas y caba\u00f1as en suelo no urbanizable de la Val d&#8217;Aran, como paso previo a la tramitaci\u00f3n urban\u00edstica por parte de la Comisi\u00f3n de Urbanismo, que abarca todos los municipios excepto Vielha por falta de documentaci\u00f3n que ser\u00e1 aportada en la pr\u00f3xima reuni\u00f3n de la Comisi\u00f3n de Urbanismo.<\/p>\n<p><a href=\"http:\/\/www.conselharan.org\/wp-content\/uploads\/2017\/02\/DSC_0972-1.jpg\"><img loading=\"lazy\" decoding=\"async\" class=\"aligncenter size-large wp-image-16010\" src=\"http:\/\/www.conselharan.org\/wp-content\/uploads\/2017\/02\/DSC_0972-1-1024x532.jpg\" alt=\"DSC_0972\" width=\"1024\" height=\"532\" srcset=\"https:\/\/www.conselharan.org\/wp-content\/uploads\/2017\/02\/DSC_0972-1-1024x532.jpg 1024w, https:\/\/www.conselharan.org\/wp-content\/uploads\/2017\/02\/DSC_0972-1-300x156.jpg 300w, https:\/\/www.conselharan.org\/wp-content\/uploads\/2017\/02\/DSC_0972-1-768x399.jpg 768w, https:\/\/www.conselharan.org\/wp-content\/uploads\/2017\/02\/DSC_0972-1.jpg 1200w\" sizes=\"(max-width: 1024px) 100vw, 1024px\" \/><\/a><\/p>\n<p>En la reuni\u00f3n de hoy de la Comisi\u00f3n de Urbanismo, tambi\u00e9n se ha tratado el <strong>Plan de ordenaci\u00f3n urban\u00edstica del municipio de Vilam\u00f2s<\/strong>, que prev\u00e9 el crecimiento en dos \u00e1mbitos en cada extremo del n\u00facleo urbano para usos residenciales y hoteleros.<\/p>\n<p>En este sentido el sindic\u00a0 d\u2019Aran, Carlos Barrera, ha destacado y valorado el esfuerzo de un municipio peque\u00f1o como es el de Vilam\u00f2s para ordenar urban\u00edsticamente el municipio, a trav\u00e9s de este Plan de ordenaci\u00f3n urban\u00edstica municipal (POUM).<\/p>\n<p>La Comisi\u00f3n de Urbanismo tambi\u00e9n ha aprobado la <strong>ampliaci\u00f3n de cinco nuevas pistas de esqu\u00ed alpino en la estaci\u00f3n de Baqueira Beret, en la zona del Pla de Beret<\/strong>. Estos cinco nuevos kil\u00f3metros esquiables se prev\u00e9 que la temporada 2017-18 ya est\u00e9n en funcionamiento. La longitud de las pistas que ha planteado la estaci\u00f3n oscilan entre los 650 metros la m\u00e1s corta y 1,3 kil\u00f3metros la m\u00e1s larga.<\/p>\n<p>Finalmente, tambi\u00e9n se ha aprobado <strong>Plan de mejora urbana de ordenaci\u00f3n volum\u00e9trica en el n\u00facleo de Escunhau<\/strong>. El sindic d\u2019Aran, destac\u00f3 que este Plan de mejora urbana significa una mejora importante de la transformaci\u00f3n de la visual de Escunhau, que pondr\u00e1 en valor todo el conjunto del pueblo.<\/p>\n<p><a href=\"http:\/\/www.conselharan.org\/wp-content\/uploads\/2017\/02\/IMG_3091.jpg\"><img loading=\"lazy\" decoding=\"async\" class=\"aligncenter size-large wp-image-16011\" src=\"http:\/\/www.conselharan.org\/wp-content\/uploads\/2017\/02\/IMG_3091-1024x650.jpg\" alt=\"IMG_3091\" width=\"1024\" height=\"650\" srcset=\"https:\/\/www.conselharan.org\/wp-content\/uploads\/2017\/02\/IMG_3091-1024x650.jpg 1024w, https:\/\/www.conselharan.org\/wp-content\/uploads\/2017\/02\/IMG_3091-300x191.jpg 300w, https:\/\/www.conselharan.org\/wp-content\/uploads\/2017\/02\/IMG_3091-768x488.jpg 768w, https:\/\/www.conselharan.org\/wp-content\/uploads\/2017\/02\/IMG_3091.jpg 1200w\" sizes=\"(max-width: 1024px) 100vw, 1024px\" \/><\/a><\/p>\n ","protected":false},"excerpt":{"rendered":"<p>La Comisi\u00f3n tambi\u00e9n se ha mostrado favorable a la habilitaci\u00f3n de 5 nuevas pistas de esqu\u00ed alpino en la zona del Pla de Beret Vielha, 17 de febrero de 2017.-\u00a0La Comisi\u00f3n Territorial de Urbanismo de la Val d&#8217;Aran, presidida por el director general de Ordenaci\u00f3n del Territorio y Urbanismo, Agust\u00ed Serra, reunida esta ma\u00f1ana en&#8230;<\/p>\n","protected":false},"author":2,"featured_media":16010,"comment_status":"closed","ping_status":"closed","sticky":false,"template":"","format":"standard","meta":{"footnotes":""},"categories":[52,34,37],"tags":[],"_links":{"self":[{"href":"https:\/\/www.conselharan.org\/es\/wp-json\/wp\/v2\/posts\/16015"}],"collection":[{"href":"https:\/\/www.conselharan.org\/es\/wp-json\/wp\/v2\/posts"}],"about":[{"href":"https:\/\/www.conselharan.org\/es\/wp-json\/wp\/v2\/types\/post"}],"author":[{"embeddable":true,"href":"https:\/\/www.conselharan.org\/es\/wp-json\/wp\/v2\/users\/2"}],"replies":[{"embeddable":true,"href":"https:\/\/www.conselharan.org\/es\/wp-json\/wp\/v2\/comments?post=16015"}],"version-history":[{"count":4,"href":"https:\/\/www.conselharan.org\/es\/wp-json\/wp\/v2\/posts\/16015\/revisions"}],"predecessor-version":[{"id":16096,"href":"https:\/\/www.conselharan.org\/es\/wp-json\/wp\/v2\/posts\/16015\/revisions\/16096"}],"wp:featuredmedia":[{"embeddable":true,"href":"https:\/\/www.conselharan.org\/es\/wp-json\/wp\/v2\/media\/16010"}],"wp:attachment":[{"href":"https:\/\/www.conselharan.org\/es\/wp-json\/wp\/v2\/media?parent=16015"}],"wp:term":[{"taxonomy":"category","embeddable":true,"href":"https:\/\/www.conselharan.org\/es\/wp-json\/wp\/v2\/categories?post=16015"},{"taxonomy":"post_tag","embeddable":true,"href":"https:\/\/www.conselharan.org\/es\/wp-json\/wp\/v2\/tags?post=16015"}],"curies":[{"name":"wp","href":"https:\/\/api.w.org\/{rel}","templated":true}]}}