{"id":16020,"date":"2017-02-17T17:07:36","date_gmt":"2017-02-17T16:07:36","guid":{"rendered":"http:\/\/www.conselharan.org\/es\/?p=16020"},"modified":"2017-02-17T17:08:05","modified_gmt":"2017-02-17T16:08:05","slug":"el-conselh-generau-daran-y-la-agencia-tributaria-de-cataluna-ubicaran-una-oficina-en-el-valle-de-aran","status":"publish","type":"post","link":"https:\/\/www.conselharan.org\/es\/el-conselh-generau-daran-y-la-agencia-tributaria-de-cataluna-ubicaran-una-oficina-en-el-valle-de-aran\/","title":{"rendered":"El Conselh Generau d\u2019Aran y la Agencia Tributaria de Catalu\u00f1a ubicar\u00e1n una oficina en el Valle de Aran"},"content":{"rendered":"<p>Vielha 17 de febrero de 2017.- El <strong>Conselh Generau d\u2019Aran<\/strong> y la <strong>Agencia Tributaria de Catalu\u00f1a<\/strong> han firmado un convenio para la ubicaci\u00f3n de una oficina en el valle de Aran de servicio y de atenci\u00f3n al p\u00fablico de la propia Agencia Tributaria de Catalu\u00f1a.<\/p>\n<p>El objetivo de la oficina que se ubicar\u00e1 en un espacio cedido por el Conselh Generau d\u2019Aran en Vielha, es reforzar el modelo de relaci\u00f3n entre las administraciones tributarias catalanas para mejorar la proximidad de los servicios del ATC al contribuyente.<\/p>\n<p>Esta oficina se incluye en el despliegue territorial de la ATC y forma parte de la Red complementaria de oficinas compartidas con las administraciones locales.<\/p>\n<p>Esta Red complementaria de doce oficinas compartidas con las administraciones locales, forma parte de un segundo nivel de desarrollo de dependencias de la ATC, con el objetivo de ganar capilaridad territorial y reforzar el modelo de relaci\u00f3n entre las administraciones tributarias catalanas para mejorar la proximidad de los servicios de la ATC al contribuyente, con tareas de atenci\u00f3n y asesoramiento a los ciudadanos.<\/p>\n<p>Los doce puntos de servicio de las oficinas compartidas se ubicar\u00e1n en: Berga, Igualada, Vilanova y la Geltr\u00fa, Olot, Ripoll, Cervera, Solsona, Tremp, <strong>Vielha<\/strong>, Mora de Ebro, El Vendrell y Valls.<\/p>\n<p>El dise\u00f1o de la red de oficinas territoriales de gesti\u00f3n tributaria se ha llevado a cabo ponderando la actividad econ\u00f3mica con trascendencia tributaria, los indicadores de proximidad y el mapa administrativo propio de Catalu\u00f1a.<\/p>\n<p><a href=\"http:\/\/www.conselharan.org\/wp-content\/uploads\/2017\/02\/MAPA-AGENCIES-TRIBUTARIES.jpeg\"><img loading=\"lazy\" decoding=\"async\" class=\"aligncenter size-large wp-image-15996\" src=\"http:\/\/www.conselharan.org\/wp-content\/uploads\/2017\/02\/MAPA-AGENCIES-TRIBUTARIES-724x1024.jpeg\" alt=\"MAPA AGENCIES TRIBUTARIES\" width=\"724\" height=\"1024\" srcset=\"https:\/\/www.conselharan.org\/wp-content\/uploads\/2017\/02\/MAPA-AGENCIES-TRIBUTARIES-724x1024.jpeg 724w, https:\/\/www.conselharan.org\/wp-content\/uploads\/2017\/02\/MAPA-AGENCIES-TRIBUTARIES-212x300.jpeg 212w, https:\/\/www.conselharan.org\/wp-content\/uploads\/2017\/02\/MAPA-AGENCIES-TRIBUTARIES-768x1086.jpeg 768w, https:\/\/www.conselharan.org\/wp-content\/uploads\/2017\/02\/MAPA-AGENCIES-TRIBUTARIES.jpeg 1131w\" sizes=\"(max-width: 724px) 100vw, 724px\" \/><\/a><\/p>\n ","protected":false},"excerpt":{"rendered":"<p>Vielha 17 de febrero de 2017.- El Conselh Generau d\u2019Aran y la Agencia Tributaria de Catalu\u00f1a han firmado un convenio para la ubicaci\u00f3n de una oficina en el valle de Aran de servicio y de atenci\u00f3n al p\u00fablico de la propia Agencia Tributaria de Catalu\u00f1a. El objetivo de la oficina que se ubicar\u00e1 en un&#8230;<\/p>\n","protected":false},"author":2,"featured_media":16017,"comment_status":"closed","ping_status":"closed","sticky":false,"template":"","format":"standard","meta":{"footnotes":""},"categories":[52],"tags":[],"_links":{"self":[{"href":"https:\/\/www.conselharan.org\/es\/wp-json\/wp\/v2\/posts\/16020"}],"collection":[{"href":"https:\/\/www.conselharan.org\/es\/wp-json\/wp\/v2\/posts"}],"about":[{"href":"https:\/\/www.conselharan.org\/es\/wp-json\/wp\/v2\/types\/post"}],"author":[{"embeddable":true,"href":"https:\/\/www.conselharan.org\/es\/wp-json\/wp\/v2\/users\/2"}],"replies":[{"embeddable":true,"href":"https:\/\/www.conselharan.org\/es\/wp-json\/wp\/v2\/comments?post=16020"}],"version-history":[{"count":1,"href":"https:\/\/www.conselharan.org\/es\/wp-json\/wp\/v2\/posts\/16020\/revisions"}],"predecessor-version":[{"id":16021,"href":"https:\/\/www.conselharan.org\/es\/wp-json\/wp\/v2\/posts\/16020\/revisions\/16021"}],"wp:featuredmedia":[{"embeddable":true,"href":"https:\/\/www.conselharan.org\/es\/wp-json\/wp\/v2\/media\/16017"}],"wp:attachment":[{"href":"https:\/\/www.conselharan.org\/es\/wp-json\/wp\/v2\/media?parent=16020"}],"wp:term":[{"taxonomy":"category","embeddable":true,"href":"https:\/\/www.conselharan.org\/es\/wp-json\/wp\/v2\/categories?post=16020"},{"taxonomy":"post_tag","embeddable":true,"href":"https:\/\/www.conselharan.org\/es\/wp-json\/wp\/v2\/tags?post=16020"}],"curies":[{"name":"wp","href":"https:\/\/api.w.org\/{rel}","templated":true}]}}