{"id":16135,"date":"2017-02-25T13:32:49","date_gmt":"2017-02-25T12:32:49","guid":{"rendered":"http:\/\/www.conselharan.org\/es\/?p=16135"},"modified":"2017-02-25T13:32:49","modified_gmt":"2017-02-25T12:32:49","slug":"el-conselher-de-territori-jose-antonio-boya-participa-en-la-reunion-del-plan-de-gestion-del-garona","status":"publish","type":"post","link":"https:\/\/www.conselharan.org\/es\/el-conselher-de-territori-jose-antonio-boya-participa-en-la-reunion-del-plan-de-gestion-del-garona\/","title":{"rendered":"El conselh\u00e8r de Territori Jos\u00e9 Antonio Boya participa en la reuni\u00f3n del Plan de Gesti\u00f3n del Garona"},"content":{"rendered":"<p>Vielha, 24 de febrero de 2017.- Jos\u00e9 Antonio Boya, conselh\u00e8r de Territorio del Conselh Generau d\u2019Aran, participo ayer en la 11\u00aa reuni\u00f3n de la Comisi\u00f3n de Consulta y Seguimiento del Plan de Gesti\u00f3n del caudal m\u00ednimo del valle del r\u00edo Garona, convocada por SMEAG (Syndicat mixte d\u2019\u00e9tudes et d\u2019am\u00e9nagement de la Garonne) en Toulouse.<br \/>\n<a href=\"http:\/\/www.conselharan.org\/wp-content\/uploads\/2017\/02\/IMG_0163.jpg\"><img loading=\"lazy\" decoding=\"async\" class=\"aligncenter size-large wp-image-16133\" src=\"http:\/\/www.conselharan.org\/wp-content\/uploads\/2017\/02\/IMG_0163-1024x768.jpg\" alt=\"IMG_0163\" width=\"1024\" height=\"768\" srcset=\"https:\/\/www.conselharan.org\/wp-content\/uploads\/2017\/02\/IMG_0163-1024x768.jpg 1024w, https:\/\/www.conselharan.org\/wp-content\/uploads\/2017\/02\/IMG_0163-300x225.jpg 300w, https:\/\/www.conselharan.org\/wp-content\/uploads\/2017\/02\/IMG_0163-768x576.jpg 768w\" sizes=\"(max-width: 1024px) 100vw, 1024px\" \/><\/a><br \/>\nDurante la reuni\u00f3n se trat\u00f3 sobre la elecci\u00f3n del plan de acciones a llevar a cabo en la gesti\u00f3n del r\u00edo Garona para el periodo 2017-2026.<\/p>\n<p>A dicha reuni\u00f3n asistieron los responsables pol\u00edticos y t\u00e9cnicos que intervienen en la gesti\u00f3n del valle del Garona, as\u00ed como los representantes de las diferentes confederaciones hidrogr\u00e1ficas.<\/p>\n<p>El conselh\u00e8r de Territori Jos\u00e9 Antonio Boya, manifest\u00f3 la plena disposici\u00f3n del Gov\u00e8rn d\u2019Aran para participar y colaborar en todos los planes de gesti\u00f3n del r\u00edo Garona. Boya record\u00f3 que ya hace dos a\u00f1os a petici\u00f3n del propio Conselh Generau d\u2019Aran, se dio impulso a la junta de explotaci\u00f3n del rio Garona, en coordinaci\u00f3n con las autoridades francesas, para tratar espec\u00edficamente los aspectos relacionados con la cuenca del rio a su paso por el Valle de Aran.<\/p>\n ","protected":false},"excerpt":{"rendered":"<p>Vielha, 24 de febrero de 2017.- Jos\u00e9 Antonio Boya, conselh\u00e8r de Territorio del Conselh Generau d\u2019Aran, participo ayer en la 11\u00aa reuni\u00f3n de la Comisi\u00f3n de Consulta y Seguimiento del Plan de Gesti\u00f3n del caudal m\u00ednimo del valle del r\u00edo Garona, convocada por SMEAG (Syndicat mixte d\u2019\u00e9tudes et d\u2019am\u00e9nagement de la Garonne) en Toulouse. Durante&#8230;<\/p>\n","protected":false},"author":2,"featured_media":16133,"comment_status":"closed","ping_status":"closed","sticky":false,"template":"","format":"standard","meta":{"footnotes":""},"categories":[52,37],"tags":[],"_links":{"self":[{"href":"https:\/\/www.conselharan.org\/es\/wp-json\/wp\/v2\/posts\/16135"}],"collection":[{"href":"https:\/\/www.conselharan.org\/es\/wp-json\/wp\/v2\/posts"}],"about":[{"href":"https:\/\/www.conselharan.org\/es\/wp-json\/wp\/v2\/types\/post"}],"author":[{"embeddable":true,"href":"https:\/\/www.conselharan.org\/es\/wp-json\/wp\/v2\/users\/2"}],"replies":[{"embeddable":true,"href":"https:\/\/www.conselharan.org\/es\/wp-json\/wp\/v2\/comments?post=16135"}],"version-history":[{"count":1,"href":"https:\/\/www.conselharan.org\/es\/wp-json\/wp\/v2\/posts\/16135\/revisions"}],"predecessor-version":[{"id":16136,"href":"https:\/\/www.conselharan.org\/es\/wp-json\/wp\/v2\/posts\/16135\/revisions\/16136"}],"wp:featuredmedia":[{"embeddable":true,"href":"https:\/\/www.conselharan.org\/es\/wp-json\/wp\/v2\/media\/16133"}],"wp:attachment":[{"href":"https:\/\/www.conselharan.org\/es\/wp-json\/wp\/v2\/media?parent=16135"}],"wp:term":[{"taxonomy":"category","embeddable":true,"href":"https:\/\/www.conselharan.org\/es\/wp-json\/wp\/v2\/categories?post=16135"},{"taxonomy":"post_tag","embeddable":true,"href":"https:\/\/www.conselharan.org\/es\/wp-json\/wp\/v2\/tags?post=16135"}],"curies":[{"name":"wp","href":"https:\/\/api.w.org\/{rel}","templated":true}]}}