{"id":16167,"date":"2017-03-02T15:03:31","date_gmt":"2017-03-02T14:03:31","guid":{"rendered":"http:\/\/www.conselharan.org\/es\/?p=16167"},"modified":"2017-03-02T15:03:31","modified_gmt":"2017-03-02T14:03:31","slug":"la-consellera-de-agricultura-meritxell-serret-visita-por-primera-vez-el-valle-de-aran","status":"publish","type":"post","link":"https:\/\/www.conselharan.org\/es\/la-consellera-de-agricultura-meritxell-serret-visita-por-primera-vez-el-valle-de-aran\/","title":{"rendered":"La consellera de Agricultura Meritxell Serret visita por primera vez el Valle de Aran"},"content":{"rendered":"<p>Vielha, 2 de marzo de 2017.- La consellera de Agricultura, Ganader\u00eda, Pesca y Alimentaci\u00f3n, <strong>Meritxell Serret<\/strong> ha visitado el Valle de Aran, donde ha sido recibida en el Conselh Generau d\u2019Aran por los conselh\u00e8rs de Territorio, <strong>Jos\u00e9 Antonio Boya<\/strong> y de Agricultura, Ganader\u00eda y Medi Naturau, <strong>Jos\u00e9 Enrique Arr\u00f3<\/strong>.<\/p>\n<p><a href=\"http:\/\/www.conselharan.org\/wp-content\/uploads\/2017\/03\/IMG_3573.jpg\"><img loading=\"lazy\" decoding=\"async\" class=\"aligncenter size-large wp-image-16163\" src=\"http:\/\/www.conselharan.org\/wp-content\/uploads\/2017\/03\/IMG_3573-1024x768.jpg\" alt=\"IMG_3573\" width=\"1024\" height=\"768\" srcset=\"https:\/\/www.conselharan.org\/wp-content\/uploads\/2017\/03\/IMG_3573-1024x768.jpg 1024w, https:\/\/www.conselharan.org\/wp-content\/uploads\/2017\/03\/IMG_3573-300x225.jpg 300w, https:\/\/www.conselharan.org\/wp-content\/uploads\/2017\/03\/IMG_3573-768x576.jpg 768w\" sizes=\"(max-width: 1024px) 100vw, 1024px\" \/><\/a><\/p>\n<p>La consellera ha explicado que el motivo de esta primera visita a la Val d&#8217;Aran, es conocer de primera mano iniciativas de desarrollo rural del Valle de Aran y tambi\u00e9n explorar l\u00edneas de trabajo conjuntas con el Conselh Generau d\u2019Aran, para favorecer el sector primario y que cada vez haya m\u00e1s gente joven que se quiera incorporar a la actividad agraria y ganadera.<\/p>\n<p>Serret, se\u00f1al\u00f3 que tanto su departamento como el Gov\u00e8rn d\u2019Aran, ya colaboran en apoyar iniciativas para diversificar la econom\u00eda y que se generen m\u00e1s negocios y puestos de trabajo relacionados con el primer sector.<\/p>\n<p>Despu\u00e9s de la visita institucional al Conselh Generau d\u2019Aran, la consellera Meritxell Serret, acompa\u00f1ada de los conselh\u00e8rs Boya y Arr\u00f3, ha visitado las instalaciones de tres explotaciones en el Valle de Aran como son, la explotaci\u00f3n <strong>Albert Boya, Caviar Nacarii y las instalaciones de la Hormatgeria Dera Irissa.<\/strong><\/p>\n<p><a href=\"http:\/\/www.conselharan.org\/wp-content\/uploads\/2017\/03\/file.jpeg\"><img loading=\"lazy\" decoding=\"async\" class=\"aligncenter size-large wp-image-16164\" src=\"http:\/\/www.conselharan.org\/wp-content\/uploads\/2017\/03\/file-1024x768.jpeg\" alt=\"file\" width=\"1024\" height=\"768\" srcset=\"https:\/\/www.conselharan.org\/wp-content\/uploads\/2017\/03\/file-1024x768.jpeg 1024w, https:\/\/www.conselharan.org\/wp-content\/uploads\/2017\/03\/file-300x225.jpeg 300w, https:\/\/www.conselharan.org\/wp-content\/uploads\/2017\/03\/file-768x576.jpeg 768w, https:\/\/www.conselharan.org\/wp-content\/uploads\/2017\/03\/file.jpeg 2000w\" sizes=\"(max-width: 1024px) 100vw, 1024px\" \/><\/a><\/p>\n<p><a href=\"http:\/\/www.conselharan.org\/wp-content\/uploads\/2017\/03\/file1.jpeg\"><img loading=\"lazy\" decoding=\"async\" class=\"aligncenter size-large wp-image-16162\" src=\"http:\/\/www.conselharan.org\/wp-content\/uploads\/2017\/03\/file1-1024x768.jpeg\" alt=\"file1\" width=\"1024\" height=\"768\" srcset=\"https:\/\/www.conselharan.org\/wp-content\/uploads\/2017\/03\/file1-1024x768.jpeg 1024w, https:\/\/www.conselharan.org\/wp-content\/uploads\/2017\/03\/file1-300x225.jpeg 300w, https:\/\/www.conselharan.org\/wp-content\/uploads\/2017\/03\/file1-768x576.jpeg 768w, https:\/\/www.conselharan.org\/wp-content\/uploads\/2017\/03\/file1.jpeg 2000w\" sizes=\"(max-width: 1024px) 100vw, 1024px\" \/><\/a><\/p>\n ","protected":false},"excerpt":{"rendered":"<p>Vielha, 2 de marzo de 2017.- La consellera de Agricultura, Ganader\u00eda, Pesca y Alimentaci\u00f3n, Meritxell Serret ha visitado el Valle de Aran, donde ha sido recibida en el Conselh Generau d\u2019Aran por los conselh\u00e8rs de Territorio, Jos\u00e9 Antonio Boya y de Agricultura, Ganader\u00eda y Medi Naturau, Jos\u00e9 Enrique Arr\u00f3. La consellera ha explicado que el&#8230;<\/p>\n","protected":false},"author":2,"featured_media":16164,"comment_status":"closed","ping_status":"closed","sticky":false,"template":"","format":"standard","meta":{"footnotes":""},"categories":[52],"tags":[],"_links":{"self":[{"href":"https:\/\/www.conselharan.org\/es\/wp-json\/wp\/v2\/posts\/16167"}],"collection":[{"href":"https:\/\/www.conselharan.org\/es\/wp-json\/wp\/v2\/posts"}],"about":[{"href":"https:\/\/www.conselharan.org\/es\/wp-json\/wp\/v2\/types\/post"}],"author":[{"embeddable":true,"href":"https:\/\/www.conselharan.org\/es\/wp-json\/wp\/v2\/users\/2"}],"replies":[{"embeddable":true,"href":"https:\/\/www.conselharan.org\/es\/wp-json\/wp\/v2\/comments?post=16167"}],"version-history":[{"count":1,"href":"https:\/\/www.conselharan.org\/es\/wp-json\/wp\/v2\/posts\/16167\/revisions"}],"predecessor-version":[{"id":16168,"href":"https:\/\/www.conselharan.org\/es\/wp-json\/wp\/v2\/posts\/16167\/revisions\/16168"}],"wp:featuredmedia":[{"embeddable":true,"href":"https:\/\/www.conselharan.org\/es\/wp-json\/wp\/v2\/media\/16164"}],"wp:attachment":[{"href":"https:\/\/www.conselharan.org\/es\/wp-json\/wp\/v2\/media?parent=16167"}],"wp:term":[{"taxonomy":"category","embeddable":true,"href":"https:\/\/www.conselharan.org\/es\/wp-json\/wp\/v2\/categories?post=16167"},{"taxonomy":"post_tag","embeddable":true,"href":"https:\/\/www.conselharan.org\/es\/wp-json\/wp\/v2\/tags?post=16167"}],"curies":[{"name":"wp","href":"https:\/\/api.w.org\/{rel}","templated":true}]}}