{"id":16179,"date":"2017-03-03T11:59:30","date_gmt":"2017-03-03T10:59:30","guid":{"rendered":"http:\/\/www.conselharan.org\/es\/?p=16179"},"modified":"2017-03-03T11:59:30","modified_gmt":"2017-03-03T10:59:30","slug":"el-departamento-de-territorio-realiza-quemas-controladas-en-naut-aran","status":"publish","type":"post","link":"https:\/\/www.conselharan.org\/es\/el-departamento-de-territorio-realiza-quemas-controladas-en-naut-aran\/","title":{"rendered":"El departamento de Territorio realiza quemas controladas en Naut Aran"},"content":{"rendered":"<p>Vielha, 3 de marzo de 2017.- El departamento de Territorio del Conselh Generau d\u2019Aran ha efectuado una serie de quemas controladas en Gessa (Naut Aran), en la zona de la monta\u00f1a de Corilha.<\/p>\n<p><a href=\"http:\/\/www.conselharan.org\/wp-content\/uploads\/2017\/03\/Crema-controlada-3.jpg\"><img loading=\"lazy\" decoding=\"async\" class=\"aligncenter size-large wp-image-16174\" src=\"http:\/\/www.conselharan.org\/wp-content\/uploads\/2017\/03\/Crema-controlada-3-1024x768.jpg\" alt=\"Crema controlada 3\" width=\"1024\" height=\"768\" srcset=\"https:\/\/www.conselharan.org\/wp-content\/uploads\/2017\/03\/Crema-controlada-3-1024x768.jpg 1024w, https:\/\/www.conselharan.org\/wp-content\/uploads\/2017\/03\/Crema-controlada-3-300x225.jpg 300w, https:\/\/www.conselharan.org\/wp-content\/uploads\/2017\/03\/Crema-controlada-3-768x576.jpg 768w, https:\/\/www.conselharan.org\/wp-content\/uploads\/2017\/03\/Crema-controlada-3.jpg 1600w\" sizes=\"(max-width: 1024px) 100vw, 1024px\" \/><\/a><\/p>\n<p>El motivo de estas quemas controladas en zona de pastos de alta monta\u00f1a, es para evitar que los pastos se vean invadidos por diferentes especies de arbustos, para regenerar la zona de pastos, para prevenci\u00f3n de incendios forestales y por adecuaci\u00f3n paisaj\u00edstica.<\/p>\n<p>En estas quemas controladas han participado los Pompi\u00e8rs d\u2019Aran, Agentes de Medio Ambiente del Conselh Generau d\u2019Aran y unidades GRAF de la Generalitat de Catalunya.<\/p>\n<p><a href=\"http:\/\/www.conselharan.org\/wp-content\/uploads\/2017\/03\/Crema-controlada.jpg\"><img loading=\"lazy\" decoding=\"async\" class=\"aligncenter size-large wp-image-16175\" src=\"http:\/\/www.conselharan.org\/wp-content\/uploads\/2017\/03\/Crema-controlada-1024x768.jpg\" alt=\"Crema controlada\" width=\"1024\" height=\"768\" srcset=\"https:\/\/www.conselharan.org\/wp-content\/uploads\/2017\/03\/Crema-controlada-1024x768.jpg 1024w, https:\/\/www.conselharan.org\/wp-content\/uploads\/2017\/03\/Crema-controlada-300x225.jpg 300w, https:\/\/www.conselharan.org\/wp-content\/uploads\/2017\/03\/Crema-controlada-768x576.jpg 768w, https:\/\/www.conselharan.org\/wp-content\/uploads\/2017\/03\/Crema-controlada.jpg 1600w\" sizes=\"(max-width: 1024px) 100vw, 1024px\" \/><\/a> <a href=\"http:\/\/www.conselharan.org\/wp-content\/uploads\/2017\/03\/Crema-controlada-2.jpg\"><img loading=\"lazy\" decoding=\"async\" class=\"aligncenter size-large wp-image-16173\" src=\"http:\/\/www.conselharan.org\/wp-content\/uploads\/2017\/03\/Crema-controlada-2-1024x768.jpg\" alt=\"Crema controlada 2\" width=\"1024\" height=\"768\" srcset=\"https:\/\/www.conselharan.org\/wp-content\/uploads\/2017\/03\/Crema-controlada-2-1024x768.jpg 1024w, https:\/\/www.conselharan.org\/wp-content\/uploads\/2017\/03\/Crema-controlada-2-300x225.jpg 300w, https:\/\/www.conselharan.org\/wp-content\/uploads\/2017\/03\/Crema-controlada-2-768x576.jpg 768w, https:\/\/www.conselharan.org\/wp-content\/uploads\/2017\/03\/Crema-controlada-2.jpg 1600w\" sizes=\"(max-width: 1024px) 100vw, 1024px\" \/><\/a><\/p>\n ","protected":false},"excerpt":{"rendered":"<p>Vielha, 3 de marzo de 2017.- El departamento de Territorio del Conselh Generau d\u2019Aran ha efectuado una serie de quemas controladas en Gessa (Naut Aran), en la zona de la monta\u00f1a de Corilha. El motivo de estas quemas controladas en zona de pastos de alta monta\u00f1a, es para evitar que los pastos se vean invadidos&#8230;<\/p>\n","protected":false},"author":2,"featured_media":16174,"comment_status":"closed","ping_status":"closed","sticky":false,"template":"","format":"standard","meta":{"footnotes":""},"categories":[34],"tags":[],"_links":{"self":[{"href":"https:\/\/www.conselharan.org\/es\/wp-json\/wp\/v2\/posts\/16179"}],"collection":[{"href":"https:\/\/www.conselharan.org\/es\/wp-json\/wp\/v2\/posts"}],"about":[{"href":"https:\/\/www.conselharan.org\/es\/wp-json\/wp\/v2\/types\/post"}],"author":[{"embeddable":true,"href":"https:\/\/www.conselharan.org\/es\/wp-json\/wp\/v2\/users\/2"}],"replies":[{"embeddable":true,"href":"https:\/\/www.conselharan.org\/es\/wp-json\/wp\/v2\/comments?post=16179"}],"version-history":[{"count":1,"href":"https:\/\/www.conselharan.org\/es\/wp-json\/wp\/v2\/posts\/16179\/revisions"}],"predecessor-version":[{"id":16180,"href":"https:\/\/www.conselharan.org\/es\/wp-json\/wp\/v2\/posts\/16179\/revisions\/16180"}],"wp:featuredmedia":[{"embeddable":true,"href":"https:\/\/www.conselharan.org\/es\/wp-json\/wp\/v2\/media\/16174"}],"wp:attachment":[{"href":"https:\/\/www.conselharan.org\/es\/wp-json\/wp\/v2\/media?parent=16179"}],"wp:term":[{"taxonomy":"category","embeddable":true,"href":"https:\/\/www.conselharan.org\/es\/wp-json\/wp\/v2\/categories?post=16179"},{"taxonomy":"post_tag","embeddable":true,"href":"https:\/\/www.conselharan.org\/es\/wp-json\/wp\/v2\/tags?post=16179"}],"curies":[{"name":"wp","href":"https:\/\/api.w.org\/{rel}","templated":true}]}}