{"id":16198,"date":"2017-03-03T17:30:40","date_gmt":"2017-03-03T16:30:40","guid":{"rendered":"http:\/\/www.conselharan.org\/es\/?p=16198"},"modified":"2017-03-03T17:30:40","modified_gmt":"2017-03-03T16:30:40","slug":"el-conselh-generau-daran-destinara-1-592-000-e-a-arreglar-y-recuperar-accesos-a-areas-naturales-del-valle-de-aran","status":"publish","type":"post","link":"https:\/\/www.conselharan.org\/es\/el-conselh-generau-daran-destinara-1-592-000-e-a-arreglar-y-recuperar-accesos-a-areas-naturales-del-valle-de-aran\/","title":{"rendered":"El Conselh Generau d\u2019Aran destinar\u00e1 1.592.000 \u20ac a arreglar y recuperar accesos a \u00e1reas naturales del Valle de Aran"},"content":{"rendered":"<p><strong>657.000 \u20ac provienen del eje 6 del fondo FEDER 2014-2020 para poner en valor el patrimonio natural y cultural europeo<\/strong><\/p>\n<p>Vielha, 3 de marzo de 2017.- El <strong>Conselh Generau d\u2019Aran destinar\u00e1 1.592.000 \u20ac a la conservaci\u00f3n de accesos al patrimonio natural y cultural del Valle de Aran<\/strong>, de los cuales 657.000 \u20ac son provenientes de los proyectos del <strong>fondo FEDER 2014-2020, para la puesta en valor del patrimonio natural y cultural que permitan la sostenibilidad de destinos tur\u00edsticos en el territorio.<\/strong> El presupuesto se destinar\u00e1 a arreglar y recuperar pistas de acceso a \u00e1reas naturales del Valle de Aran.<\/p>\n<p><a href=\"http:\/\/www.conselharan.org\/wp-content\/uploads\/2017\/03\/1.jpg\"><img loading=\"lazy\" decoding=\"async\" class=\"aligncenter size-full wp-image-16194\" src=\"http:\/\/www.conselharan.org\/wp-content\/uploads\/2017\/03\/1.jpg\" alt=\"1\" width=\"788\" height=\"592\" srcset=\"https:\/\/www.conselharan.org\/wp-content\/uploads\/2017\/03\/1.jpg 788w, https:\/\/www.conselharan.org\/wp-content\/uploads\/2017\/03\/1-300x225.jpg 300w, https:\/\/www.conselharan.org\/wp-content\/uploads\/2017\/03\/1-768x577.jpg 768w\" sizes=\"(max-width: 788px) 100vw, 788px\" \/><\/a><\/p>\n<p><strong>El Gov\u00e8rn d\u2019Aran destinar\u00e1 estos recursos a la recuperaci\u00f3n de los accesos de Vilam\u00f2s a la iglesia de Sant Joan de Arr\u00f2s, el acceso al Saut deth Pish, el acceso a Uelhs deth Joeu, el acceso a Valarties, el acceso al entorno de las minas Victoria y Margalida y el acceso a Aiguam\u00f2g y parque Nacional de Aig\u00fcestortes.<\/strong><\/p>\n<p>El proyecto del Conselh Generau d\u2019Aran, engloba todos los municipios del Valle y presenta un conjunto de intervenciones y obras importantes para arreglar y recuperar un conjunto de v\u00edas de acceso al medio natural del Valle de Aran, mediante un conjunto de actuaciones de mejoras y arreglos de accesos a las \u00e1reas naturales destacables de la Val d&#8217;Aran, para hacerlas visitables y accesibles tur\u00edsticamente.<\/p>\n<p>En este sentido, el sindic d\u2019Aran, <strong>Carlos Barrera<\/strong>, ha manifestado que \u00abel medio natural, es un recurso tur\u00edstico de primer orden para la Val d&#8217;Aran durante muchos meses del a\u00f1o, y este proyecto se enmarca en la l\u00ednea de trabajo del Conselh Generau d\u2019Aran, qu\u00e9 desde su restituci\u00f3n en 1990, y los posteriores traspasos de competencias en turismo y medio natural de la Generalitat de Catalunya, ha trabajado para hacer visitables estos espacios y protegerlos\u201d. Barrera ha se\u00f1alado que este proyecto debe llevarse a cabo con la implicaci\u00f3n de los ayuntamientos del valle de Aran, propietarios de las pistas forestales.<\/p>\n<p>La mayor\u00eda de estas actuaciones servir\u00e1n adem\u00e1s para reparar los importantes da\u00f1os causados por las riadas del 18 de junio de 2013, en el Valle de Aran y que todav\u00eda no se han podido rehacer por completo.<\/p>\n<p>El arreglo de estas pistas, tambi\u00e9n facilitar\u00e1 el acceso a refugios de alta monta\u00f1a como podr\u00edan ser el de Restanca, Colomers, Saboredo, o los de la Artiga de Lin y Aneto por el valle de la Artiga y el itinerario de acceso al Montlude.<\/p>\n<p><a href=\"http:\/\/www.conselharan.org\/wp-content\/uploads\/2017\/03\/2.jpg\"><img loading=\"lazy\" decoding=\"async\" class=\"aligncenter size-full wp-image-16195\" src=\"http:\/\/www.conselharan.org\/wp-content\/uploads\/2017\/03\/2.jpg\" alt=\"2\" width=\"788\" height=\"592\" srcset=\"https:\/\/www.conselharan.org\/wp-content\/uploads\/2017\/03\/2.jpg 788w, https:\/\/www.conselharan.org\/wp-content\/uploads\/2017\/03\/2-300x225.jpg 300w, https:\/\/www.conselharan.org\/wp-content\/uploads\/2017\/03\/2-768x577.jpg 768w\" sizes=\"(max-width: 788px) 100vw, 788px\" \/><\/a> <a href=\"http:\/\/www.conselharan.org\/wp-content\/uploads\/2017\/03\/3.jpg\"><img loading=\"lazy\" decoding=\"async\" class=\"aligncenter size-full wp-image-16196\" src=\"http:\/\/www.conselharan.org\/wp-content\/uploads\/2017\/03\/3.jpg\" alt=\"3\" width=\"788\" height=\"592\" srcset=\"https:\/\/www.conselharan.org\/wp-content\/uploads\/2017\/03\/3.jpg 788w, https:\/\/www.conselharan.org\/wp-content\/uploads\/2017\/03\/3-300x225.jpg 300w, https:\/\/www.conselharan.org\/wp-content\/uploads\/2017\/03\/3-768x577.jpg 768w\" sizes=\"(max-width: 788px) 100vw, 788px\" \/><\/a><\/p>\n ","protected":false},"excerpt":{"rendered":"<p>657.000 \u20ac provienen del eje 6 del fondo FEDER 2014-2020 para poner en valor el patrimonio natural y cultural europeo Vielha, 3 de marzo de 2017.- El Conselh Generau d\u2019Aran destinar\u00e1 1.592.000 \u20ac a la conservaci\u00f3n de accesos al patrimonio natural y cultural del Valle de Aran, de los cuales 657.000 \u20ac son provenientes de&#8230;<\/p>\n","protected":false},"author":2,"featured_media":16194,"comment_status":"closed","ping_status":"closed","sticky":false,"template":"","format":"standard","meta":{"footnotes":""},"categories":[52,37],"tags":[],"_links":{"self":[{"href":"https:\/\/www.conselharan.org\/es\/wp-json\/wp\/v2\/posts\/16198"}],"collection":[{"href":"https:\/\/www.conselharan.org\/es\/wp-json\/wp\/v2\/posts"}],"about":[{"href":"https:\/\/www.conselharan.org\/es\/wp-json\/wp\/v2\/types\/post"}],"author":[{"embeddable":true,"href":"https:\/\/www.conselharan.org\/es\/wp-json\/wp\/v2\/users\/2"}],"replies":[{"embeddable":true,"href":"https:\/\/www.conselharan.org\/es\/wp-json\/wp\/v2\/comments?post=16198"}],"version-history":[{"count":1,"href":"https:\/\/www.conselharan.org\/es\/wp-json\/wp\/v2\/posts\/16198\/revisions"}],"predecessor-version":[{"id":16199,"href":"https:\/\/www.conselharan.org\/es\/wp-json\/wp\/v2\/posts\/16198\/revisions\/16199"}],"wp:featuredmedia":[{"embeddable":true,"href":"https:\/\/www.conselharan.org\/es\/wp-json\/wp\/v2\/media\/16194"}],"wp:attachment":[{"href":"https:\/\/www.conselharan.org\/es\/wp-json\/wp\/v2\/media?parent=16198"}],"wp:term":[{"taxonomy":"category","embeddable":true,"href":"https:\/\/www.conselharan.org\/es\/wp-json\/wp\/v2\/categories?post=16198"},{"taxonomy":"post_tag","embeddable":true,"href":"https:\/\/www.conselharan.org\/es\/wp-json\/wp\/v2\/tags?post=16198"}],"curies":[{"name":"wp","href":"https:\/\/api.w.org\/{rel}","templated":true}]}}