{"id":16214,"date":"2017-03-08T14:40:13","date_gmt":"2017-03-08T13:40:13","guid":{"rendered":"http:\/\/www.conselharan.org\/es\/?p=16214"},"modified":"2017-03-08T14:40:13","modified_gmt":"2017-03-08T13:40:13","slug":"los-esquiadores-del-club-ceva-marc-montes-3o-del-campeonato-de-espana-en-el-21e-top-caei-y-lisa-vallcorba-1a-en-el-7e-gp-espot-esqui","status":"publish","type":"post","link":"https:\/\/www.conselharan.org\/es\/los-esquiadores-del-club-ceva-marc-montes-3o-del-campeonato-de-espana-en-el-21e-top-caei-y-lisa-vallcorba-1a-en-el-7e-gp-espot-esqui\/","title":{"rendered":"Los esquiadores del Club CEVA Marc Montes, 3\u00ba del Campeonato de Espa\u00f1a en el 21\u00e8 TOP CAEI y Lisa Vallcorba 1\u00aa en el 7\u00e8 GP Espot Esqui"},"content":{"rendered":"<p><strong>Marc Montes del Club CEVA, consigui\u00f3 la 3\u00aa posici\u00f3n en el campeonato de Espa\u00f1a U18,<\/strong> en el 21\u00ba TOP CAEI cuarta prueba de la 34\u00aa liga Catalana ABS y puntuable para la Copa Espa\u00f1a CIT, disputado este fin de semana en <strong>Baqueira Beret.<\/strong><\/p>\n<p><a href=\"http:\/\/www.conselharan.org\/wp-content\/uploads\/2017\/03\/IMG_4065.jpg\"><img loading=\"lazy\" decoding=\"async\" class=\"aligncenter size-large wp-image-16210\" src=\"http:\/\/www.conselharan.org\/wp-content\/uploads\/2017\/03\/IMG_4065-1024x768.jpg\" alt=\"IMG_4065\" width=\"1024\" height=\"768\" srcset=\"https:\/\/www.conselharan.org\/wp-content\/uploads\/2017\/03\/IMG_4065-1024x768.jpg 1024w, https:\/\/www.conselharan.org\/wp-content\/uploads\/2017\/03\/IMG_4065-300x225.jpg 300w, https:\/\/www.conselharan.org\/wp-content\/uploads\/2017\/03\/IMG_4065-768x576.jpg 768w, https:\/\/www.conselharan.org\/wp-content\/uploads\/2017\/03\/IMG_4065.jpg 1600w\" sizes=\"(max-width: 1024px) 100vw, 1024px\" \/><\/a><\/p>\n<p>Por otra parte, <strong>Lisa Vallcorba<\/strong> del Club CEVA, consigui\u00f3 este fin de semana la 1\u00aa posici\u00f3n en la 7\u00aa edici\u00f3n del Gran Premio Espot Esqu\u00ed, organizada por el Espot Esqu\u00ed Club, donde han competido corredores de la categor\u00eda U16.<\/p>\n<p>Los deportistas de la categor\u00eda U14 se dieron cita en el 26\u00ba Trofeo Club Esqu\u00ed Terrassa en Masella. En La prueba, organizada por el Club Esqu\u00ed Terrassa, participaron los corredores del CEVA, <strong>Tom\u00e1s Barata,<\/strong> 7\u00ba en el gigante masculino, y <strong>Eugenia Brotons<\/strong>, 8\u00aa en el gigante femenino.<\/p>\n<p><strong>Anna Esteve Bieto del Club CEVA en el Campeonato del Mundo Junior FIS de Esqu\u00ed Alpino <\/strong><\/p>\n<p><strong>Anna Esteve Bieto<\/strong>, esquiadora del Club CEVA, participa desde este lunes en el <strong>Campeonato del Mundo Junior FIS de Esqu\u00ed Alpino<\/strong> que se celebrar\u00e1 en Are (Suecia), del 6 al 14 de marzo de 2017. El Campeonato del Mundo Junior FIS de Esqu\u00ed Alpino es uno de los eventos de m\u00e1ximo nivel deportivo en los deportes de invierno.<\/p>\n<p><a href=\"http:\/\/www.conselharan.org\/wp-content\/uploads\/2017\/03\/IMG_4064.jpg\"><img loading=\"lazy\" decoding=\"async\" class=\"aligncenter size-large wp-image-16209\" src=\"http:\/\/www.conselharan.org\/wp-content\/uploads\/2017\/03\/IMG_4064-1024x1024.jpg\" alt=\"IMG_4064\" width=\"1024\" height=\"1024\" srcset=\"https:\/\/www.conselharan.org\/wp-content\/uploads\/2017\/03\/IMG_4064-1024x1024.jpg 1024w, https:\/\/www.conselharan.org\/wp-content\/uploads\/2017\/03\/IMG_4064-150x150.jpg 150w, https:\/\/www.conselharan.org\/wp-content\/uploads\/2017\/03\/IMG_4064-300x300.jpg 300w, https:\/\/www.conselharan.org\/wp-content\/uploads\/2017\/03\/IMG_4064-768x768.jpg 768w, https:\/\/www.conselharan.org\/wp-content\/uploads\/2017\/03\/IMG_4064-270x270.jpg 270w, https:\/\/www.conselharan.org\/wp-content\/uploads\/2017\/03\/IMG_4064-207x207.jpg 207w, https:\/\/www.conselharan.org\/wp-content\/uploads\/2017\/03\/IMG_4064-75x75.jpg 75w, https:\/\/www.conselharan.org\/wp-content\/uploads\/2017\/03\/IMG_4064.jpg 1600w\" sizes=\"(max-width: 1024px) 100vw, 1024px\" \/><\/a> <a href=\"http:\/\/www.conselharan.org\/wp-content\/uploads\/2017\/03\/marc-montes.jpg\"><img loading=\"lazy\" decoding=\"async\" class=\"aligncenter size-full wp-image-16211\" src=\"http:\/\/www.conselharan.org\/wp-content\/uploads\/2017\/03\/marc-montes.jpg\" alt=\"marc montes\" width=\"640\" height=\"566\" srcset=\"https:\/\/www.conselharan.org\/wp-content\/uploads\/2017\/03\/marc-montes.jpg 640w, https:\/\/www.conselharan.org\/wp-content\/uploads\/2017\/03\/marc-montes-300x265.jpg 300w\" sizes=\"(max-width: 640px) 100vw, 640px\" \/><\/a><\/p>\n<p>Fuente: Club CEVA<\/p>\n ","protected":false},"excerpt":{"rendered":"<p>Marc Montes del Club CEVA, consigui\u00f3 la 3\u00aa posici\u00f3n en el campeonato de Espa\u00f1a U18, en el 21\u00ba TOP CAEI cuarta prueba de la 34\u00aa liga Catalana ABS y puntuable para la Copa Espa\u00f1a CIT, disputado este fin de semana en Baqueira Beret. Por otra parte, Lisa Vallcorba del Club CEVA, consigui\u00f3 este fin de&#8230;<\/p>\n","protected":false},"author":2,"featured_media":16210,"comment_status":"closed","ping_status":"closed","sticky":false,"template":"","format":"standard","meta":{"footnotes":""},"categories":[135],"tags":[],"_links":{"self":[{"href":"https:\/\/www.conselharan.org\/es\/wp-json\/wp\/v2\/posts\/16214"}],"collection":[{"href":"https:\/\/www.conselharan.org\/es\/wp-json\/wp\/v2\/posts"}],"about":[{"href":"https:\/\/www.conselharan.org\/es\/wp-json\/wp\/v2\/types\/post"}],"author":[{"embeddable":true,"href":"https:\/\/www.conselharan.org\/es\/wp-json\/wp\/v2\/users\/2"}],"replies":[{"embeddable":true,"href":"https:\/\/www.conselharan.org\/es\/wp-json\/wp\/v2\/comments?post=16214"}],"version-history":[{"count":1,"href":"https:\/\/www.conselharan.org\/es\/wp-json\/wp\/v2\/posts\/16214\/revisions"}],"predecessor-version":[{"id":16215,"href":"https:\/\/www.conselharan.org\/es\/wp-json\/wp\/v2\/posts\/16214\/revisions\/16215"}],"wp:featuredmedia":[{"embeddable":true,"href":"https:\/\/www.conselharan.org\/es\/wp-json\/wp\/v2\/media\/16210"}],"wp:attachment":[{"href":"https:\/\/www.conselharan.org\/es\/wp-json\/wp\/v2\/media?parent=16214"}],"wp:term":[{"taxonomy":"category","embeddable":true,"href":"https:\/\/www.conselharan.org\/es\/wp-json\/wp\/v2\/categories?post=16214"},{"taxonomy":"post_tag","embeddable":true,"href":"https:\/\/www.conselharan.org\/es\/wp-json\/wp\/v2\/tags?post=16214"}],"curies":[{"name":"wp","href":"https:\/\/api.w.org\/{rel}","templated":true}]}}