{"id":16226,"date":"2017-03-08T18:02:38","date_gmt":"2017-03-08T17:02:38","guid":{"rendered":"http:\/\/www.conselharan.org\/es\/?p=16226"},"modified":"2017-03-09T13:03:24","modified_gmt":"2017-03-09T12:03:24","slug":"el-conselh-generau-daran-conmemora-el-dia-de-la-mujer","status":"publish","type":"post","link":"https:\/\/www.conselharan.org\/es\/el-conselh-generau-daran-conmemora-el-dia-de-la-mujer\/","title":{"rendered":"El Conselh Generau d\u2019Aran conmemora el d\u00eda de la Mujer"},"content":{"rendered":"<p>Vielha, 8 de marzo de 2017.- Hoy d\u00eda 8 de marzo el Conselh Generau d\u2019Aran ha conmemorado el D\u00eda Internacional de la Mujer, con dos actos. En el primero de ellos, la conselh\u00e8ra de Salud y Bienestar, <strong>Anna D\u00edaz<\/strong>, ha le\u00eddo el manifiesto institucional en la plaza del Conselh Generau d\u2019Aran.<\/p>\n<p><a href=\"http:\/\/www.conselharan.org\/wp-content\/uploads\/2017\/03\/IMG_4277-001.jpg\"><img loading=\"lazy\" decoding=\"async\" class=\"aligncenter size-large wp-image-16221\" src=\"http:\/\/www.conselharan.org\/wp-content\/uploads\/2017\/03\/IMG_4277-001-1024x674.jpg\" alt=\"IMG_4277-001\" width=\"1024\" height=\"674\" srcset=\"https:\/\/www.conselharan.org\/wp-content\/uploads\/2017\/03\/IMG_4277-001-1024x674.jpg 1024w, https:\/\/www.conselharan.org\/wp-content\/uploads\/2017\/03\/IMG_4277-001-300x198.jpg 300w, https:\/\/www.conselharan.org\/wp-content\/uploads\/2017\/03\/IMG_4277-001-768x506.jpg 768w, https:\/\/www.conselharan.org\/wp-content\/uploads\/2017\/03\/IMG_4277-001.jpg 1200w\" sizes=\"(max-width: 1024px) 100vw, 1024px\" \/><\/a><\/p>\n<p>A continuaci\u00f3n, el vicesindic d\u2019Aran, <strong>Lu\u00eds Carlos Medina<\/strong>, la misma conselh\u00e8ra Anna D\u00edaz y la t\u00e9cnica\u00a0del SIAH (Servici d\u2019Informacion e Atencion ara Hemna) <strong>Montse de<\/strong> <strong>Burgos<\/strong>, han presentado el Plan de Igualdad del Conselh Generau, vinculado al desarrollo de la Ley 17\/2015 de igualdad efectiva de mujeres y hombres, en las administraciones, organismos p\u00fablicos y entidades privadas.<\/p>\n<p>Durante la presentaci\u00f3n el vicesindic d\u2019Aran, <strong>Lu\u00eds Carlos Medina<\/strong>, destac\u00f3 las particularidades y el desarrollo del Plan de Igualdad, en las administraciones, en las empresas y en particulares, haciendo menci\u00f3n a la importancia de la presencia de las mujeres en \u00e1mbitos y puestos de responsabilidad del mismo Conselh Generau d\u2019Aran, como de la sociedad aranesa en general. Medina, record\u00f3 que en el Conselh Generau d\u2019Aran, desde su restituci\u00f3n en 1990, dos mujeres, <strong>Pilar Busquets y Amparo Serrano<\/strong> han ostentado el cargo de sindica de la m\u00e1xima instituci\u00f3n aranesa.<\/p>\n<p><a href=\"http:\/\/www.conselharan.org\/wp-content\/uploads\/2017\/03\/IMG_4268-001.jpg\"><img loading=\"lazy\" decoding=\"async\" class=\"aligncenter size-large wp-image-16220\" src=\"http:\/\/www.conselharan.org\/wp-content\/uploads\/2017\/03\/IMG_4268-001-1024x769.jpg\" alt=\"IMG_4268-001\" width=\"1024\" height=\"769\" srcset=\"https:\/\/www.conselharan.org\/wp-content\/uploads\/2017\/03\/IMG_4268-001-1024x769.jpg 1024w, https:\/\/www.conselharan.org\/wp-content\/uploads\/2017\/03\/IMG_4268-001-300x225.jpg 300w, https:\/\/www.conselharan.org\/wp-content\/uploads\/2017\/03\/IMG_4268-001-768x577.jpg 768w, https:\/\/www.conselharan.org\/wp-content\/uploads\/2017\/03\/IMG_4268-001.jpg 1200w\" sizes=\"(max-width: 1024px) 100vw, 1024px\" \/><\/a><\/p>\n<p>En su turno, la directora del SIAH, <strong>Montse de Burgos<\/strong>, ha explicado a grandes rasgos las caracter\u00edsticas fundamentales del Plan de Igualdad del Conselh Generau d\u2019Aran, destacando el marco normativo, los diferentes \u00e1mbitos de actuaci\u00f3n, y la obligaci\u00f3n de la instituci\u00f3n de ofrecer las herramientas para el acceso al empleo, la formaci\u00f3n y la promoci\u00f3n en los puestos y las condiciones de trabajo; as\u00ed como de promover la conciliaci\u00f3n personal, laboral y familiar.<\/p>\n<p>De Burgos, se\u00f1al\u00f3 que en el caso del <strong>Conselh Generau d\u2019Aran, se cumple la paridad, ya que la plantilla la integran un 51% de mujeres y un 49% de hombres<\/strong>.<\/p>\n<p>Finalmente, la conselh\u00e8ra <strong>Anna D\u00edaz<\/strong>, ha querido se\u00f1alar el papel fundamental de la familia, en el logro de una igualdad real entre hombres y mujeres en la sociedad, as\u00ed como el papel de la escuela, con respecto a la coeducaci\u00f3n de los m\u00e1s peque\u00f1os.<\/p>\n<p>Los actos conmemorativos del D\u00eda Internacional de la Mujer, cerrar\u00e1n el pr\u00f3ximo <strong>domingo 12 de marzo a las 11h<\/strong>, con la celebraci\u00f3n de la <strong>\u00ab4\u00aa edici\u00f3n de la Corsa dera Hemna Val d\u2019Aran\u00bb<\/strong>. La carrera est\u00e1 abierta a todos y todas las edades y se puede hacer corriendo o andando, en un circuito urbano de 5 km por las calles de Vielha. Si desea participar a\u00fan puede inscribirse en: <a href=\"https:\/\/www.inscripcions.cat\/corsaderahemna2017\/\">https:\/\/www.inscripcions.cat\/corsaderahemna2017\/<\/a><\/p>\n<p><a href=\"http:\/\/www.conselharan.org\/wp-content\/uploads\/2017\/03\/IMG_4282-001.jpg\"><img loading=\"lazy\" decoding=\"async\" class=\"aligncenter size-large wp-image-16222\" src=\"http:\/\/www.conselharan.org\/wp-content\/uploads\/2017\/03\/IMG_4282-001-1024x628.jpg\" alt=\"IMG_4282-001\" width=\"1024\" height=\"628\" srcset=\"https:\/\/www.conselharan.org\/wp-content\/uploads\/2017\/03\/IMG_4282-001-1024x628.jpg 1024w, https:\/\/www.conselharan.org\/wp-content\/uploads\/2017\/03\/IMG_4282-001-300x184.jpg 300w, https:\/\/www.conselharan.org\/wp-content\/uploads\/2017\/03\/IMG_4282-001-768x471.jpg 768w, https:\/\/www.conselharan.org\/wp-content\/uploads\/2017\/03\/IMG_4282-001.jpg 1200w\" sizes=\"(max-width: 1024px) 100vw, 1024px\" \/><\/a><\/p>\n ","protected":false},"excerpt":{"rendered":"<p>Vielha, 8 de marzo de 2017.- Hoy d\u00eda 8 de marzo el Conselh Generau d\u2019Aran ha conmemorado el D\u00eda Internacional de la Mujer, con dos actos. En el primero de ellos, la conselh\u00e8ra de Salud y Bienestar, Anna D\u00edaz, ha le\u00eddo el manifiesto institucional en la plaza del Conselh Generau d\u2019Aran. A continuaci\u00f3n, el vicesindic&#8230;<\/p>\n","protected":false},"author":2,"featured_media":16221,"comment_status":"closed","ping_status":"closed","sticky":false,"template":"","format":"standard","meta":{"footnotes":""},"categories":[52,37],"tags":[],"_links":{"self":[{"href":"https:\/\/www.conselharan.org\/es\/wp-json\/wp\/v2\/posts\/16226"}],"collection":[{"href":"https:\/\/www.conselharan.org\/es\/wp-json\/wp\/v2\/posts"}],"about":[{"href":"https:\/\/www.conselharan.org\/es\/wp-json\/wp\/v2\/types\/post"}],"author":[{"embeddable":true,"href":"https:\/\/www.conselharan.org\/es\/wp-json\/wp\/v2\/users\/2"}],"replies":[{"embeddable":true,"href":"https:\/\/www.conselharan.org\/es\/wp-json\/wp\/v2\/comments?post=16226"}],"version-history":[{"count":2,"href":"https:\/\/www.conselharan.org\/es\/wp-json\/wp\/v2\/posts\/16226\/revisions"}],"predecessor-version":[{"id":16230,"href":"https:\/\/www.conselharan.org\/es\/wp-json\/wp\/v2\/posts\/16226\/revisions\/16230"}],"wp:featuredmedia":[{"embeddable":true,"href":"https:\/\/www.conselharan.org\/es\/wp-json\/wp\/v2\/media\/16221"}],"wp:attachment":[{"href":"https:\/\/www.conselharan.org\/es\/wp-json\/wp\/v2\/media?parent=16226"}],"wp:term":[{"taxonomy":"category","embeddable":true,"href":"https:\/\/www.conselharan.org\/es\/wp-json\/wp\/v2\/categories?post=16226"},{"taxonomy":"post_tag","embeddable":true,"href":"https:\/\/www.conselharan.org\/es\/wp-json\/wp\/v2\/tags?post=16226"}],"curies":[{"name":"wp","href":"https:\/\/api.w.org\/{rel}","templated":true}]}}