{"id":16255,"date":"2017-03-10T12:52:11","date_gmt":"2017-03-10T11:52:11","guid":{"rendered":"http:\/\/www.conselharan.org\/es\/?p=16255"},"modified":"2017-04-10T10:15:40","modified_gmt":"2017-04-10T08:15:40","slug":"el-valle-de-aran-acogera-el-4o-congreso-nacional-de-agentes-forestales-y-medioambientales-con-la-tematica-de-seguridad-y-policia-medioambiental","status":"publish","type":"post","link":"https:\/\/www.conselharan.org\/es\/el-valle-de-aran-acogera-el-4o-congreso-nacional-de-agentes-forestales-y-medioambientales-con-la-tematica-de-seguridad-y-policia-medioambiental\/","title":{"rendered":"El Valle de Aran acoger\u00e1 el 4\u00ba Congreso Nacional de Agentes Forestales y Medioambientales con la tem\u00e1tica de Seguridad y Polic\u00eda Medioambiental"},"content":{"rendered":"<p><strong>Del 18 al 20 de octubre, el Valle de Aran acoger\u00e1 este importante congreso donde se realizar\u00e1n ponencias y debates.<\/strong><\/p>\n<p>&nbsp;<\/p>\n<p><img loading=\"lazy\" decoding=\"async\" class=\"aligncenter size-large wp-image-16082\" src=\"http:\/\/www.conselharan.org\/wp-content\/uploads\/2017\/02\/paisatge-1024x576.jpg\" alt=\"paisatge\" width=\"1024\" height=\"576\" srcset=\"https:\/\/www.conselharan.org\/wp-content\/uploads\/2017\/02\/paisatge-1024x576.jpg 1024w, https:\/\/www.conselharan.org\/wp-content\/uploads\/2017\/02\/paisatge-300x169.jpg 300w, https:\/\/www.conselharan.org\/wp-content\/uploads\/2017\/02\/paisatge-768x432.jpg 768w, https:\/\/www.conselharan.org\/wp-content\/uploads\/2017\/02\/paisatge.jpg 1328w\" sizes=\"(max-width: 1024px) 100vw, 1024px\" \/><\/p>\n<p>&nbsp;<\/p>\n<p>El <strong>Conselh Generau d\u2019Aran, a trav\u00e9s del Departamento de Agricultura, Ganader\u00eda y Medio Natural de Aran<\/strong>,\u00a0organizar\u00e1 el 4\u00ba Congreso Nacional de Agentes Forestales y Medioambientales que tendr\u00e1 lugar del 18 al 20 de octubre en el Valle de Aran.<\/p>\n<p>&nbsp;<\/p>\n<p><img loading=\"lazy\" decoding=\"async\" class=\"aligncenter size-large wp-image-16081\" src=\"http:\/\/www.conselharan.org\/wp-content\/uploads\/2017\/02\/agents-pompi\u00e8rs-1024x576.jpg\" alt=\"agents-pompi\u00e8rs\" width=\"1024\" height=\"576\" srcset=\"https:\/\/www.conselharan.org\/wp-content\/uploads\/2017\/02\/agents-pompi\u00e8rs-1024x576.jpg 1024w, https:\/\/www.conselharan.org\/wp-content\/uploads\/2017\/02\/agents-pompi\u00e8rs-300x169.jpg 300w, https:\/\/www.conselharan.org\/wp-content\/uploads\/2017\/02\/agents-pompi\u00e8rs-768x432.jpg 768w, https:\/\/www.conselharan.org\/wp-content\/uploads\/2017\/02\/agents-pompi\u00e8rs.jpg 1600w\" sizes=\"(max-width: 1024px) 100vw, 1024px\" \/><\/p>\n<p>&nbsp;<\/p>\n<p>El Congreso contar\u00e1 con ponencias y debates con la siguiente tem\u00e1tica:<\/p>\n<p>&#8211; Funciones de las Agentes de Medio Ambiente como polic\u00eda medioambiental.<\/p>\n<p>&#8211; Persecuci\u00f3n de delitos.<\/p>\n<p>&#8211; Seguridad y riesgos laborales.<\/p>\n<p>&#8211; Uso de nuevas tecnolog\u00edas y unidades con perros.<\/p>\n<p>&#8211; Ponencias de Agentes Forestales italianos y franceses.<\/p>\n<p>&nbsp;<\/p>\n<p><img loading=\"lazy\" decoding=\"async\" class=\"aligncenter size-large wp-image-16078\" src=\"http:\/\/www.conselharan.org\/wp-content\/uploads\/2017\/02\/agents-768x1024.jpg\" alt=\"agents\" width=\"768\" height=\"1024\" srcset=\"https:\/\/www.conselharan.org\/wp-content\/uploads\/2017\/02\/agents-768x1024.jpg 768w, https:\/\/www.conselharan.org\/wp-content\/uploads\/2017\/02\/agents-225x300.jpg 225w, https:\/\/www.conselharan.org\/wp-content\/uploads\/2017\/02\/agents.jpg 1200w\" sizes=\"(max-width: 768px) 100vw, 768px\" \/><\/p>\n<p>&nbsp;<\/p>\n<p>&nbsp;<\/p>\n<p><img loading=\"lazy\" decoding=\"async\" class=\"aligncenter size-large wp-image-16080\" src=\"http:\/\/www.conselharan.org\/wp-content\/uploads\/2017\/02\/huec-1024x577.jpg\" alt=\"huec\" width=\"1024\" height=\"577\" srcset=\"https:\/\/www.conselharan.org\/wp-content\/uploads\/2017\/02\/huec-1024x577.jpg 1024w, https:\/\/www.conselharan.org\/wp-content\/uploads\/2017\/02\/huec-300x169.jpg 300w, https:\/\/www.conselharan.org\/wp-content\/uploads\/2017\/02\/huec-768x433.jpg 768w, https:\/\/www.conselharan.org\/wp-content\/uploads\/2017\/02\/huec.jpg 1136w\" sizes=\"(max-width: 1024px) 100vw, 1024px\" \/><\/p>\n<p>&nbsp;<\/p>\n<p>En breve se abrir\u00e1n las inscripciones y se dispondr\u00e1 del programa definitivo, el Departamento de Agricultura, Ganader\u00eda y Medio Natural de Aran est\u00e1 abierto a que los profesionales interesados puedan aportar temas para las ponencias, paneles y stands.<\/p>\n<p>&nbsp;<\/p>\n<p><img loading=\"lazy\" decoding=\"async\" class=\"aligncenter size-large wp-image-16083\" src=\"http:\/\/www.conselharan.org\/wp-content\/uploads\/2017\/02\/paisatge2-576x1024.jpg\" alt=\"paisatge2\" width=\"576\" height=\"1024\" srcset=\"https:\/\/www.conselharan.org\/wp-content\/uploads\/2017\/02\/paisatge2-576x1024.jpg 576w, https:\/\/www.conselharan.org\/wp-content\/uploads\/2017\/02\/paisatge2-169x300.jpg 169w, https:\/\/www.conselharan.org\/wp-content\/uploads\/2017\/02\/paisatge2.jpg 747w\" sizes=\"(max-width: 576px) 100vw, 576px\" \/><\/p>\n<p>&nbsp;<\/p>\n<p>&nbsp;<\/p>\n<p><em>Fotos: Agents de Miei Ambient deth Conselh Generau d&#8217;Aran<\/em><\/p>\n ","protected":false},"excerpt":{"rendered":"<p>Del 18 al 20 de octubre, el Valle de Aran acoger\u00e1 este importante congreso donde se realizar\u00e1n ponencias y debates. &nbsp; &nbsp; El Conselh Generau d\u2019Aran, a trav\u00e9s del Departamento de Agricultura, Ganader\u00eda y Medio Natural de Aran,\u00a0organizar\u00e1 el 4\u00ba Congreso Nacional de Agentes Forestales y Medioambientales que tendr\u00e1 lugar del 18 al 20 de&#8230;<\/p>\n","protected":false},"author":2,"featured_media":16078,"comment_status":"closed","ping_status":"closed","sticky":false,"template":"","format":"standard","meta":{"footnotes":""},"categories":[34],"tags":[],"_links":{"self":[{"href":"https:\/\/www.conselharan.org\/es\/wp-json\/wp\/v2\/posts\/16255"}],"collection":[{"href":"https:\/\/www.conselharan.org\/es\/wp-json\/wp\/v2\/posts"}],"about":[{"href":"https:\/\/www.conselharan.org\/es\/wp-json\/wp\/v2\/types\/post"}],"author":[{"embeddable":true,"href":"https:\/\/www.conselharan.org\/es\/wp-json\/wp\/v2\/users\/2"}],"replies":[{"embeddable":true,"href":"https:\/\/www.conselharan.org\/es\/wp-json\/wp\/v2\/comments?post=16255"}],"version-history":[{"count":2,"href":"https:\/\/www.conselharan.org\/es\/wp-json\/wp\/v2\/posts\/16255\/revisions"}],"predecessor-version":[{"id":16891,"href":"https:\/\/www.conselharan.org\/es\/wp-json\/wp\/v2\/posts\/16255\/revisions\/16891"}],"wp:featuredmedia":[{"embeddable":true,"href":"https:\/\/www.conselharan.org\/es\/wp-json\/wp\/v2\/media\/16078"}],"wp:attachment":[{"href":"https:\/\/www.conselharan.org\/es\/wp-json\/wp\/v2\/media?parent=16255"}],"wp:term":[{"taxonomy":"category","embeddable":true,"href":"https:\/\/www.conselharan.org\/es\/wp-json\/wp\/v2\/categories?post=16255"},{"taxonomy":"post_tag","embeddable":true,"href":"https:\/\/www.conselharan.org\/es\/wp-json\/wp\/v2\/tags?post=16255"}],"curies":[{"name":"wp","href":"https:\/\/api.w.org\/{rel}","templated":true}]}}