{"id":16276,"date":"2017-03-10T17:22:12","date_gmt":"2017-03-10T16:22:12","guid":{"rendered":"http:\/\/www.conselharan.org\/es\/?p=16276"},"modified":"2017-03-10T17:22:12","modified_gmt":"2017-03-10T16:22:12","slug":"nueva-directora-del-museo-de-la-val-daran","status":"publish","type":"post","link":"https:\/\/www.conselharan.org\/es\/nueva-directora-del-museo-de-la-val-daran\/","title":{"rendered":"Nueva directora del Museo de la Val d&#8217;Aran"},"content":{"rendered":"<p>Vielha, 10 de marzo de 2017.- <strong>Carla del Valle Lafuente<\/strong> es la nueva directora del Museo de la Val d&#8217;Aran, despu\u00e9s de haber superado el proceso p\u00fablico de selecci\u00f3n de personal funcionario interino para cubrir la plaza de director\/ a de Museo- dinamizador\/a del patrimonio cultural del Conselh Generau d\u2019Aran.<\/p>\n<p><a href=\"http:\/\/www.conselharan.org\/wp-content\/uploads\/2017\/03\/IMG_5082.jpg\"><img loading=\"lazy\" decoding=\"async\" class=\"aligncenter size-large wp-image-16274\" src=\"http:\/\/www.conselharan.org\/wp-content\/uploads\/2017\/03\/IMG_5082-1024x682.jpg\" alt=\"IMG_5082\" width=\"1024\" height=\"682\" srcset=\"https:\/\/www.conselharan.org\/wp-content\/uploads\/2017\/03\/IMG_5082-1024x682.jpg 1024w, https:\/\/www.conselharan.org\/wp-content\/uploads\/2017\/03\/IMG_5082-300x200.jpg 300w, https:\/\/www.conselharan.org\/wp-content\/uploads\/2017\/03\/IMG_5082-768x512.jpg 768w\" sizes=\"(max-width: 1024px) 100vw, 1024px\" \/><\/a><\/p>\n<p>Carla del Valle, es Licenciada en Historia del Arte por la Universidad Aut\u00f3noma de Barcelona (UAB) y m\u00e1ster degree por la Universidad de Murcia. Antes de acceder al cargo de directora del Museo de la Val d&#8217;Aran, ha trabajado en los Museos Municipales de Sabadell, en el Museo Nacional de Arte de Catalunya y como asistente de direcci\u00f3n de la Galer\u00eda Barbier.<\/p>\n<p>Tambi\u00e9n es autora entre otros de \u201cEr encens\u00e8r romanic de Betren. Un exemple de patrim\u00f2ni retrobat deh\u00f2ra des n\u00f2stres termi\u00e8res\u201d.<\/p>\n<p>El Museo de la Val d&#8217;Aran, act\u00faa como sede central donde a partir de una presentaci\u00f3n de la Val d&#8217;Aran los visitantes ir\u00e1n conociendo todos los elementos que la integran. Se convierte en una aut\u00e9ntica puerta de entrada para descubrir el pa\u00eds.<\/p>\n<p>La exposici\u00f3n permanente presenta una s\u00edntesis de la historia de la Val d&#8217;Aran, desde la prehistoria hasta nuestros d\u00edas. Se expone una interesante colecci\u00f3n de objetos arqueol\u00f3gicos, art\u00edsticos y etnogr\u00e1ficos.<\/p>\n ","protected":false},"excerpt":{"rendered":"<p>Vielha, 10 de marzo de 2017.- Carla del Valle Lafuente es la nueva directora del Museo de la Val d&#8217;Aran, despu\u00e9s de haber superado el proceso p\u00fablico de selecci\u00f3n de personal funcionario interino para cubrir la plaza de director\/ a de Museo- dinamizador\/a del patrimonio cultural del Conselh Generau d\u2019Aran. Carla del Valle, es Licenciada&#8230;<\/p>\n","protected":false},"author":2,"featured_media":16274,"comment_status":"closed","ping_status":"closed","sticky":false,"template":"","format":"standard","meta":{"footnotes":""},"categories":[52,37],"tags":[],"_links":{"self":[{"href":"https:\/\/www.conselharan.org\/es\/wp-json\/wp\/v2\/posts\/16276"}],"collection":[{"href":"https:\/\/www.conselharan.org\/es\/wp-json\/wp\/v2\/posts"}],"about":[{"href":"https:\/\/www.conselharan.org\/es\/wp-json\/wp\/v2\/types\/post"}],"author":[{"embeddable":true,"href":"https:\/\/www.conselharan.org\/es\/wp-json\/wp\/v2\/users\/2"}],"replies":[{"embeddable":true,"href":"https:\/\/www.conselharan.org\/es\/wp-json\/wp\/v2\/comments?post=16276"}],"version-history":[{"count":1,"href":"https:\/\/www.conselharan.org\/es\/wp-json\/wp\/v2\/posts\/16276\/revisions"}],"predecessor-version":[{"id":16277,"href":"https:\/\/www.conselharan.org\/es\/wp-json\/wp\/v2\/posts\/16276\/revisions\/16277"}],"wp:featuredmedia":[{"embeddable":true,"href":"https:\/\/www.conselharan.org\/es\/wp-json\/wp\/v2\/media\/16274"}],"wp:attachment":[{"href":"https:\/\/www.conselharan.org\/es\/wp-json\/wp\/v2\/media?parent=16276"}],"wp:term":[{"taxonomy":"category","embeddable":true,"href":"https:\/\/www.conselharan.org\/es\/wp-json\/wp\/v2\/categories?post=16276"},{"taxonomy":"post_tag","embeddable":true,"href":"https:\/\/www.conselharan.org\/es\/wp-json\/wp\/v2\/tags?post=16276"}],"curies":[{"name":"wp","href":"https:\/\/api.w.org\/{rel}","templated":true}]}}