{"id":16285,"date":"2017-03-10T18:43:53","date_gmt":"2017-03-10T17:43:53","guid":{"rendered":"http:\/\/www.conselharan.org\/es\/?p=16285"},"modified":"2017-03-10T18:45:09","modified_gmt":"2017-03-10T17:45:09","slug":"torisme-val-daran-presente-en-la-copa-de-espana-de-futbol-sala","status":"publish","type":"post","link":"https:\/\/www.conselharan.org\/es\/torisme-val-daran-presente-en-la-copa-de-espana-de-futbol-sala\/","title":{"rendered":"Torisme Val d\u2019Aran presente en la Copa de Espa\u00f1a de F\u00fatbol Sala"},"content":{"rendered":"<p>Vielha, 10 de marzo de 2017.- <strong>El Valle de Aran estar\u00e1 presente en la<\/strong> <strong>Copa de Espa\u00f1a Ciudad Real 2017 de F\u00fatbol Sala<\/strong>, que se celebra hasta el domingo 12 de marzo, con el lema <strong>\u201cVal d\u2019Aran, la esencia de los Pirineos\u201d.<\/strong><\/p>\n<p><a href=\"http:\/\/www.conselharan.org\/wp-content\/uploads\/2017\/03\/Captura-de-pantalla-completa-10032017-174349.jpg\"><img loading=\"lazy\" decoding=\"async\" class=\"aligncenter size-large wp-image-16282\" src=\"http:\/\/www.conselharan.org\/wp-content\/uploads\/2017\/03\/Captura-de-pantalla-completa-10032017-174349-1024x579.jpg\" alt=\"Captura de pantalla completa 10032017 174349\" width=\"1024\" height=\"579\" srcset=\"https:\/\/www.conselharan.org\/wp-content\/uploads\/2017\/03\/Captura-de-pantalla-completa-10032017-174349-1024x579.jpg 1024w, https:\/\/www.conselharan.org\/wp-content\/uploads\/2017\/03\/Captura-de-pantalla-completa-10032017-174349-300x170.jpg 300w, https:\/\/www.conselharan.org\/wp-content\/uploads\/2017\/03\/Captura-de-pantalla-completa-10032017-174349-768x434.jpg 768w, https:\/\/www.conselharan.org\/wp-content\/uploads\/2017\/03\/Captura-de-pantalla-completa-10032017-174349.jpg 1790w\" sizes=\"(max-width: 1024px) 100vw, 1024px\" \/><\/a><\/p>\n<p>La Copa de Espa\u00f1a de F\u00fatbol Sala es el torneo m\u00e1s atractivo de la temporada y el que m\u00e1s expectaci\u00f3n levanta. La Copa de Espa\u00f1a podr\u00e1 verse en 40 pa\u00edses.<\/p>\n<p>Televisi\u00f3n Espa\u00f1ola emitir\u00e1 \u00edntegramente a trav\u00e9s del canal Teledeporte los 7 partidos del torneo. Eurosport tambi\u00e9n realizar\u00e1 una ampl\u00edsima cobertura, emitiendo un encuentro por d\u00eda a trav\u00e9s del canal Eurosport 2, as\u00ed como Esport 3 que tambi\u00e9n emitir\u00e1 partidos en directo.<\/p>\n<p>Se calcula que las audiencias previstas aproximadas solo en Espa\u00f1a, lleguen a superar los 4 millones de espectadores.<\/p>\n<p>La conselh\u00e8ra de Turismo del Conselh Generau d\u2019Aran, <strong>Anna D<\/strong><strong>\u00ed<\/strong><strong>az<\/strong>, ha recordado que muchos equipos de primer nivel de F\u00fatbol Sala espa\u00f1oles ya hace a\u00f1os que escogen el Valle de Aran para sus stages de verano, donde encuentran las condiciones e instalaciones deportivas necesarias para llevar a cabo la preparaci\u00f3n de la temporada. A esto hay que a\u00f1adir la apuesta del Gov\u00e8rn d\u2019Aran por celebrar eventos deportivos de primer orden mundial como la etapa del <strong>Tour de<\/strong> <strong>Francia<\/strong> del verano pasado, que contribuyen a la promoci\u00f3n del Valle de Aran tambi\u00e9n como destino tur\u00edstico deportivo fuera de la temporada de esqu\u00ed.<\/p>\n<p><a href=\"http:\/\/www.conselharan.org\/wp-content\/uploads\/2017\/03\/Captura-de-pantalla-completa-10032017-174236.jpg\"><img loading=\"lazy\" decoding=\"async\" class=\"aligncenter size-large wp-image-16281\" src=\"http:\/\/www.conselharan.org\/wp-content\/uploads\/2017\/03\/Captura-de-pantalla-completa-10032017-174236-1024x579.jpg\" alt=\"Captura de pantalla completa 10032017 174236\" width=\"1024\" height=\"579\" srcset=\"https:\/\/www.conselharan.org\/wp-content\/uploads\/2017\/03\/Captura-de-pantalla-completa-10032017-174236-1024x579.jpg 1024w, https:\/\/www.conselharan.org\/wp-content\/uploads\/2017\/03\/Captura-de-pantalla-completa-10032017-174236-300x170.jpg 300w, https:\/\/www.conselharan.org\/wp-content\/uploads\/2017\/03\/Captura-de-pantalla-completa-10032017-174236-768x434.jpg 768w, https:\/\/www.conselharan.org\/wp-content\/uploads\/2017\/03\/Captura-de-pantalla-completa-10032017-174236.jpg 1805w\" sizes=\"(max-width: 1024px) 100vw, 1024px\" \/><\/a> <a href=\"http:\/\/www.conselharan.org\/wp-content\/uploads\/2017\/03\/Captura-de-pantalla-completa-10032017-174355.jpg\"><img loading=\"lazy\" decoding=\"async\" class=\"aligncenter size-large wp-image-16283\" src=\"http:\/\/www.conselharan.org\/wp-content\/uploads\/2017\/03\/Captura-de-pantalla-completa-10032017-174355-1024x664.jpg\" alt=\"Captura de pantalla completa 10032017 174355\" width=\"1024\" height=\"664\" srcset=\"https:\/\/www.conselharan.org\/wp-content\/uploads\/2017\/03\/Captura-de-pantalla-completa-10032017-174355-1024x664.jpg 1024w, https:\/\/www.conselharan.org\/wp-content\/uploads\/2017\/03\/Captura-de-pantalla-completa-10032017-174355-300x195.jpg 300w, https:\/\/www.conselharan.org\/wp-content\/uploads\/2017\/03\/Captura-de-pantalla-completa-10032017-174355-768x498.jpg 768w, https:\/\/www.conselharan.org\/wp-content\/uploads\/2017\/03\/Captura-de-pantalla-completa-10032017-174355.jpg 1642w\" sizes=\"(max-width: 1024px) 100vw, 1024px\" \/><\/a><\/p>\n ","protected":false},"excerpt":{"rendered":"<p>Vielha, 10 de marzo de 2017.- El Valle de Aran estar\u00e1 presente en la Copa de Espa\u00f1a Ciudad Real 2017 de F\u00fatbol Sala, que se celebra hasta el domingo 12 de marzo, con el lema \u201cVal d\u2019Aran, la esencia de los Pirineos\u201d. La Copa de Espa\u00f1a de F\u00fatbol Sala es el torneo m\u00e1s atractivo de&#8230;<\/p>\n","protected":false},"author":2,"featured_media":16282,"comment_status":"closed","ping_status":"closed","sticky":false,"template":"","format":"standard","meta":{"footnotes":""},"categories":[52],"tags":[],"_links":{"self":[{"href":"https:\/\/www.conselharan.org\/es\/wp-json\/wp\/v2\/posts\/16285"}],"collection":[{"href":"https:\/\/www.conselharan.org\/es\/wp-json\/wp\/v2\/posts"}],"about":[{"href":"https:\/\/www.conselharan.org\/es\/wp-json\/wp\/v2\/types\/post"}],"author":[{"embeddable":true,"href":"https:\/\/www.conselharan.org\/es\/wp-json\/wp\/v2\/users\/2"}],"replies":[{"embeddable":true,"href":"https:\/\/www.conselharan.org\/es\/wp-json\/wp\/v2\/comments?post=16285"}],"version-history":[{"count":1,"href":"https:\/\/www.conselharan.org\/es\/wp-json\/wp\/v2\/posts\/16285\/revisions"}],"predecessor-version":[{"id":16286,"href":"https:\/\/www.conselharan.org\/es\/wp-json\/wp\/v2\/posts\/16285\/revisions\/16286"}],"wp:featuredmedia":[{"embeddable":true,"href":"https:\/\/www.conselharan.org\/es\/wp-json\/wp\/v2\/media\/16282"}],"wp:attachment":[{"href":"https:\/\/www.conselharan.org\/es\/wp-json\/wp\/v2\/media?parent=16285"}],"wp:term":[{"taxonomy":"category","embeddable":true,"href":"https:\/\/www.conselharan.org\/es\/wp-json\/wp\/v2\/categories?post=16285"},{"taxonomy":"post_tag","embeddable":true,"href":"https:\/\/www.conselharan.org\/es\/wp-json\/wp\/v2\/tags?post=16285"}],"curies":[{"name":"wp","href":"https:\/\/api.w.org\/{rel}","templated":true}]}}