{"id":16324,"date":"2017-03-12T17:51:57","date_gmt":"2017-03-12T16:51:57","guid":{"rendered":"http:\/\/www.conselharan.org\/es\/300-participaires-ena-4au-corsa-dera-hemna-val-daran\/"},"modified":"2017-03-12T18:00:24","modified_gmt":"2017-03-12T17:00:24","slug":"300-participaires-ena-4au-corsa-dera-hemna-val-daran","status":"publish","type":"post","link":"https:\/\/www.conselharan.org\/es\/300-participaires-ena-4au-corsa-dera-hemna-val-daran\/","title":{"rendered":"300 participantes en la 4\u00aa Corsa dera Hemna Val d\u2019Aran"},"content":{"rendered":"<p>Vielha. 12 de marzo de 2017.- La <strong>4\u00aa edici\u00f3n de la Corsa dera Hemna Val d&#8217;Aran<\/strong> ha puesto el punto final a los actos organizados por el <strong>Conselh Generau d\u2019Aran<\/strong> con motivo del D\u00eda Internacional de la Mujer, con la <strong>participaci\u00f3n de 300 corredores<\/strong> de todas las edades que han completado dos vueltas al recorrido urbano de 5Km por las calles de Vielha.<\/p>\n<p><a href=\"http:\/\/www.conselharan.org\/wp-content\/uploads\/2017\/03\/IMG_4646.jpg\"><img loading=\"lazy\" decoding=\"async\" class=\"aligncenter size-large wp-image-16290\" src=\"http:\/\/www.conselharan.org\/wp-content\/uploads\/2017\/03\/IMG_4646-1024x692.jpg\" alt=\"IMG_4646\" width=\"1024\" height=\"692\" srcset=\"https:\/\/www.conselharan.org\/wp-content\/uploads\/2017\/03\/IMG_4646-1024x692.jpg 1024w, https:\/\/www.conselharan.org\/wp-content\/uploads\/2017\/03\/IMG_4646-300x203.jpg 300w, https:\/\/www.conselharan.org\/wp-content\/uploads\/2017\/03\/IMG_4646-768x519.jpg 768w\" sizes=\"(max-width: 1024px) 100vw, 1024px\" \/><\/a><\/p>\n<p>&nbsp;<\/p>\n<p>La Corsa dera Hemna, abierta a todos y todas las edades, que se puede hacer corriendo o andando, este a\u00f1o ha llegado a la 4\u00aa edici\u00f3n y se ha convertido en uno de los eventos populares con m\u00e1s participaci\u00f3n en la Val d&#8217;Aran.<\/p>\n<p>La conselh\u00e8ra de Salud y Bienestar del Gov\u00e8rn d\u2019Aran, <strong>Anna D\u00edaz<\/strong>, que tambi\u00e9n ha participado en la carrera, felicit\u00f3 a todos los participantes por su implicaci\u00f3n en la carrera organizada por el Servici d\u2019Informacion e Atencion ara Hemna (SIAH) del Conselh Generau d\u2019Aran en colaboraci\u00f3n con el Conselh Esportiu de la Val d\u2019Aran i l\u2019Associaci\u00f3 Volentaris Val d\u2019Aran.<\/p>\n<p>&nbsp;<\/p>\n<p><strong>Resultados:<\/strong><\/p>\n<p>&nbsp;<\/p>\n<p><strong>General Femenino<\/strong><\/p>\n<p>1 Sara D\u00edaz Mart\u00edn<\/p>\n<p>2 Aran Ros Castet<\/p>\n<p>3 Beatr\u00edz Brenes Vicente<\/p>\n<p>&nbsp;<\/p>\n<p><strong>Categor\u00eda Master Femenino<\/strong><\/p>\n<p>1 Chantal Darroux<\/p>\n<p>2 Pilar Vicente Castet<\/p>\n<p>3 Mar\u00eda Garc\u00eda Robles<\/p>\n<p>&nbsp;<\/p>\n<p><strong>Categor\u00eda Veterano 2 F<\/strong><\/p>\n<p>1 Rosa Elena Garc\u00eda Tejada<\/p>\n<p>2 Pilar Medan Abos<\/p>\n<p>3 Fina Calvo Asensio<\/p>\n<p>&nbsp;<\/p>\n<p><strong>Categor\u00eda Veterano 1 F<\/strong><\/p>\n<p>1 Sara D\u00edaz Mart\u00edn<\/p>\n<p>2 Esther Rubio Carrera<\/p>\n<p>3 M. Carmen Garc\u00eda \u00c1lvarez<\/p>\n<p>&nbsp;<\/p>\n<p><strong>Categor\u00eda Senior F<\/strong><\/p>\n<p>1 Aran Ros Castet<\/p>\n<p>2 Beatr\u00edz Brenes Vicente<\/p>\n<p>3 Bego\u00f1a Asensio Gonz\u00e1lez<\/p>\n<p>&nbsp;<\/p>\n<p><strong>Categor\u00eda Juvenil F<\/strong><\/p>\n<p>1 Mar\u00eda Lucas Puertas<\/p>\n<p>2 Alba Sastrada Capel<\/p>\n<p>3 Jana Batalla Estevez<\/p>\n<p>&nbsp;<\/p>\n<p><strong>General Masculino<\/strong><\/p>\n<p>1 Jos\u00e9 Ram\u00f3n Rodr\u00edguez Palac\u00edn<\/p>\n<p>2 Georges Sarion<\/p>\n<p>3 Eric Fern\u00e1ndez Caubet<\/p>\n<p><a href=\"http:\/\/www.conselharan.org\/wp-content\/uploads\/2017\/03\/IMG_5029.jpg\"><img loading=\"lazy\" decoding=\"async\" class=\"aligncenter size-large wp-image-16321\" src=\"http:\/\/www.conselharan.org\/wp-content\/uploads\/2017\/03\/IMG_5029-1024x628.jpg\" alt=\"IMG_5029\" width=\"1024\" height=\"628\" srcset=\"https:\/\/www.conselharan.org\/wp-content\/uploads\/2017\/03\/IMG_5029-1024x628.jpg 1024w, https:\/\/www.conselharan.org\/wp-content\/uploads\/2017\/03\/IMG_5029-300x184.jpg 300w, https:\/\/www.conselharan.org\/wp-content\/uploads\/2017\/03\/IMG_5029-768x471.jpg 768w, https:\/\/www.conselharan.org\/wp-content\/uploads\/2017\/03\/IMG_5029.jpg 1700w\" sizes=\"(max-width: 1024px) 100vw, 1024px\" \/><\/a><\/p>\n<p>&nbsp;<\/p>\n<p><a href=\"http:\/\/www.conselharan.org\/wp-content\/uploads\/2017\/03\/IMG_4991.jpg\"><img loading=\"lazy\" decoding=\"async\" class=\"aligncenter size-large wp-image-16316\" src=\"http:\/\/www.conselharan.org\/wp-content\/uploads\/2017\/03\/IMG_4991-1024x768.jpg\" alt=\"IMG_4991\" width=\"1024\" height=\"768\" srcset=\"https:\/\/www.conselharan.org\/wp-content\/uploads\/2017\/03\/IMG_4991-1024x768.jpg 1024w, https:\/\/www.conselharan.org\/wp-content\/uploads\/2017\/03\/IMG_4991-300x225.jpg 300w, https:\/\/www.conselharan.org\/wp-content\/uploads\/2017\/03\/IMG_4991-768x576.jpg 768w\" sizes=\"(max-width: 1024px) 100vw, 1024px\" \/><\/a> <a href=\"http:\/\/www.conselharan.org\/wp-content\/uploads\/2017\/03\/IMG_4977.jpg\"><img loading=\"lazy\" decoding=\"async\" class=\"aligncenter size-large wp-image-16315\" src=\"http:\/\/www.conselharan.org\/wp-content\/uploads\/2017\/03\/IMG_4977-1024x763.jpg\" alt=\"IMG_4977\" width=\"1024\" height=\"763\" srcset=\"https:\/\/www.conselharan.org\/wp-content\/uploads\/2017\/03\/IMG_4977-1024x763.jpg 1024w, https:\/\/www.conselharan.org\/wp-content\/uploads\/2017\/03\/IMG_4977-300x224.jpg 300w, https:\/\/www.conselharan.org\/wp-content\/uploads\/2017\/03\/IMG_4977-768x572.jpg 768w\" sizes=\"(max-width: 1024px) 100vw, 1024px\" \/><\/a> <a href=\"http:\/\/www.conselharan.org\/wp-content\/uploads\/2017\/03\/IMG_4968.jpg\"><img loading=\"lazy\" decoding=\"async\" class=\"aligncenter size-large wp-image-16314\" src=\"http:\/\/www.conselharan.org\/wp-content\/uploads\/2017\/03\/IMG_4968-1024x656.jpg\" alt=\"IMG_4968\" width=\"1024\" height=\"656\" srcset=\"https:\/\/www.conselharan.org\/wp-content\/uploads\/2017\/03\/IMG_4968-1024x656.jpg 1024w, https:\/\/www.conselharan.org\/wp-content\/uploads\/2017\/03\/IMG_4968-300x192.jpg 300w, https:\/\/www.conselharan.org\/wp-content\/uploads\/2017\/03\/IMG_4968-768x492.jpg 768w\" sizes=\"(max-width: 1024px) 100vw, 1024px\" \/><\/a> <a href=\"http:\/\/www.conselharan.org\/wp-content\/uploads\/2017\/03\/IMG_4958.jpg\"><img loading=\"lazy\" decoding=\"async\" class=\"aligncenter size-large wp-image-16313\" src=\"http:\/\/www.conselharan.org\/wp-content\/uploads\/2017\/03\/IMG_4958-1024x762.jpg\" alt=\"IMG_4958\" width=\"1024\" height=\"762\" srcset=\"https:\/\/www.conselharan.org\/wp-content\/uploads\/2017\/03\/IMG_4958-1024x762.jpg 1024w, https:\/\/www.conselharan.org\/wp-content\/uploads\/2017\/03\/IMG_4958-300x223.jpg 300w, https:\/\/www.conselharan.org\/wp-content\/uploads\/2017\/03\/IMG_4958-768x572.jpg 768w\" sizes=\"(max-width: 1024px) 100vw, 1024px\" \/><\/a> <a href=\"http:\/\/www.conselharan.org\/wp-content\/uploads\/2017\/03\/IMG_4940.jpg\"><img loading=\"lazy\" decoding=\"async\" class=\"aligncenter size-large wp-image-16312\" src=\"http:\/\/www.conselharan.org\/wp-content\/uploads\/2017\/03\/IMG_4940-1024x768.jpg\" alt=\"IMG_4940\" width=\"1024\" height=\"768\" srcset=\"https:\/\/www.conselharan.org\/wp-content\/uploads\/2017\/03\/IMG_4940-1024x768.jpg 1024w, https:\/\/www.conselharan.org\/wp-content\/uploads\/2017\/03\/IMG_4940-300x225.jpg 300w, https:\/\/www.conselharan.org\/wp-content\/uploads\/2017\/03\/IMG_4940-768x576.jpg 768w\" sizes=\"(max-width: 1024px) 100vw, 1024px\" \/><\/a> <a href=\"http:\/\/www.conselharan.org\/wp-content\/uploads\/2017\/03\/IMG_4932.jpg\"><img loading=\"lazy\" decoding=\"async\" class=\"aligncenter size-large wp-image-16311\" src=\"http:\/\/www.conselharan.org\/wp-content\/uploads\/2017\/03\/IMG_4932-1024x769.jpg\" alt=\"IMG_4932\" width=\"1024\" height=\"769\" srcset=\"https:\/\/www.conselharan.org\/wp-content\/uploads\/2017\/03\/IMG_4932-1024x769.jpg 1024w, https:\/\/www.conselharan.org\/wp-content\/uploads\/2017\/03\/IMG_4932-300x225.jpg 300w, https:\/\/www.conselharan.org\/wp-content\/uploads\/2017\/03\/IMG_4932-768x577.jpg 768w\" sizes=\"(max-width: 1024px) 100vw, 1024px\" \/><\/a> <a href=\"http:\/\/www.conselharan.org\/wp-content\/uploads\/2017\/03\/IMG_4922.jpg\"><img loading=\"lazy\" decoding=\"async\" class=\"aligncenter size-large wp-image-16310\" src=\"http:\/\/www.conselharan.org\/wp-content\/uploads\/2017\/03\/IMG_4922-1024x768.jpg\" alt=\"IMG_4922\" width=\"1024\" height=\"768\" srcset=\"https:\/\/www.conselharan.org\/wp-content\/uploads\/2017\/03\/IMG_4922-1024x768.jpg 1024w, https:\/\/www.conselharan.org\/wp-content\/uploads\/2017\/03\/IMG_4922-300x225.jpg 300w, https:\/\/www.conselharan.org\/wp-content\/uploads\/2017\/03\/IMG_4922-768x576.jpg 768w\" sizes=\"(max-width: 1024px) 100vw, 1024px\" \/><\/a> <a href=\"http:\/\/www.conselharan.org\/wp-content\/uploads\/2017\/03\/IMG_4908.jpg\"><img loading=\"lazy\" decoding=\"async\" class=\"aligncenter size-large wp-image-16309\" src=\"http:\/\/www.conselharan.org\/wp-content\/uploads\/2017\/03\/IMG_4908-1024x766.jpg\" alt=\"IMG_4908\" width=\"1024\" height=\"766\" srcset=\"https:\/\/www.conselharan.org\/wp-content\/uploads\/2017\/03\/IMG_4908-1024x766.jpg 1024w, https:\/\/www.conselharan.org\/wp-content\/uploads\/2017\/03\/IMG_4908-300x224.jpg 300w, https:\/\/www.conselharan.org\/wp-content\/uploads\/2017\/03\/IMG_4908-768x574.jpg 768w\" sizes=\"(max-width: 1024px) 100vw, 1024px\" \/><\/a><\/p>\n ","protected":false},"excerpt":{"rendered":"<p>Vielha. 12 de marzo de 2017.- La 4\u00aa edici\u00f3n de la Corsa dera Hemna Val d&#8217;Aran ha puesto el punto final a los actos organizados por el Conselh Generau d\u2019Aran con motivo del D\u00eda Internacional de la Mujer, con la participaci\u00f3n de 300 corredores de todas las edades que han completado dos vueltas al recorrido&#8230;<\/p>\n","protected":false},"author":2,"featured_media":16321,"comment_status":"closed","ping_status":"closed","sticky":false,"template":"","format":"standard","meta":{"footnotes":""},"categories":[135,37],"tags":[],"_links":{"self":[{"href":"https:\/\/www.conselharan.org\/es\/wp-json\/wp\/v2\/posts\/16324"}],"collection":[{"href":"https:\/\/www.conselharan.org\/es\/wp-json\/wp\/v2\/posts"}],"about":[{"href":"https:\/\/www.conselharan.org\/es\/wp-json\/wp\/v2\/types\/post"}],"author":[{"embeddable":true,"href":"https:\/\/www.conselharan.org\/es\/wp-json\/wp\/v2\/users\/2"}],"replies":[{"embeddable":true,"href":"https:\/\/www.conselharan.org\/es\/wp-json\/wp\/v2\/comments?post=16324"}],"version-history":[{"count":2,"href":"https:\/\/www.conselharan.org\/es\/wp-json\/wp\/v2\/posts\/16324\/revisions"}],"predecessor-version":[{"id":16326,"href":"https:\/\/www.conselharan.org\/es\/wp-json\/wp\/v2\/posts\/16324\/revisions\/16326"}],"wp:featuredmedia":[{"embeddable":true,"href":"https:\/\/www.conselharan.org\/es\/wp-json\/wp\/v2\/media\/16321"}],"wp:attachment":[{"href":"https:\/\/www.conselharan.org\/es\/wp-json\/wp\/v2\/media?parent=16324"}],"wp:term":[{"taxonomy":"category","embeddable":true,"href":"https:\/\/www.conselharan.org\/es\/wp-json\/wp\/v2\/categories?post=16324"},{"taxonomy":"post_tag","embeddable":true,"href":"https:\/\/www.conselharan.org\/es\/wp-json\/wp\/v2\/tags?post=16324"}],"curies":[{"name":"wp","href":"https:\/\/api.w.org\/{rel}","templated":true}]}}