{"id":16344,"date":"2017-03-13T13:41:07","date_gmt":"2017-03-13T12:41:07","guid":{"rendered":"http:\/\/www.conselharan.org\/es\/?p=16344"},"modified":"2017-03-13T13:42:14","modified_gmt":"2017-03-13T12:42:14","slug":"el-aranes-del-caei-pol-salvat-campeon-de-espana-u18","status":"publish","type":"post","link":"https:\/\/www.conselharan.org\/es\/el-aranes-del-caei-pol-salvat-campeon-de-espana-u18\/","title":{"rendered":"El aran\u00e9s del CAEI, Pol Salvat, campe\u00f3n de Espa\u00f1a U18"},"content":{"rendered":"<p><img loading=\"lazy\" decoding=\"async\" class=\"aligncenter size-large wp-image-16340\" src=\"http:\/\/www.conselharan.org\/wp-content\/uploads\/2017\/03\/Pol-Salvat-1024x682.jpg\" alt=\"Pol Salvat\" width=\"1024\" height=\"682\" srcset=\"https:\/\/www.conselharan.org\/wp-content\/uploads\/2017\/03\/Pol-Salvat-1024x682.jpg 1024w, https:\/\/www.conselharan.org\/wp-content\/uploads\/2017\/03\/Pol-Salvat-300x200.jpg 300w, https:\/\/www.conselharan.org\/wp-content\/uploads\/2017\/03\/Pol-Salvat-768x512.jpg 768w, https:\/\/www.conselharan.org\/wp-content\/uploads\/2017\/03\/Pol-Salvat.jpg 1600w\" sizes=\"(max-width: 1024px) 100vw, 1024px\" \/><\/p>\n<p>&nbsp;<\/p>\n<p>165 corredores de toda Espa\u00f1a y de varios pa\u00edses m\u00e1s como Francia y Andorra y se dieron cita el fin de semana del 4 al 5 de marzo, en la estaci\u00f3n aranesa de Baqueira Beret para participar en la XXI edici\u00f3n del Trofeo internacional TOP-CAEI FIS que este a\u00f1o tambi\u00e9n era Campeonato de Espa\u00f1a U18 y U21 y en el que el corredor aran\u00e9s del Club Aran\u00e9s d\u2019Esp\u00f2rts d\u2019Iu\u00e8rn (<strong>CAEI<\/strong>), <strong>Pol Salvat<\/strong>, se proclam\u00f3 campe\u00f3n de Espa\u00f1a U18.<\/p>\n<p>En esta competici\u00f3n, organizada por el<strong> CAEI y Baqueira Beret<\/strong>, se ten\u00edan que disputar un GS y un SL para hombres y damas en la pista Stadium en el sector de Beret, pero las condiciones de la nieve no permitieron que el s\u00e1bado, 4 de marzo, se pudiera realizar el SL previsto. El domingo, a pesar de que el tiempo no acompa\u00f1\u00f3, la carrera se pudo realizar gracias a la colaboraci\u00f3n de todos.<\/p>\n<p>La organizaci\u00f3n premi\u00f3 a los tres primeros Absolutos y a los tres primeros U18 y U21, hombres y damas, con una cesta de productos de la \u00a0Val d&#8217;Aran y una medalla para todos los ganadores del Campeonato de Espa\u00f1a, cosa que fue muy bien acogida por todos aquellos que subieron al podio, en una entrega de trofeos que se llev\u00f3 a cabo en el mismo Pla de Beret.<\/p>\n<p>&nbsp;<\/p>\n<ul>\n<li><em><strong>RESULTADOS TOP CAEI<\/strong><\/em><\/li>\n<\/ul>\n<p><strong>SL DAMAS<\/strong><\/p>\n<p>1 MIJARES RUF Claudia. ECAP. AND<\/p>\n<p>2 RAMENTOL ALMEIDA Mariona. ECOA. AND<\/p>\n<p>3 RELAT Maria. CANMC. ESP<\/p>\n<p><strong>SL HOMBRES<\/strong><\/p>\n<p>1 SOLSONA Robert. ANDORRA. AND<\/p>\n<p>2 SALARICH Xavier. LMCE. ESP<\/p>\n<p>3 ORTEGA Ricard. LMCE. ESP<\/p>\n<p>&nbsp;<\/p>\n<ul>\n<li><em><strong>CTO. DE ESPA\u00d1A U18<\/strong><\/em><\/li>\n<\/ul>\n<p><strong>SL DAMAS U18<\/strong><\/p>\n<p>1 RELAT Maria. CANMC. ESP<\/p>\n<p>2 ALVAREZ Irene. C. ESQUI CAJA RURAL. ESP<\/p>\n<p>3 FORNE Alba. LMCE. ESP<\/p>\n<p><strong>SL HOMBRES U18<\/strong><\/p>\n<p><span style=\"text-decoration: underline;\">1 SALVAT Pol. CAEI. ESP<\/span><\/p>\n<p>2 MINTEGUI Ibon. C.P. MAYENCOS. ESP<\/p>\n<p>3 MONTES Marc. CEVA. ESP<\/p>\n<p><strong>SL DAMAS U21<\/strong><\/p>\n<p>1 MATEU Eugenia. LMCE. ESP<\/p>\n<p>2 JIMENEZ Marta. GRANUEC. ESP<\/p>\n<p>3 VALERO Adriana. C E GRANADA. ESP<\/p>\n<p><strong>SL HOMBRES<\/strong><\/p>\n<p>1 ORTEGA Ricard. LMCE. ESP<\/p>\n<p>2 VIOU Gonzalo. LA PINILLA. ESP<\/p>\n<p>3 SELLAS Nil. CANMC. ESP<\/p>\n<p>&nbsp;<\/p>\n<p>&nbsp;<\/p>\n<p>&nbsp;<\/p>\n<p>&nbsp;<\/p>\n<p>Vielha, 13 de marzo de 2017<\/p>\n<p>&nbsp;<\/p>\n<p><em>Conselh Generau d&#8217;Aran: N\u00faria Sanjuan<\/em><\/p>\n<p><em>Fuente y foto: CAEI<\/em><\/p>\n ","protected":false},"excerpt":{"rendered":"<p>&nbsp; 165 corredores de toda Espa\u00f1a y de varios pa\u00edses m\u00e1s como Francia y Andorra y se dieron cita el fin de semana del 4 al 5 de marzo, en la estaci\u00f3n aranesa de Baqueira Beret para participar en la XXI edici\u00f3n del Trofeo internacional TOP-CAEI FIS que este a\u00f1o tambi\u00e9n era Campeonato de Espa\u00f1a&#8230;<\/p>\n","protected":false},"author":2,"featured_media":16340,"comment_status":"closed","ping_status":"closed","sticky":false,"template":"","format":"standard","meta":{"footnotes":""},"categories":[135],"tags":[],"_links":{"self":[{"href":"https:\/\/www.conselharan.org\/es\/wp-json\/wp\/v2\/posts\/16344"}],"collection":[{"href":"https:\/\/www.conselharan.org\/es\/wp-json\/wp\/v2\/posts"}],"about":[{"href":"https:\/\/www.conselharan.org\/es\/wp-json\/wp\/v2\/types\/post"}],"author":[{"embeddable":true,"href":"https:\/\/www.conselharan.org\/es\/wp-json\/wp\/v2\/users\/2"}],"replies":[{"embeddable":true,"href":"https:\/\/www.conselharan.org\/es\/wp-json\/wp\/v2\/comments?post=16344"}],"version-history":[{"count":2,"href":"https:\/\/www.conselharan.org\/es\/wp-json\/wp\/v2\/posts\/16344\/revisions"}],"predecessor-version":[{"id":16346,"href":"https:\/\/www.conselharan.org\/es\/wp-json\/wp\/v2\/posts\/16344\/revisions\/16346"}],"wp:featuredmedia":[{"embeddable":true,"href":"https:\/\/www.conselharan.org\/es\/wp-json\/wp\/v2\/media\/16340"}],"wp:attachment":[{"href":"https:\/\/www.conselharan.org\/es\/wp-json\/wp\/v2\/media?parent=16344"}],"wp:term":[{"taxonomy":"category","embeddable":true,"href":"https:\/\/www.conselharan.org\/es\/wp-json\/wp\/v2\/categories?post=16344"},{"taxonomy":"post_tag","embeddable":true,"href":"https:\/\/www.conselharan.org\/es\/wp-json\/wp\/v2\/tags?post=16344"}],"curies":[{"name":"wp","href":"https:\/\/api.w.org\/{rel}","templated":true}]}}