{"id":16374,"date":"2017-03-14T15:16:43","date_gmt":"2017-03-14T14:16:43","guid":{"rendered":"http:\/\/www.conselharan.org\/es\/?p=16374"},"modified":"2017-03-14T15:16:43","modified_gmt":"2017-03-14T14:16:43","slug":"las-aranesas-aina-masip-y-naia-espana-campeonas-del-catalunya-open-de-patinaje-sobre-hielo-artistico-en-sus-categorias","status":"publish","type":"post","link":"https:\/\/www.conselharan.org\/es\/las-aranesas-aina-masip-y-naia-espana-campeonas-del-catalunya-open-de-patinaje-sobre-hielo-artistico-en-sus-categorias\/","title":{"rendered":"Las aranesas, Aina Masip y Naia Espa\u00f1a, campeonas del Catalunya Open de patinaje sobre hielo art\u00edstico en sus categor\u00edas"},"content":{"rendered":"<p><strong>\u2022 7 podios para el CEGVA en el Campeonato de Catalu\u00f1a Open y en la Copa Vielha de patinaje sobre hielo.<\/strong><\/p>\n<p>&nbsp;<\/p>\n<p><img loading=\"lazy\" decoding=\"async\" class=\"aligncenter size-full wp-image-16364\" src=\"http:\/\/www.conselharan.org\/wp-content\/uploads\/2017\/03\/grop-cegva.jpg\" alt=\"grop cegva\" width=\"960\" height=\"736\" srcset=\"https:\/\/www.conselharan.org\/wp-content\/uploads\/2017\/03\/grop-cegva.jpg 960w, https:\/\/www.conselharan.org\/wp-content\/uploads\/2017\/03\/grop-cegva-300x230.jpg 300w, https:\/\/www.conselharan.org\/wp-content\/uploads\/2017\/03\/grop-cegva-768x589.jpg 768w\" sizes=\"(max-width: 960px) 100vw, 960px\" \/><\/p>\n<p>&nbsp;<\/p>\n<p>El pasado fin de semana, 11 y 12 de marzo, se celebr\u00f3 el Campeonato de Catalu\u00f1a Open y Copa Vielha de patinaje sobre hielo. Campeonato abierto s\u00f3lo a las categor\u00edas nacionales o internacionales de clubs pertenecientes a la FEDH.<\/p>\n<p>&nbsp;<\/p>\n<p><img loading=\"lazy\" decoding=\"async\" class=\"aligncenter size-full wp-image-16366\" src=\"http:\/\/www.conselharan.org\/wp-content\/uploads\/2017\/03\/cegva.jpeg\" alt=\"cegva\" width=\"640\" height=\"480\" srcset=\"https:\/\/www.conselharan.org\/wp-content\/uploads\/2017\/03\/cegva.jpeg 640w, https:\/\/www.conselharan.org\/wp-content\/uploads\/2017\/03\/cegva-300x225.jpeg 300w\" sizes=\"(max-width: 640px) 100vw, 640px\" \/><\/p>\n<p>&nbsp;<\/p>\n<p>La prueba, organizada por el Club Esp\u00f2rts de G\u00e8u Val d\u2019Aran (<strong>CEGVA<\/strong>) era puntuable para la 26\u00aa Liga Catalana de Patinaje art\u00edstico sobre hielo.<\/p>\n<p>125 patinadores de todos los clubs de Espa\u00f1a y Andorra formaron parte de esta competici\u00f3n.<\/p>\n<p>&nbsp;<\/p>\n<p><img loading=\"lazy\" decoding=\"async\" class=\"aligncenter size-large wp-image-16368\" src=\"http:\/\/www.conselharan.org\/wp-content\/uploads\/2017\/03\/patinadores-cegva-1024x575.jpg\" alt=\"patinadores cegva\" width=\"1024\" height=\"575\" srcset=\"https:\/\/www.conselharan.org\/wp-content\/uploads\/2017\/03\/patinadores-cegva-1024x575.jpg 1024w, https:\/\/www.conselharan.org\/wp-content\/uploads\/2017\/03\/patinadores-cegva-300x168.jpg 300w, https:\/\/www.conselharan.org\/wp-content\/uploads\/2017\/03\/patinadores-cegva-768x431.jpg 768w, https:\/\/www.conselharan.org\/wp-content\/uploads\/2017\/03\/patinadores-cegva.jpg 1600w\" sizes=\"(max-width: 1024px) 100vw, 1024px\" \/><\/p>\n<p>El club aran\u00e9s presentaba a 9 patinadoras:<strong> Irene Ar\u00eds, Claudia Capdevila, Sara Monteagudo, Luc\u00eda Sanchez, Naia Espa\u00f1a, Georgina Serrallach, Noa Villacampa, Griselda Serrallach <\/strong>e<strong> Iria Espa\u00f1a<\/strong>, obteniendo un total 7 podios.<\/p>\n<p>&nbsp;<\/p>\n<p><img loading=\"lazy\" decoding=\"async\" class=\"aligncenter size-full wp-image-16367\" src=\"http:\/\/www.conselharan.org\/wp-content\/uploads\/2017\/03\/naia-espa\u00f1a-cegva.jpg\" alt=\"naia espa\u00f1a cegva\" width=\"960\" height=\"720\" srcset=\"https:\/\/www.conselharan.org\/wp-content\/uploads\/2017\/03\/naia-espa\u00f1a-cegva.jpg 960w, https:\/\/www.conselharan.org\/wp-content\/uploads\/2017\/03\/naia-espa\u00f1a-cegva-300x225.jpg 300w, https:\/\/www.conselharan.org\/wp-content\/uploads\/2017\/03\/naia-espa\u00f1a-cegva-768x576.jpg 768w\" sizes=\"(max-width: 960px) 100vw, 960px\" \/><\/p>\n<p>&nbsp;<\/p>\n<p>En la categor\u00eda <em>DEBS<\/em> la aranesa, <strong>Naia Espa\u00f1a<\/strong>, se proclam\u00f3 campeona tanto de la Copa Vielha c\u00f3mo del Campeonato de Catalu\u00f1a.<\/p>\n<p>&nbsp;<\/p>\n<p><img loading=\"lazy\" decoding=\"async\" class=\"aligncenter size-large wp-image-16365\" src=\"http:\/\/www.conselharan.org\/wp-content\/uploads\/2017\/03\/aina-masip-cegva-1024x768.jpg\" alt=\"aina masip-cegva\" width=\"1024\" height=\"768\" srcset=\"https:\/\/www.conselharan.org\/wp-content\/uploads\/2017\/03\/aina-masip-cegva-1024x768.jpg 1024w, https:\/\/www.conselharan.org\/wp-content\/uploads\/2017\/03\/aina-masip-cegva-300x225.jpg 300w, https:\/\/www.conselharan.org\/wp-content\/uploads\/2017\/03\/aina-masip-cegva-768x576.jpg 768w, https:\/\/www.conselharan.org\/wp-content\/uploads\/2017\/03\/aina-masip-cegva.jpg 2048w\" sizes=\"(max-width: 1024px) 100vw, 1024px\" \/><\/p>\n<p>&nbsp;<\/p>\n<p>Por su parte, la tambi\u00e9n aranesa, <strong>Aina Masip<\/strong>, en categor\u00eda <em>Basic Novice B<\/em> obtuvo la segunda plaza en la Copa Vielha y se proclam\u00f3 campeona de Catalu\u00f1a Open de su categor\u00eda. En la 2\u00aa categor\u00eda, <strong>Georgina Serrallach<\/strong>, qued\u00f3 tercera en la Copa Vielha y subcampeona de Catalu\u00f1a, y la tercera plaza se la llev\u00f3 la aranesa, <strong>Iria Espa\u00f1a<\/strong>.<\/p>\n<p>&nbsp;<\/p>\n<p>&nbsp;<\/p>\n<p>&nbsp;<\/p>\n<p>&nbsp;<\/p>\n<p>&nbsp;<\/p>\n<p>Vielha, 14 de marzo de 2017<\/p>\n<p>&nbsp;<\/p>\n<p><em>Conselh Generau d&#8217;Aran: N\u00faria Sanjuan<\/em><\/p>\n<p><em>Fuente y fotos: CEGVA\u00a0<\/em><\/p>\n ","protected":false},"excerpt":{"rendered":"<p>\u2022 7 podios para el CEGVA en el Campeonato de Catalu\u00f1a Open y en la Copa Vielha de patinaje sobre hielo. &nbsp; &nbsp; El pasado fin de semana, 11 y 12 de marzo, se celebr\u00f3 el Campeonato de Catalu\u00f1a Open y Copa Vielha de patinaje sobre hielo. Campeonato abierto s\u00f3lo a las categor\u00edas nacionales o&#8230;<\/p>\n","protected":false},"author":2,"featured_media":16365,"comment_status":"closed","ping_status":"closed","sticky":false,"template":"","format":"standard","meta":{"footnotes":""},"categories":[135],"tags":[],"_links":{"self":[{"href":"https:\/\/www.conselharan.org\/es\/wp-json\/wp\/v2\/posts\/16374"}],"collection":[{"href":"https:\/\/www.conselharan.org\/es\/wp-json\/wp\/v2\/posts"}],"about":[{"href":"https:\/\/www.conselharan.org\/es\/wp-json\/wp\/v2\/types\/post"}],"author":[{"embeddable":true,"href":"https:\/\/www.conselharan.org\/es\/wp-json\/wp\/v2\/users\/2"}],"replies":[{"embeddable":true,"href":"https:\/\/www.conselharan.org\/es\/wp-json\/wp\/v2\/comments?post=16374"}],"version-history":[{"count":1,"href":"https:\/\/www.conselharan.org\/es\/wp-json\/wp\/v2\/posts\/16374\/revisions"}],"predecessor-version":[{"id":16375,"href":"https:\/\/www.conselharan.org\/es\/wp-json\/wp\/v2\/posts\/16374\/revisions\/16375"}],"wp:featuredmedia":[{"embeddable":true,"href":"https:\/\/www.conselharan.org\/es\/wp-json\/wp\/v2\/media\/16365"}],"wp:attachment":[{"href":"https:\/\/www.conselharan.org\/es\/wp-json\/wp\/v2\/media?parent=16374"}],"wp:term":[{"taxonomy":"category","embeddable":true,"href":"https:\/\/www.conselharan.org\/es\/wp-json\/wp\/v2\/categories?post=16374"},{"taxonomy":"post_tag","embeddable":true,"href":"https:\/\/www.conselharan.org\/es\/wp-json\/wp\/v2\/tags?post=16374"}],"curies":[{"name":"wp","href":"https:\/\/api.w.org\/{rel}","templated":true}]}}