{"id":16382,"date":"2017-03-14T16:04:45","date_gmt":"2017-03-14T15:04:45","guid":{"rendered":"http:\/\/www.conselharan.org\/es\/?p=16382"},"modified":"2017-03-15T14:16:33","modified_gmt":"2017-03-15T13:16:33","slug":"ayudas-para-los-estudiantes-universitariosas-para-el-curso-20162017","status":"publish","type":"post","link":"https:\/\/www.conselharan.org\/es\/ayudas-para-los-estudiantes-universitariosas-para-el-curso-20162017\/","title":{"rendered":"Ayudas para los estudiantes universitarios\/as para el curso 2016\/2017"},"content":{"rendered":"<ul>\n<li><strong>Para que ning\u00fan joven de la Val d\u2019Aran se quede sin poder participar en esta convocatoria, la Oficina de Juventud del Conselh Generau d\u2019Aran facilitar\u00e1 la tramitaci\u00f3n de la documentaci\u00f3n de esta l\u00ednea de ayuda.<\/strong><\/li>\n<\/ul>\n<ul>\n<li><strong>Para solicitar esta ayuda se pueden dirigir a la Oficina de Juventud con cita previa, situada en la Calle Mayor 36, en horario de atenci\u00f3n al p\u00fablico: de lunes a viernes de 08h00 a 15h00. Tel\u00e9fono: 973642560.<\/strong><\/li>\n<\/ul>\n<ul>\n<li><strong>El plazo para presentar las solicitudes ser\u00e1 hasta el pr\u00f3ximo d\u00eda 12 de abril de 2017.<\/strong><\/li>\n<\/ul>\n<p>&nbsp;<\/p>\n<p><img loading=\"lazy\" decoding=\"async\" class=\"aligncenter size-full wp-image-16378\" src=\"http:\/\/www.conselharan.org\/wp-content\/uploads\/2017\/03\/pencils.jpg\" alt=\"pencils\" width=\"676\" height=\"439\" srcset=\"https:\/\/www.conselharan.org\/wp-content\/uploads\/2017\/03\/pencils.jpg 676w, https:\/\/www.conselharan.org\/wp-content\/uploads\/2017\/03\/pencils-300x195.jpg 300w\" sizes=\"(max-width: 676px) 100vw, 676px\" \/><\/p>\n<p>&nbsp;<\/p>\n<p>El Conselh Generau d\u2019Aran, mediante la Oficina de Juventud, <strong>apoyar\u00e1<\/strong> la convocatoria de las ayudas para los estudiantes universitarios de los territorios de Aran y del Alt Pirineo (APA).<\/p>\n<p>Estas ayudas se conceder\u00e1n para la movilidad, esta movilidad se comprende como desplazamiento y alojamiento fuera de la comarca donde se tiene la residencia familiar.<\/p>\n<p>Pueden ser beneficiarios los estudiantes que cumplan los siguientes requisitos:<\/p>\n<p><span style=\"text-decoration: underline;\"><strong>Requisitos generales:<\/strong><\/span><\/p>\n<p>1. Tener la nacionalidad espa\u00f1ola o de alg\u00fan estado miembro de la Uni\u00f3n Europea. En caso de los estudiantes extranjeros no comunitarios han de acreditar su condici\u00f3n de residentes.<\/p>\n<p>2. Residir en una de las siete comarcas: Aran, Alt Urgell, Alta Ribagor\u00e7a, Cerdanya, Pallars Juss\u00e0, Pallars Sobir\u00e0 y Solson\u00e8s, como m\u00ednimo des del 1 de enero de 2014.<\/p>\n<p><span style=\"text-decoration: underline;\"><strong>Requisitos acad\u00e9micos:<\/strong><\/span><\/p>\n<p>1. Estar inscrito en una universidad del sistema universitario catal\u00e1n el <strong>curso 2016-2017<\/strong> en unos estudios encaminados a la obtenci\u00f3n de un t\u00edtulo oficial de grado, licenciatura, ingenier\u00eda, arquitectura, diplomatura o ense\u00f1anzas universitarias t\u00e9cnicos.<\/p>\n<p>2. Estar inscrito en unos estudios que se impartan de manera presencial.<\/p>\n<p>3. En los estudios de grado, estar inscrito o inscrita en el curso actual de 60 cr\u00e9ditos, en el caso de inscripci\u00f3n para el curso completo, o de 30 cr\u00e9ditos, en los casos de inscripci\u00f3n semestral, por cada semestre. En el caso de inscribirse en un n\u00famero inferior de cr\u00e9ditos, se debe aportar una acreditaci\u00f3n del centro que justifique que se ha inscrito del n\u00famero m\u00e1ximo de cr\u00e9ditos de acuerdo con la organizaci\u00f3n administrativa del centro. No se pueden acoger a esta opci\u00f3n los alumnos que, debido a su rendimiento acad\u00e9mico en los cursos anteriores, no se hayan podido inscribir en el n\u00famero de cr\u00e9ditos previstos.<\/p>\n<p>4. Haber superado el 80% de los cr\u00e9ditos inscritos en el curso anterior o en el \u00faltimo curso efectuado en las ense\u00f1anzas no t\u00e9cnicas (ramas de conocimiento de artes y humanidades, ciencias, ciencias de la salud y ciencias sociales y jur\u00eddicas) y el 60%, en caso de las ense\u00f1anzas t\u00e9cnicas (ramas de conocimiento de ingenier\u00eda y arquitectura), s\u00f3lo en caso de las personas solicitantes que no inician por primera vez estudios universitarios el curso 2016-2017).<\/p>\n<p>5. Permanecen excluidos de esta convocatoria las personas que tengan alguna titulaci\u00f3n universitaria superior y las personas que tengan la independencia familiar y econ\u00f3mica de su unidad familiar.<\/p>\n<p><span style=\"text-decoration: underline;\"><strong>Requisitos econ\u00f3micos:<\/strong><\/span><\/p>\n<p>No se debe sobrepasar los l\u00edmites de renta familiar disponible y de patrimonio establecido.<\/p>\n<p>El importe m\u00e1ximo por cada ayuda ser\u00e1 2.000 euros.<\/p>\n<p><span style=\"text-decoration: underline;\"><strong>Solicitudes y documentaci\u00f3n:<\/strong><\/span><\/p>\n<p>La solicitud se tiene que completar mediante el formulario accesible v\u00eda Internet a trav\u00e9s de la sede electr\u00f3nica de la Generalitat de Catalu\u00f1a.<\/p>\n<p>Documentaci\u00f3n adjunta:<\/p>\n<p>&#8211; Fotocopia del documento nacional de identidad del\/ de la solicitante y de todos los miembros computables de la unidad familiar mayores de 14 a\u00f1os.<\/p>\n<p>&#8211; N\u00famero de la cuenta bancaria de la persona solicitante.<\/p>\n<p>&#8211; Certificado municipal de convivencia donde consta la fecha de inscripci\u00f3n en el padr\u00f3n de la persona solicitante en un municipio de las comarcas mencionadas, al menos des del 1 de enero de 2014. En el caso que las personas se hayan empadronado posteriormente al 1 de enero de 2014, adem\u00e1s del certificado de convivencia donde consta la fecha de alta del padr\u00f3n municipal de toda la unidad familiar, hay que presentar la documentaci\u00f3n acreditativa del centro de estudios donde la persona solicitante ha estudiado el curso 2014-2015 y\/o cualquier otra documentaci\u00f3n que sea acreditativa de esta circunstancia.<\/p>\n<p>&#8211; Fotocopia del impreso de la matr\u00edcula universitaria correspondiente al curso 2016-2017 con la acreditaci\u00f3n que se ha hecho efectivo el pago. Si se ha optado por matr\u00edcula semestral, hay que presentar la de los dos semestres.<\/p>\n<p>&#8211; Fotocopia del impreso de la matr\u00edcula universitaria correspondiente al curso 2015-2016. Si se ha optado por matr\u00edcula semestral, hay que presentar la de los dos semestres (<span style=\"text-decoration: underline;\">s\u00f3lo en el caso de las personas solicitantes que no inician por primera vez estudios universitarios el curso 2016-2017).<\/span><\/p>\n<p>&#8211; Certificaci\u00f3n acad\u00e9mica completa, donde constan las asignaturas y la convocatoria en que se han obtenido,<span style=\"text-decoration: underline;\"> en el caso de las personas solicitantes que no cursan por primera vez estudios universitarios.<\/span> En esta certificaci\u00f3n tambi\u00e9n tiene que constar, de manera clara, el total de cr\u00e9ditos matriculados y el total de cr\u00e9ditos aprobados en el curso acad\u00e9mico 2015-2016.<\/p>\n<p>&#8211; En el caso de las personas solicitantes que cursan por primera vez estudios universitarios nota PAU.<\/p>\n<p>&#8211; En los casos que el estudiante no se haya matriculado de la cantidad de cr\u00e9ditos exigidos por la convocatoria, hay que justificar que se ha matriculado del n\u00famero m\u00e1ximo de cr\u00e9ditos de acuerdo con la organizaci\u00f3n administrativa del centro o el motivo de finalizar los estudios.<\/p>\n<p>Para que ning\u00fan joven de la Val d\u2019Aran se quede sin poder participar en esta convocatoria, la Oficina de Juventud del Conselh Generau d\u2019Aran facilitar\u00e1 la tramitaci\u00f3n de la documentaci\u00f3n de esta l\u00ednea de ayuda.<\/p>\n<p>Para solicitar esta ayuda se pueden dirigir a la Oficina de Juventud <span style=\"text-decoration: underline;\"><strong>con cita previa<\/strong><\/span>, situada en la Calle Mayor 36, en horario de atenci\u00f3n al p\u00fablico: de lunes a viernes de 08h00 a 15h00. Tel\u00e9fono: 973642560.<\/p>\n<p><strong>El plazo para presentar las solicitudes ser\u00e1 hasta el d\u00eda 12 de abril de 2017.<\/strong><\/p>\n<p>&nbsp;<\/p>\n<p>&nbsp;<\/p>\n<p>&nbsp;<\/p>\n<p>&nbsp;<\/p>\n<p>Vielha, 14 de marzo de 2017<\/p>\n<p>&nbsp;<\/p>\n<p><em>Conselh Generau d&#8217;Aran: N\u00faria Sanjuan<\/em><\/p>\n ","protected":false},"excerpt":{"rendered":"<p>Para que ning\u00fan joven de la Val d\u2019Aran se quede sin poder participar en esta convocatoria, la Oficina de Juventud del Conselh Generau d\u2019Aran facilitar\u00e1 la tramitaci\u00f3n de la documentaci\u00f3n de esta l\u00ednea de ayuda. Para solicitar esta ayuda se pueden dirigir a la Oficina de Juventud con cita previa, situada en la Calle Mayor&#8230;<\/p>\n","protected":false},"author":2,"featured_media":16378,"comment_status":"closed","ping_status":"closed","sticky":false,"template":"","format":"standard","meta":{"footnotes":""},"categories":[52],"tags":[],"_links":{"self":[{"href":"https:\/\/www.conselharan.org\/es\/wp-json\/wp\/v2\/posts\/16382"}],"collection":[{"href":"https:\/\/www.conselharan.org\/es\/wp-json\/wp\/v2\/posts"}],"about":[{"href":"https:\/\/www.conselharan.org\/es\/wp-json\/wp\/v2\/types\/post"}],"author":[{"embeddable":true,"href":"https:\/\/www.conselharan.org\/es\/wp-json\/wp\/v2\/users\/2"}],"replies":[{"embeddable":true,"href":"https:\/\/www.conselharan.org\/es\/wp-json\/wp\/v2\/comments?post=16382"}],"version-history":[{"count":1,"href":"https:\/\/www.conselharan.org\/es\/wp-json\/wp\/v2\/posts\/16382\/revisions"}],"predecessor-version":[{"id":16383,"href":"https:\/\/www.conselharan.org\/es\/wp-json\/wp\/v2\/posts\/16382\/revisions\/16383"}],"wp:featuredmedia":[{"embeddable":true,"href":"https:\/\/www.conselharan.org\/es\/wp-json\/wp\/v2\/media\/16378"}],"wp:attachment":[{"href":"https:\/\/www.conselharan.org\/es\/wp-json\/wp\/v2\/media?parent=16382"}],"wp:term":[{"taxonomy":"category","embeddable":true,"href":"https:\/\/www.conselharan.org\/es\/wp-json\/wp\/v2\/categories?post=16382"},{"taxonomy":"post_tag","embeddable":true,"href":"https:\/\/www.conselharan.org\/es\/wp-json\/wp\/v2\/tags?post=16382"}],"curies":[{"name":"wp","href":"https:\/\/api.w.org\/{rel}","templated":true}]}}