{"id":16406,"date":"2017-03-15T13:30:19","date_gmt":"2017-03-15T12:30:19","guid":{"rendered":"http:\/\/www.conselharan.org\/es\/?p=16406"},"modified":"2017-03-15T13:30:19","modified_gmt":"2017-03-15T12:30:19","slug":"jornada-de-practicas-de-rescates-de-aludes-del-grm-val-daran-en-beret","status":"publish","type":"post","link":"https:\/\/www.conselharan.org\/es\/jornada-de-practicas-de-rescates-de-aludes-del-grm-val-daran-en-beret\/","title":{"rendered":"Jornada de pr\u00e1cticas de rescates de aludes del GRM Val d\u2019Aran en Beret \u00a0"},"content":{"rendered":"<p>El GRM (Grupo de Rescate de Monta\u00f1a) Val d\u2019Aran, efectu\u00f3 una jornada de formaci\u00f3n y pr\u00e1ctica de rescate de aludes en monta\u00f1a.<\/p>\n<p>Durante la sesi\u00f3n, se explic\u00f3 el nuevo esquema de gesti\u00f3n del servicio de emergencias, prevenci\u00f3n y extinci\u00f3n de incendios, rescates de monta\u00f1a y protecci\u00f3n civil, de integraci\u00f3n de los servicios de emergencias y Pompi\u00e8rs del Conselh Generau d\u2019Aran.<\/p>\n<p><a href=\"http:\/\/www.conselharan.org\/wp-content\/uploads\/2017\/03\/JORNADA-PRACTIQUES1.jpg\"><img loading=\"lazy\" decoding=\"async\" class=\"aligncenter size-full wp-image-16401\" src=\"http:\/\/www.conselharan.org\/wp-content\/uploads\/2017\/03\/JORNADA-PRACTIQUES1.jpg\" alt=\"JORNADA PRACTIQUES1\" width=\"960\" height=\"720\" srcset=\"https:\/\/www.conselharan.org\/wp-content\/uploads\/2017\/03\/JORNADA-PRACTIQUES1.jpg 960w, https:\/\/www.conselharan.org\/wp-content\/uploads\/2017\/03\/JORNADA-PRACTIQUES1-300x225.jpg 300w, https:\/\/www.conselharan.org\/wp-content\/uploads\/2017\/03\/JORNADA-PRACTIQUES1-768x576.jpg 768w\" sizes=\"(max-width: 960px) 100vw, 960px\" \/><\/a><\/p>\n<p>Posteriormente se llev\u00f3 a cabo la sesi\u00f3n pr\u00e1ctica, en la que \u00a0participaron unidades del GRM Pompi\u00e8rs d\u2019Aran, Centro de Prediccion de Lauegi dera Val d\u2019Aran, pisters de Baqueira-Beret, agentes de Mossos d\u2019Esquadra, agentes Rurales, agentes Forestales, Gu\u00edas de Monta\u00f1a, agentes de la Gendarmerie francesa y de la Ertaintza.<\/p>\n<p>La jornada consisti\u00f3 en la coordinaci\u00f3n de los diferentes grupos que act\u00faan en un escenario de m\u00faltiples v\u00edctimas en caso de alud, de la transferencia de informaci\u00f3n y de las diferentes fases del rescate: aviso del accidente, actuaci\u00f3n del operativo, b\u00fasqueda, rescate organizado y tratamiento de las posibles v\u00edctimas.<\/p>\n<p>Finalmente la sesi\u00f3n cerr\u00f3 con la pr\u00e1ctica de un rescate sobre el terreno.<\/p>\n<p><a href=\"http:\/\/www.conselharan.org\/wp-content\/uploads\/2017\/03\/JORNADA-PRACTIQUES.jpg\"><img loading=\"lazy\" decoding=\"async\" class=\"aligncenter size-large wp-image-16402\" src=\"http:\/\/www.conselharan.org\/wp-content\/uploads\/2017\/03\/JORNADA-PRACTIQUES-1024x576.jpg\" alt=\"JORNADA PRACTIQUES\" width=\"1024\" height=\"576\" srcset=\"https:\/\/www.conselharan.org\/wp-content\/uploads\/2017\/03\/JORNADA-PRACTIQUES-1024x576.jpg 1024w, https:\/\/www.conselharan.org\/wp-content\/uploads\/2017\/03\/JORNADA-PRACTIQUES-300x169.jpg 300w, https:\/\/www.conselharan.org\/wp-content\/uploads\/2017\/03\/JORNADA-PRACTIQUES-768x432.jpg 768w, https:\/\/www.conselharan.org\/wp-content\/uploads\/2017\/03\/JORNADA-PRACTIQUES.jpg 1280w\" sizes=\"(max-width: 1024px) 100vw, 1024px\" \/><\/a> <a href=\"http:\/\/www.conselharan.org\/wp-content\/uploads\/2017\/03\/JORNADA-PRACTIQUES2.jpg\"><img loading=\"lazy\" decoding=\"async\" class=\"aligncenter size-full wp-image-16400\" src=\"http:\/\/www.conselharan.org\/wp-content\/uploads\/2017\/03\/JORNADA-PRACTIQUES2.jpg\" alt=\"JORNADA PRACTIQUES2\" width=\"960\" height=\"720\" srcset=\"https:\/\/www.conselharan.org\/wp-content\/uploads\/2017\/03\/JORNADA-PRACTIQUES2.jpg 960w, https:\/\/www.conselharan.org\/wp-content\/uploads\/2017\/03\/JORNADA-PRACTIQUES2-300x225.jpg 300w, https:\/\/www.conselharan.org\/wp-content\/uploads\/2017\/03\/JORNADA-PRACTIQUES2-768x576.jpg 768w\" sizes=\"(max-width: 960px) 100vw, 960px\" \/><\/a> <a href=\"http:\/\/www.conselharan.org\/wp-content\/uploads\/2017\/03\/Image.jpg\"><img loading=\"lazy\" decoding=\"async\" class=\"aligncenter size-large wp-image-16403\" src=\"http:\/\/www.conselharan.org\/wp-content\/uploads\/2017\/03\/Image-576x1024.jpg\" alt=\"Image\" width=\"576\" height=\"1024\" srcset=\"https:\/\/www.conselharan.org\/wp-content\/uploads\/2017\/03\/Image-576x1024.jpg 576w, https:\/\/www.conselharan.org\/wp-content\/uploads\/2017\/03\/Image-169x300.jpg 169w, https:\/\/www.conselharan.org\/wp-content\/uploads\/2017\/03\/Image.jpg 747w\" sizes=\"(max-width: 576px) 100vw, 576px\" \/><\/a><\/p>\n ","protected":false},"excerpt":{"rendered":"<p>El GRM (Grupo de Rescate de Monta\u00f1a) Val d\u2019Aran, efectu\u00f3 una jornada de formaci\u00f3n y pr\u00e1ctica de rescate de aludes en monta\u00f1a. Durante la sesi\u00f3n, se explic\u00f3 el nuevo esquema de gesti\u00f3n del servicio de emergencias, prevenci\u00f3n y extinci\u00f3n de incendios, rescates de monta\u00f1a y protecci\u00f3n civil, de integraci\u00f3n de los servicios de emergencias y&#8230;<\/p>\n","protected":false},"author":2,"featured_media":16403,"comment_status":"closed","ping_status":"closed","sticky":false,"template":"","format":"standard","meta":{"footnotes":""},"categories":[34,37],"tags":[],"_links":{"self":[{"href":"https:\/\/www.conselharan.org\/es\/wp-json\/wp\/v2\/posts\/16406"}],"collection":[{"href":"https:\/\/www.conselharan.org\/es\/wp-json\/wp\/v2\/posts"}],"about":[{"href":"https:\/\/www.conselharan.org\/es\/wp-json\/wp\/v2\/types\/post"}],"author":[{"embeddable":true,"href":"https:\/\/www.conselharan.org\/es\/wp-json\/wp\/v2\/users\/2"}],"replies":[{"embeddable":true,"href":"https:\/\/www.conselharan.org\/es\/wp-json\/wp\/v2\/comments?post=16406"}],"version-history":[{"count":1,"href":"https:\/\/www.conselharan.org\/es\/wp-json\/wp\/v2\/posts\/16406\/revisions"}],"predecessor-version":[{"id":16407,"href":"https:\/\/www.conselharan.org\/es\/wp-json\/wp\/v2\/posts\/16406\/revisions\/16407"}],"wp:featuredmedia":[{"embeddable":true,"href":"https:\/\/www.conselharan.org\/es\/wp-json\/wp\/v2\/media\/16403"}],"wp:attachment":[{"href":"https:\/\/www.conselharan.org\/es\/wp-json\/wp\/v2\/media?parent=16406"}],"wp:term":[{"taxonomy":"category","embeddable":true,"href":"https:\/\/www.conselharan.org\/es\/wp-json\/wp\/v2\/categories?post=16406"},{"taxonomy":"post_tag","embeddable":true,"href":"https:\/\/www.conselharan.org\/es\/wp-json\/wp\/v2\/tags?post=16406"}],"curies":[{"name":"wp","href":"https:\/\/api.w.org\/{rel}","templated":true}]}}