{"id":16427,"date":"2017-03-15T15:34:08","date_gmt":"2017-03-15T14:34:08","guid":{"rendered":"http:\/\/www.conselharan.org\/es\/?p=16427"},"modified":"2017-03-15T15:34:08","modified_gmt":"2017-03-15T14:34:08","slug":"oriol-filella-y-guilhem-berini-1o-y-3o-en-la-final-de-snowboard-de-eldorado-freeride-junior","status":"publish","type":"post","link":"https:\/\/www.conselharan.org\/es\/oriol-filella-y-guilhem-berini-1o-y-3o-en-la-final-de-snowboard-de-eldorado-freeride-junior\/","title":{"rendered":"Oriol Filella y Guilhem Berini 1\u00ba y 3\u00ba en la final de snowboard de ELDORADO Freeride Junior"},"content":{"rendered":"<p><img loading=\"lazy\" decoding=\"async\" class=\"aligncenter size-large wp-image-16423\" src=\"http:\/\/www.conselharan.org\/wp-content\/uploads\/2017\/03\/Oriol-Filella-1024x683.jpg\" alt=\"Oriol Filella\" width=\"1024\" height=\"683\" srcset=\"https:\/\/www.conselharan.org\/wp-content\/uploads\/2017\/03\/Oriol-Filella-1024x683.jpg 1024w, https:\/\/www.conselharan.org\/wp-content\/uploads\/2017\/03\/Oriol-Filella-300x200.jpg 300w, https:\/\/www.conselharan.org\/wp-content\/uploads\/2017\/03\/Oriol-Filella-768x512.jpg 768w, https:\/\/www.conselharan.org\/wp-content\/uploads\/2017\/03\/Oriol-Filella.jpg 2048w\" sizes=\"(max-width: 1024px) 100vw, 1024px\" \/><br \/>\nCon la tercera posici\u00f3n del pasado fin de semana en la estaci\u00f3n de Bo\u00ed Ta\u00fcll en la que era la cuarta y \u00faltima prueba, <strong>Oriol Filella<\/strong> se proclam\u00f3 campe\u00f3n del circuito y <strong>Guilhem Berini<\/strong> lo acompa\u00f1\u00f3 en el tercer caj\u00f3n del p\u00f3dium de la general. Esta competici\u00f3n fue organizada por Eldorado Freeride Junior y forma parte del Freeride World Tour Junior en Espa\u00f1a.<\/p>\n<p>La organizaci\u00f3n anticip\u00f3 la disputa de la final al s\u00e1bado, 11 de marzo, por previsi\u00f3n de cambios meteorol\u00f3gicos para el domingo.<\/p>\n<p>El s\u00e1bado amaneci\u00f3 con un sol radiante, que facilit\u00f3 realizar las rondas durante todo el d\u00eda en perfectas condiciones de visibilidad y relieve.<\/p>\n<p>El sector de rocas albergaba unas condiciones de nieve dura y encostrada a primera hora y de nieve transformada a mediod\u00eda, que promet\u00edan ser muy exigentes para los riders durante la competici\u00f3n.<\/p>\n<p>Los 3 riders j\u00fanior de la secci\u00f3n de Snowboard realizaron buenas l\u00edneas en su cuarta participaci\u00f3n en una prueba de Eldorado Freeride Junior.<\/p>\n<p>Oriol Filella encaden\u00f3 una l\u00ednea con fluidez, control y velocidad, incluyendo 3 drops en diferentes rocas del sector, con la que roz\u00f3 el primer puesto del caj\u00f3n del p\u00f3dium de no ser porque puso una mano en una de las recepciones que le rest\u00f3 varios puntos.<\/p>\n<p>&nbsp;<\/p>\n<p><span style=\"text-decoration: underline;\"><strong>Ranking final Eldorado Freeride Junior en Espa\u00f1a 2016\/17<\/strong><\/span><\/p>\n<p><strong>Categoria Snowboard Masculino:<\/strong><\/p>\n<p>1\u00ba Oriol Filella.<br \/>\n3\u00ba Guilhem Berini.<\/p>\n<p>&nbsp;<\/p>\n<p>&nbsp;<\/p>\n<p>&nbsp;<\/p>\n<p>&nbsp;<\/p>\n<p>Vielha, 15 de marzo de 2017<\/p>\n<p>&nbsp;<\/p>\n<p><em>Conselh Generau d&#8217;Aran: N\u00faria Sanjuan<\/em><\/p>\n<p><em>Fuente y fotos: CAEI<\/em><\/p>\n ","protected":false},"excerpt":{"rendered":"<p>Con la tercera posici\u00f3n del pasado fin de semana en la estaci\u00f3n de Bo\u00ed Ta\u00fcll en la que era la cuarta y \u00faltima prueba, Oriol Filella se proclam\u00f3 campe\u00f3n del circuito y Guilhem Berini lo acompa\u00f1\u00f3 en el tercer caj\u00f3n del p\u00f3dium de la general. Esta competici\u00f3n fue organizada por Eldorado Freeride Junior y forma&#8230;<\/p>\n","protected":false},"author":2,"featured_media":16423,"comment_status":"closed","ping_status":"closed","sticky":false,"template":"","format":"standard","meta":{"footnotes":""},"categories":[135],"tags":[],"_links":{"self":[{"href":"https:\/\/www.conselharan.org\/es\/wp-json\/wp\/v2\/posts\/16427"}],"collection":[{"href":"https:\/\/www.conselharan.org\/es\/wp-json\/wp\/v2\/posts"}],"about":[{"href":"https:\/\/www.conselharan.org\/es\/wp-json\/wp\/v2\/types\/post"}],"author":[{"embeddable":true,"href":"https:\/\/www.conselharan.org\/es\/wp-json\/wp\/v2\/users\/2"}],"replies":[{"embeddable":true,"href":"https:\/\/www.conselharan.org\/es\/wp-json\/wp\/v2\/comments?post=16427"}],"version-history":[{"count":1,"href":"https:\/\/www.conselharan.org\/es\/wp-json\/wp\/v2\/posts\/16427\/revisions"}],"predecessor-version":[{"id":16428,"href":"https:\/\/www.conselharan.org\/es\/wp-json\/wp\/v2\/posts\/16427\/revisions\/16428"}],"wp:featuredmedia":[{"embeddable":true,"href":"https:\/\/www.conselharan.org\/es\/wp-json\/wp\/v2\/media\/16423"}],"wp:attachment":[{"href":"https:\/\/www.conselharan.org\/es\/wp-json\/wp\/v2\/media?parent=16427"}],"wp:term":[{"taxonomy":"category","embeddable":true,"href":"https:\/\/www.conselharan.org\/es\/wp-json\/wp\/v2\/categories?post=16427"},{"taxonomy":"post_tag","embeddable":true,"href":"https:\/\/www.conselharan.org\/es\/wp-json\/wp\/v2\/tags?post=16427"}],"curies":[{"name":"wp","href":"https:\/\/api.w.org\/{rel}","templated":true}]}}