{"id":16436,"date":"2017-03-15T17:27:11","date_gmt":"2017-03-15T16:27:11","guid":{"rendered":"http:\/\/www.conselharan.org\/es\/?p=16436"},"modified":"2017-03-15T17:27:11","modified_gmt":"2017-03-15T16:27:11","slug":"podium-completo-del-ceva-en-u14-hombres-y-damas-del-10o-trofeo-fundacion-jesus-serra","status":"publish","type":"post","link":"https:\/\/www.conselharan.org\/es\/podium-completo-del-ceva-en-u14-hombres-y-damas-del-10o-trofeo-fundacion-jesus-serra\/","title":{"rendered":"P\u00f3dium completo del CEVA en U14 Hombres y Damas del 10\u00ba Trofeo Fundaci\u00f3n Jes\u00fas Serra"},"content":{"rendered":"<p>El fin de semana del 11 y 12 de marzo, Baqueira Beret ha sido el escenario del conocido Trofeo Fundaci\u00f3n Jes\u00fas Serra, que este a\u00f1o ha llegado a la 10\u00aa edici\u00f3n.<\/p>\n<p><a href=\"http:\/\/www.conselharan.org\/wp-content\/uploads\/2017\/03\/IMG_5069.jpg\"><img loading=\"lazy\" decoding=\"async\" class=\"aligncenter size-large wp-image-16432\" src=\"http:\/\/www.conselharan.org\/wp-content\/uploads\/2017\/03\/IMG_5069-1024x768.jpg\" alt=\"IMG_5069\" width=\"1024\" height=\"768\" srcset=\"https:\/\/www.conselharan.org\/wp-content\/uploads\/2017\/03\/IMG_5069-1024x768.jpg 1024w, https:\/\/www.conselharan.org\/wp-content\/uploads\/2017\/03\/IMG_5069-300x225.jpg 300w, https:\/\/www.conselharan.org\/wp-content\/uploads\/2017\/03\/IMG_5069-768x576.jpg 768w, https:\/\/www.conselharan.org\/wp-content\/uploads\/2017\/03\/IMG_5069.jpg 1600w\" sizes=\"(max-width: 1024px) 100vw, 1024px\" \/><\/a><\/p>\n<p>Los esquiadores del Club CEVA han obtenido muy buenos resultados en esta 10\u00aa edici\u00f3n destacando el p\u00f3dium completo de Tom\u00e1s Barata, Guillermo Meire y Hugo Soler-Duffo, en U14 Hombres y el de Eugene Brotons, Lina Meier y Catalina Mateo, en U14 Damas.<\/p>\n<p>Cabe destacar adem\u00e1s el <strong>segundo puesto conseguido por Iker Gaztaminza<\/strong> y la <strong>cuarta posici\u00f3n de Ares Rafel<\/strong> en el paralelo disputado el domingo, por lo que al ser corredores menores de 25 a\u00f1os consiguieron una bolsa de estudios que les permitir\u00e1 continuar su formaci\u00f3n mientras siguen en el mundo de la alta competici\u00f3n del esqu\u00ed, la beca es de 2.500\u20ac para Iker Gaztaminza y de 2.000\u20ac para Ares Rafel.<\/p>\n<p><a href=\"http:\/\/www.conselharan.org\/wp-content\/uploads\/2017\/03\/IMG_5080.jpg\"><img loading=\"lazy\" decoding=\"async\" class=\"aligncenter size-full wp-image-16433\" src=\"http:\/\/www.conselharan.org\/wp-content\/uploads\/2017\/03\/IMG_5080.jpg\" alt=\"IMG_5080\" width=\"899\" height=\"892\" srcset=\"https:\/\/www.conselharan.org\/wp-content\/uploads\/2017\/03\/IMG_5080.jpg 899w, https:\/\/www.conselharan.org\/wp-content\/uploads\/2017\/03\/IMG_5080-150x150.jpg 150w, https:\/\/www.conselharan.org\/wp-content\/uploads\/2017\/03\/IMG_5080-300x298.jpg 300w, https:\/\/www.conselharan.org\/wp-content\/uploads\/2017\/03\/IMG_5080-768x762.jpg 768w, https:\/\/www.conselharan.org\/wp-content\/uploads\/2017\/03\/IMG_5080-75x75.jpg 75w\" sizes=\"(max-width: 899px) 100vw, 899px\" \/><\/a><\/p>\n<p><strong>Marc Montes del Club Ceva segundo en la liga catalana U18<\/strong><\/p>\n<p>Despu\u00e9s de las pruebas del Campeonato de Catalunya de Esqu\u00ed Alpino Absoluto que se ha disputado durante el fin de semana en Espot, el corredor del Club CEVA <strong>Marc Montes <\/strong>ha finalizado en la segunda posici\u00f3n de la Lliga Catalana U18.<\/p>\n<p>&nbsp;<\/p>\n<p><strong>Los corredores del CEVA U12 y U10 participan en el XXII Trofeo Pitarroy en Aram\u00f3n Cerler<\/strong><\/p>\n<p>Los corredores del <strong>Club CEVA de las categor\u00edas U10 y U12<\/strong>, tambi\u00e9n obtuvieron buenos resultados en su participaci\u00f3n en la XXII\u00aa edici\u00f3n del Trofeo Pitarroy del circuito de esqu\u00ed alpino Audi quattro Cup disputado este fin de semana en Aram\u00f3n Cerler, en el que se inscribieron hasta 363 participantes. El Trofeo Pitarroy es una carrera referente del esqu\u00ed alpino alev\u00edn a nivel estatal.<\/p>\n<p><a href=\"http:\/\/www.conselharan.org\/wp-content\/uploads\/2017\/03\/file-1.jpeg\"><img loading=\"lazy\" decoding=\"async\" class=\"aligncenter size-large wp-image-16434\" src=\"http:\/\/www.conselharan.org\/wp-content\/uploads\/2017\/03\/file-1-644x1024.jpeg\" alt=\"file-1\" width=\"644\" height=\"1024\" srcset=\"https:\/\/www.conselharan.org\/wp-content\/uploads\/2017\/03\/file-1-644x1024.jpeg 644w, https:\/\/www.conselharan.org\/wp-content\/uploads\/2017\/03\/file-1-189x300.jpeg 189w, https:\/\/www.conselharan.org\/wp-content\/uploads\/2017\/03\/file-1-768x1221.jpeg 768w, https:\/\/www.conselharan.org\/wp-content\/uploads\/2017\/03\/file-1.jpeg 805w\" sizes=\"(max-width: 644px) 100vw, 644px\" \/><\/a><\/p>\n<p><strong>Resultados CEVA s\u00e1bado 11 de marzo.<\/strong><\/p>\n<p>U12 Damas:<\/p>\n<p>Andrea Rodr\u00edguez 12.<\/p>\n<p>U12 Hombres:<\/p>\n<p>Victor Bult\u00f3 4.<\/p>\n<p>Nicol\u00e1s Meire 7.<\/p>\n<p>U10 Damas:<\/p>\n<p>Daisy Brotons 6.<\/p>\n<p>Valeria Meire 7.<\/p>\n<p>U10 Hombres:<\/p>\n<p>Teo Meyer 13.<\/p>\n<p>&nbsp;<\/p>\n<p><strong>Resultados CEVA Domingo 12 de marzo.<\/strong><\/p>\n<p>U12 Hombres:<\/p>\n<p>Victor Bult\u00f3 5.<\/p>\n<p>U10 Damas:<\/p>\n<p>Daisy Brotons 2.<\/p>\n<p>Valeria Meire 5.<\/p>\n<p>&nbsp;<\/p>\n<p><strong>Alexandra Rufin 3a clasificada en Boi Taull y 3a posici\u00f3n de la general de El dorado Freeride Junior<\/strong><\/p>\n<p><a href=\"http:\/\/www.conselharan.org\/wp-content\/uploads\/2017\/03\/879B8E6D-AD91-4C44-BACA-0F2BA578AD43.jpg\"><img loading=\"lazy\" decoding=\"async\" class=\"aligncenter size-large wp-image-16431\" src=\"http:\/\/www.conselharan.org\/wp-content\/uploads\/2017\/03\/879B8E6D-AD91-4C44-BACA-0F2BA578AD43-1024x1024.jpg\" alt=\"879B8E6D-AD91-4C44-BACA-0F2BA578AD43\" width=\"1024\" height=\"1024\" srcset=\"https:\/\/www.conselharan.org\/wp-content\/uploads\/2017\/03\/879B8E6D-AD91-4C44-BACA-0F2BA578AD43-1024x1024.jpg 1024w, https:\/\/www.conselharan.org\/wp-content\/uploads\/2017\/03\/879B8E6D-AD91-4C44-BACA-0F2BA578AD43-150x150.jpg 150w, https:\/\/www.conselharan.org\/wp-content\/uploads\/2017\/03\/879B8E6D-AD91-4C44-BACA-0F2BA578AD43-300x300.jpg 300w, https:\/\/www.conselharan.org\/wp-content\/uploads\/2017\/03\/879B8E6D-AD91-4C44-BACA-0F2BA578AD43-768x768.jpg 768w, https:\/\/www.conselharan.org\/wp-content\/uploads\/2017\/03\/879B8E6D-AD91-4C44-BACA-0F2BA578AD43-270x270.jpg 270w, https:\/\/www.conselharan.org\/wp-content\/uploads\/2017\/03\/879B8E6D-AD91-4C44-BACA-0F2BA578AD43-207x207.jpg 207w, https:\/\/www.conselharan.org\/wp-content\/uploads\/2017\/03\/879B8E6D-AD91-4C44-BACA-0F2BA578AD43-75x75.jpg 75w, https:\/\/www.conselharan.org\/wp-content\/uploads\/2017\/03\/879B8E6D-AD91-4C44-BACA-0F2BA578AD43.jpg 2048w\" sizes=\"(max-width: 1024px) 100vw, 1024px\" \/><\/a><\/p>\n<p><strong>Buena competici\u00f3n de Anna Esteve Bieto del Club CEVA en su estreno en el Campeonato del Mundo Junior FIS de esqu\u00ed Alpino <\/strong><\/p>\n<p>Anna Esteve Bieto del Club CEVA compiti\u00f3 esta pasada semana en el Campeonato del Mundo Junior FIS de esqu\u00ed Alpino celebrado en la estaci\u00f3n sueca de Are.<\/p>\n<p>La corredora del Club CEVA, consigui\u00f3 el puesto 41 en la prueba de descenso, el 47 en el Super Gigante, el puesto 34 en la combinada y un meritorio 28 puesto en ECOM.<\/p>\n<p>&nbsp;<\/p>\n<p>&nbsp;<\/p>\n<p>&nbsp;<\/p>\n<p>&nbsp;<\/p>\n<p>&nbsp;<\/p>\n<p>&nbsp;<\/p>\n ","protected":false},"excerpt":{"rendered":"<p>El fin de semana del 11 y 12 de marzo, Baqueira Beret ha sido el escenario del conocido Trofeo Fundaci\u00f3n Jes\u00fas Serra, que este a\u00f1o ha llegado a la 10\u00aa edici\u00f3n. Los esquiadores del Club CEVA han obtenido muy buenos resultados en esta 10\u00aa edici\u00f3n destacando el p\u00f3dium completo de Tom\u00e1s Barata, Guillermo Meire y&#8230;<\/p>\n","protected":false},"author":2,"featured_media":16432,"comment_status":"closed","ping_status":"closed","sticky":false,"template":"","format":"standard","meta":{"footnotes":""},"categories":[135],"tags":[],"_links":{"self":[{"href":"https:\/\/www.conselharan.org\/es\/wp-json\/wp\/v2\/posts\/16436"}],"collection":[{"href":"https:\/\/www.conselharan.org\/es\/wp-json\/wp\/v2\/posts"}],"about":[{"href":"https:\/\/www.conselharan.org\/es\/wp-json\/wp\/v2\/types\/post"}],"author":[{"embeddable":true,"href":"https:\/\/www.conselharan.org\/es\/wp-json\/wp\/v2\/users\/2"}],"replies":[{"embeddable":true,"href":"https:\/\/www.conselharan.org\/es\/wp-json\/wp\/v2\/comments?post=16436"}],"version-history":[{"count":1,"href":"https:\/\/www.conselharan.org\/es\/wp-json\/wp\/v2\/posts\/16436\/revisions"}],"predecessor-version":[{"id":16437,"href":"https:\/\/www.conselharan.org\/es\/wp-json\/wp\/v2\/posts\/16436\/revisions\/16437"}],"wp:featuredmedia":[{"embeddable":true,"href":"https:\/\/www.conselharan.org\/es\/wp-json\/wp\/v2\/media\/16432"}],"wp:attachment":[{"href":"https:\/\/www.conselharan.org\/es\/wp-json\/wp\/v2\/media?parent=16436"}],"wp:term":[{"taxonomy":"category","embeddable":true,"href":"https:\/\/www.conselharan.org\/es\/wp-json\/wp\/v2\/categories?post=16436"},{"taxonomy":"post_tag","embeddable":true,"href":"https:\/\/www.conselharan.org\/es\/wp-json\/wp\/v2\/tags?post=16436"}],"curies":[{"name":"wp","href":"https:\/\/api.w.org\/{rel}","templated":true}]}}