{"id":16462,"date":"2017-03-16T17:44:51","date_gmt":"2017-03-16T16:44:51","guid":{"rendered":"http:\/\/www.conselharan.org\/es\/?p=16462"},"modified":"2017-03-16T17:44:51","modified_gmt":"2017-03-16T16:44:51","slug":"el-vicesindic-daran-luis-carlos-medina-en-la-presentacion-de-la-world-cup-skimo-2017","status":"publish","type":"post","link":"https:\/\/www.conselharan.org\/es\/el-vicesindic-daran-luis-carlos-medina-en-la-presentacion-de-la-world-cup-skimo-2017\/","title":{"rendered":"El vicesindic d\u2019Aran Lu\u00eds Carlos Medina en la presentaci\u00f3n de la World Cup Skimo 2017"},"content":{"rendered":"<p>Vielha, 16 de marzo de 2017.- El vicesindic d\u2019Aran, <strong>Lu\u00eds Carlos Medina<\/strong>, ha participado este mediod\u00eda en la sede del Centre Excursionista de Catalunya, en la presentaci\u00f3n de la <strong>World Cup Skimo que se disputar\u00e1 los d\u00edas 8 y 9 de abril en Valle de Aran<\/strong>.<\/p>\n<p><a href=\"http:\/\/www.conselharan.org\/wp-content\/uploads\/2017\/03\/file1-2.jpeg\"><img loading=\"lazy\" decoding=\"async\" class=\"aligncenter size-large wp-image-16460\" src=\"http:\/\/www.conselharan.org\/wp-content\/uploads\/2017\/03\/file1-2-1024x576.jpeg\" alt=\"file1\" width=\"1024\" height=\"576\" srcset=\"https:\/\/www.conselharan.org\/wp-content\/uploads\/2017\/03\/file1-2-1024x576.jpeg 1024w, https:\/\/www.conselharan.org\/wp-content\/uploads\/2017\/03\/file1-2-300x169.jpeg 300w, https:\/\/www.conselharan.org\/wp-content\/uploads\/2017\/03\/file1-2-768x432.jpeg 768w, https:\/\/www.conselharan.org\/wp-content\/uploads\/2017\/03\/file1-2.jpeg 2047w\" sizes=\"(max-width: 1024px) 100vw, 1024px\" \/><\/a><\/p>\n<p>La Copa del Mundo de Esqu\u00ed de Monta\u00f1a, contar\u00e1 entre otros con la participaci\u00f3n de <strong>Kilian Jornet<\/strong>.<\/p>\n<p>Durante la presentaci\u00f3n, el vicesindic d\u2019Aran, ha destacado la implicaci\u00f3n del <strong>Conselh<\/strong> <strong>Generau d\u2019Aran<\/strong> como colaborador principal de esta prueba de la Copa del Mundo y la importancia que tiene para el Gov\u00e8rn d\u2019Aran la inclusi\u00f3n del Valle en el calendario de la ISMF World Cup 2017, que representa un paso m\u00e1s para convertir el Valle de Aran en destino de referencia de los deportes de monta\u00f1a de alto nivel internacional.<\/p>\n<p>Medina, aprovech\u00f3 tambi\u00e9n para agradecer la labor que desarrollan los organizadores del evento, el <strong>Club Excursionista de la Val d&#8217;Aran<\/strong>, <strong>Centre Excursionista de Catalunya<\/strong> y todos los voluntarios.<\/p>\n<p>La Val d&#8217;Aran acoger\u00e1 esta prueba de la Copa del Mundo de Esqu\u00ed de Monta\u00f1a los d\u00edas 8 y 9 de abril de 2017. El nombre oficial de la carrera es <strong>Val d\u2019Aran 2017 ISMF World<\/strong> <strong>Cup<\/strong>, y la sede de la organizaci\u00f3n ser\u00e1n las poblaciones de Vielha y Naut Aran.<\/p>\n<p>Los mejores esquiadores y esquiadoras de monta\u00f1a del mundo, con el vigente ganador de la copa, el catal\u00e1n Kilian Jornet, se encontrar\u00e1n en la Val d&#8217;Aran, al que se a\u00f1adir\u00e1n nombres como los de los italianos Michele Boscacci, Roberto Antonioli, el alem\u00e1n Anton P\u00e4lzer, el franc\u00e9s William Bon Mardion, o los catalanes Oriol Cardona y Marc Pinsach, en categor\u00eda masculina.<\/p>\n<p>En la categor\u00eda femenina m\u00e1s all\u00e1 de las catalanas Claudia Galicia, Marta Garcia, Laura Orgu\u00e9 y Mireia Mir\u00f3, destaca la actual n\u00famero 1 del mundo, la francesa Laetitia Roux, la tambi\u00e9n francesa Axelle Mollaret y la italiana Katia Tomatis.<\/p>\n<p><a href=\"http:\/\/www.conselharan.org\/wp-content\/uploads\/2017\/03\/file-2.jpeg\"><img loading=\"lazy\" decoding=\"async\" class=\"aligncenter size-large wp-image-16459\" src=\"http:\/\/www.conselharan.org\/wp-content\/uploads\/2017\/03\/file-2-1024x576.jpeg\" alt=\"file\" width=\"1024\" height=\"576\" srcset=\"https:\/\/www.conselharan.org\/wp-content\/uploads\/2017\/03\/file-2-1024x576.jpeg 1024w, https:\/\/www.conselharan.org\/wp-content\/uploads\/2017\/03\/file-2-300x169.jpeg 300w, https:\/\/www.conselharan.org\/wp-content\/uploads\/2017\/03\/file-2-768x432.jpeg 768w, https:\/\/www.conselharan.org\/wp-content\/uploads\/2017\/03\/file-2.jpeg 2047w\" sizes=\"(max-width: 1024px) 100vw, 1024px\" \/><\/a><\/p>\n<p>Foto: @valdaranskimo<\/p>\n ","protected":false},"excerpt":{"rendered":"<p>Vielha, 16 de marzo de 2017.- El vicesindic d\u2019Aran, Lu\u00eds Carlos Medina, ha participado este mediod\u00eda en la sede del Centre Excursionista de Catalunya, en la presentaci\u00f3n de la World Cup Skimo que se disputar\u00e1 los d\u00edas 8 y 9 de abril en Valle de Aran. La Copa del Mundo de Esqu\u00ed de Monta\u00f1a, contar\u00e1&#8230;<\/p>\n","protected":false},"author":2,"featured_media":16460,"comment_status":"closed","ping_status":"closed","sticky":false,"template":"","format":"standard","meta":{"footnotes":""},"categories":[52],"tags":[],"_links":{"self":[{"href":"https:\/\/www.conselharan.org\/es\/wp-json\/wp\/v2\/posts\/16462"}],"collection":[{"href":"https:\/\/www.conselharan.org\/es\/wp-json\/wp\/v2\/posts"}],"about":[{"href":"https:\/\/www.conselharan.org\/es\/wp-json\/wp\/v2\/types\/post"}],"author":[{"embeddable":true,"href":"https:\/\/www.conselharan.org\/es\/wp-json\/wp\/v2\/users\/2"}],"replies":[{"embeddable":true,"href":"https:\/\/www.conselharan.org\/es\/wp-json\/wp\/v2\/comments?post=16462"}],"version-history":[{"count":1,"href":"https:\/\/www.conselharan.org\/es\/wp-json\/wp\/v2\/posts\/16462\/revisions"}],"predecessor-version":[{"id":16463,"href":"https:\/\/www.conselharan.org\/es\/wp-json\/wp\/v2\/posts\/16462\/revisions\/16463"}],"wp:featuredmedia":[{"embeddable":true,"href":"https:\/\/www.conselharan.org\/es\/wp-json\/wp\/v2\/media\/16460"}],"wp:attachment":[{"href":"https:\/\/www.conselharan.org\/es\/wp-json\/wp\/v2\/media?parent=16462"}],"wp:term":[{"taxonomy":"category","embeddable":true,"href":"https:\/\/www.conselharan.org\/es\/wp-json\/wp\/v2\/categories?post=16462"},{"taxonomy":"post_tag","embeddable":true,"href":"https:\/\/www.conselharan.org\/es\/wp-json\/wp\/v2\/tags?post=16462"}],"curies":[{"name":"wp","href":"https:\/\/api.w.org\/{rel}","templated":true}]}}