{"id":16478,"date":"2017-03-17T14:39:13","date_gmt":"2017-03-17T13:39:13","guid":{"rendered":"http:\/\/www.conselharan.org\/es\/?p=16478"},"modified":"2017-03-17T14:39:13","modified_gmt":"2017-03-17T13:39:13","slug":"torisme-val-daran-y-baqueira-participan-en-la-feria-salon-destinations-nature-de-paris","status":"publish","type":"post","link":"https:\/\/www.conselharan.org\/es\/torisme-val-daran-y-baqueira-participan-en-la-feria-salon-destinations-nature-de-paris\/","title":{"rendered":"Torisme Val d&#8217;Aran y Baqueira participan en la Feria Salon Destinations Nature de Par\u00eds"},"content":{"rendered":"<p>Vielha, 17 de marzo de 2017.- La conselh\u00e8ra de Turismo del Conselh Generau d\u2019Aran, <strong>Anna D\u00edaz<\/strong> acompa\u00f1ada de los representantes de <strong>Baqueira Beret<\/strong> participan estos d\u00edas en la Feria Salon Destinations Nature del 16 al 19 de marzo en Par\u00eds Expo Porte de Versailles.<\/p>\n<p><a href=\"http:\/\/www.conselharan.org\/wp-content\/uploads\/2017\/03\/IMG_5318.jpg\"><img loading=\"lazy\" decoding=\"async\" class=\"aligncenter size-large wp-image-16475\" src=\"http:\/\/www.conselharan.org\/wp-content\/uploads\/2017\/03\/IMG_5318-1024x768.jpg\" alt=\"IMG_5318\" width=\"1024\" height=\"768\" srcset=\"https:\/\/www.conselharan.org\/wp-content\/uploads\/2017\/03\/IMG_5318.jpg 1024w, https:\/\/www.conselharan.org\/wp-content\/uploads\/2017\/03\/IMG_5318-300x225.jpg 300w, https:\/\/www.conselharan.org\/wp-content\/uploads\/2017\/03\/IMG_5318-768x576.jpg 768w\" sizes=\"(max-width: 1024px) 100vw, 1024px\" \/><\/a><\/p>\n<p>Este Sal\u00f3n que est\u00e1 dedicado a los deportes al aire libre y vacaciones en la naturaleza, es el punto de encuentro de los amantes de la naturaleza y los viajes fuera de lo com\u00fan. Los visitantes podr\u00e1n descubrir la ideas y consejos sobre senderismo, senderos, marcha n\u00f3rdica, paseos a caballo, rutas en bicicleta, todo lo que ofrece la Val d&#8217;Aran en temporada de primavera y verano.<\/p>\n<p>El Sal\u00f3n que llega este a\u00f1o a la 33\u00aa edici\u00f3n, prev\u00e9 la asistencia de m\u00e1s de 70.000 visitantes.<\/p>\n<p>La participaci\u00f3n de Turismo Val d&#8217;Aran y Baqueira Beret en el Sal\u00f3n de Par\u00eds, responde a la voluntad de dar a conocer la completa oferta de turismo de monta\u00f1a y de deportes al aire libre de la Val d&#8217;Aran.<\/p>\n<p>Anna D\u00edaz, record\u00f3 que <strong>\u201ccon la implantaci\u00f3n del Sistema de Turismo Responsable y la obtenci\u00f3n del certificado Biosphere, el Valle de Ar\u00e1n avanza hacia un nuevo modelo de desarrollo tur\u00edstico basado en los principios de la sostenibilidad, la diversidad cultural y la responsabilidad social, lo que contribuye a que el Valle de Aran sea un destino tur\u00edstico basado en el respeto de su cultura, el medio ambiente y la responsabilidad\u00bb.<\/strong><\/p>\n<p>D\u00edaz ha a\u00f1adido que \u00abel Valle de Ar\u00e1n, es un destino tur\u00edstico competitivo que ofrece servicios de calidad a cualquier perfil de viajero\u00bb.<\/p>\n ","protected":false},"excerpt":{"rendered":"<p>Vielha, 17 de marzo de 2017.- La conselh\u00e8ra de Turismo del Conselh Generau d\u2019Aran, Anna D\u00edaz acompa\u00f1ada de los representantes de Baqueira Beret participan estos d\u00edas en la Feria Salon Destinations Nature del 16 al 19 de marzo en Par\u00eds Expo Porte de Versailles. Este Sal\u00f3n que est\u00e1 dedicado a los deportes al aire libre&#8230;<\/p>\n","protected":false},"author":2,"featured_media":16475,"comment_status":"closed","ping_status":"closed","sticky":false,"template":"","format":"standard","meta":{"footnotes":""},"categories":[34],"tags":[],"_links":{"self":[{"href":"https:\/\/www.conselharan.org\/es\/wp-json\/wp\/v2\/posts\/16478"}],"collection":[{"href":"https:\/\/www.conselharan.org\/es\/wp-json\/wp\/v2\/posts"}],"about":[{"href":"https:\/\/www.conselharan.org\/es\/wp-json\/wp\/v2\/types\/post"}],"author":[{"embeddable":true,"href":"https:\/\/www.conselharan.org\/es\/wp-json\/wp\/v2\/users\/2"}],"replies":[{"embeddable":true,"href":"https:\/\/www.conselharan.org\/es\/wp-json\/wp\/v2\/comments?post=16478"}],"version-history":[{"count":1,"href":"https:\/\/www.conselharan.org\/es\/wp-json\/wp\/v2\/posts\/16478\/revisions"}],"predecessor-version":[{"id":16479,"href":"https:\/\/www.conselharan.org\/es\/wp-json\/wp\/v2\/posts\/16478\/revisions\/16479"}],"wp:featuredmedia":[{"embeddable":true,"href":"https:\/\/www.conselharan.org\/es\/wp-json\/wp\/v2\/media\/16475"}],"wp:attachment":[{"href":"https:\/\/www.conselharan.org\/es\/wp-json\/wp\/v2\/media?parent=16478"}],"wp:term":[{"taxonomy":"category","embeddable":true,"href":"https:\/\/www.conselharan.org\/es\/wp-json\/wp\/v2\/categories?post=16478"},{"taxonomy":"post_tag","embeddable":true,"href":"https:\/\/www.conselharan.org\/es\/wp-json\/wp\/v2\/tags?post=16478"}],"curies":[{"name":"wp","href":"https:\/\/api.w.org\/{rel}","templated":true}]}}